{"id":989,"date":"2023-03-09T11:56:38","date_gmt":"2023-03-09T11:56:38","guid":{"rendered":"https:\/\/fedic.it\/magazine\/?p=989"},"modified":"2023-03-09T11:56:38","modified_gmt":"2023-03-09T11:56:38","slug":"editoriale-14","status":"publish","type":"post","link":"https:\/\/fedic.it\/magazine\/editoriale-14\/","title":{"rendered":"EDITORIALE"},"content":{"rendered":"<p>Nella sua Lettera il Presidente Lorenzo Caravello segnala il Progetto &#8220;I viaggi nel cinema&#8221; proposto da Sedicicorto di Forl\u00ec. Si tratta di un viaggio intorno al mondo che ogni tre mesi consente di scoprire la cinematografia di un paese diverso attraverso la visione di quattro cortometraggi rappresentativi dello stato dell&#8217;arte e della cultura di una nazione. Per ora la proposta riguarda lo Stato d&#8217;Israele e per questo \u00e8 stato inviato ai Presidenti dei Cineclub FEDIC un link per potervi accedere. Successivamente i Focus saranno dedicati ad Australia, South Korea e Turchia.<\/p>\n<p>FEDIC Magazine invita a leggere la Lettera del Presidente FEDIC e ad aderire al Progetto per poter ricevere da parte di Sedicicorto i link per poter vedere e far circuitare le opere proposte: \u00e8 un&#8217;ottima occasione per conoscere i cortometraggi di quei Paesi.<\/p>\n<p>L&#8217;UNICA quest&#8217;anno avr\u00e0 luogo a Comacchio, la piccola Venezia situata nel Delta del Po, che gi\u00e0 nel 1992 ospit\u00f2 con successo un Concorso internazionale. L\u2019iniziativa \u00e8 coordinata dal Cineclub FEDIC Delta del Po presieduto da Carlo Menegatti che l\u2019organizza con la fattiva collaborazione di Jacqueline Pante, Delegata FEDIC all\u2019UNICA.<\/p>\n<p>A Brescia da alcuni anni si svolge il Booktrailer Film Festival. Un\u2019iniziativa, che viene presentata anche al Forum\u00a0FEDIC di Venezia, la cui cerimonia quest\u2019anno avverr\u00e0 il 27 marzo a Brescia con la prestigiosa presenza del musicista Pivio, al secolo Roberto Pischiutta. Ne riferisce Laura Forcella Iascone, che da quest\u2019anno ritorna al timone dei quel Festival. L\u2019attivissimo Ugo Brusaporco organizza\u00a0con il Cineclub Verona, entrato recentemente nella FEDIC,\u00a0il Premio Giuseppe Becce, importante compositore di colonne sonore del Cinema Muto. \u00c8 un Premio della Critica Indipendente\u00a0che Ugo Brusaporco organizza da ben 15 anni. Ne d\u00e0 riscontro in questo numero di FEDIC Magazine che presenta anche altre iniziative di Cineclub FEDIC. Quella di Giorgio Bertuccioli, Presidente del CineVideoClub Pesaro, che ha organizzato per Sabato 11 marzo una Rassegna nazionale\u00a0di cortometraggi, ma anche quella di Lauro Crociani, Presidente di \u201cImmagini e Suono\u201d che da anni d\u00e0 vita alla storica trasmissione televisiva \u201cCorti Corsari\u201d.\u00a0 Grande successo ha avuto poi, come da articolo della Socia Flavia Cantini, il Festival Corti d\u2019Amore \u2013 Premio San Valentino organizzato a Savona dal\u00a0Circolo Savonese Cineamatori FEDIC presieduto da Nicol\u00f2 Zaccarini. Importante iniziativa \u00e8 poi quella di Giorgio Ricci del Cineclub FEDIC \u201cCesare Pandolfi\u201d di Pesaro che da alcuni mesi organizza degli Incontri sul Cortometraggio. L\u2019ultimo, di cui riferisce in questo numero di FEDIC Magazine, \u00e8 avvenuto all\u2019Alexander Museum Palace Hotel di Pesaro omaggiando cos\u00ec l\u2019operato del Conte Marcucci che ha fatto costruire l\u2019Hotel facendolo arredare da artisti contemporanei. Continua poi la Rubrica Tecniche Cinematografiche di Marco Rosati che questa volta la dedica al 3D, cio\u00e8 al cinema tridimensionale. In questo numero anche un articolo di Maurizio Villani che riferisce di un\u2019iniziativa del Caff\u00e8 Letterario Estense che ha chiamato per uno dei suoi Incontri il sottoscritto a parlare, come critico e storico del cinema, di importanti personaggi ferraresi (soprattutto Antonioni, Vancini, Quilici e Rambaldi) conosciuti nell\u2019ambito della sua sessantennale attivit\u00e0 nel Cinema.<\/p>\n<p>Buona lettura.<\/p>\n","protected":false},"excerpt":{"rendered":"<p>Nella sua Lettera il Presidente Lorenzo Caravello segnala il Progetto &#8220;I viaggi nel cinema&#8221; proposto da Sedicicorto di Forl\u00ec. Si tratta di un viaggio intorno al mondo che ogni tre mesi consente di scoprire la cinematografia di un paese diverso attraverso la visione di quattro cortometraggi rappresentativi dello stato dell&#8217;arte e della cultura di una [&hellip;]<\/p>\n","protected":false},"author":4,"featured_media":873,"comment_status":"closed","ping_status":"closed","sticky":false,"template":"","format":"standard","meta":{"footnotes":""},"categories":[2],"tags":[28],"class_list":["post-989","post","type-post","status-publish","format-standard","has-post-thumbnail","hentry","category-editoriale","tag-fedic-magazine-40"],"yoast_head":"<!-- This site is optimized with the Yoast SEO plugin v27.5 - https:\/\/yoast.com\/product\/yoast-seo-wordpress\/ -->\n<title>EDITORIALE - Fedic Magazine<\/title>\n<meta name=\"robots\" content=\"index, follow, max-snippet:-1, max-image-preview:large, max-video-preview:-1\" \/>\n<link rel=\"canonical\" href=\"https:\/\/fedic.it\/magazine\/editoriale-14\/\" \/>\n<meta property=\"og:locale\" content=\"it_IT\" \/>\n<meta property=\"og:type\" content=\"article\" \/>\n<meta property=\"og:title\" content=\"EDITORIALE - Fedic Magazine\" \/>\n<meta property=\"og:description\" content=\"Nella sua Lettera il Presidente Lorenzo Caravello segnala il Progetto &#8220;I viaggi nel cinema&#8221; proposto da Sedicicorto di Forl\u00ec. Si tratta di un viaggio intorno al mondo che ogni tre mesi consente di scoprire la cinematografia di un paese diverso attraverso la visione di quattro cortometraggi rappresentativi dello stato dell&#8217;arte e della cultura di una [&hellip;]\" \/>\n<meta property=\"og:url\" content=\"https:\/\/fedic.it\/magazine\/editoriale-14\/\" \/>\n<meta property=\"og:site_name\" content=\"Fedic Magazine\" \/>\n<meta property=\"article:published_time\" content=\"2023-03-09T11:56:38+00:00\" \/>\n<meta property=\"og:image\" content=\"https:\/\/fedic.it\/magazine\/wp-content\/uploads\/2022\/12\/1-editoriale.png\" \/>\n\t<meta property=\"og:image:width\" content=\"381\" \/>\n\t<meta property=\"og:image:height\" content=\"214\" \/>\n\t<meta property=\"og:image:type\" content=\"image\/png\" \/>\n<meta name=\"author\" content=\"redazione\" \/>\n<meta name=\"twitter:card\" content=\"summary_large_image\" \/>\n<meta name=\"twitter:label1\" content=\"Scritto da\" \/>\n\t<meta name=\"twitter:data1\" content=\"redazione\" \/>\n\t<meta name=\"twitter:label2\" content=\"Tempo di lettura stimato\" \/>\n\t<meta name=\"twitter:data2\" content=\"3 minuti\" \/>\n<script type=\"application\/ld+json\" class=\"yoast-schema-graph\">{\"@context\":\"https:\\\/\\\/schema.org\",\"@graph\":[{\"@type\":\"Article\",\"@id\":\"https:\\\/\\\/fedic.it\\\/magazine\\\/editoriale-14\\\/#article\",\"isPartOf\":{\"@id\":\"https:\\\/\\\/fedic.it\\\/magazine\\\/editoriale-14\\\/\"},\"author\":{\"name\":\"redazione\",\"@id\":\"https:\\\/\\\/fedic.it\\\/magazine\\\/#\\\/schema\\\/person\\\/49d2a224aa980c875e12fa73c5601332\"},\"headline\":\"EDITORIALE\",\"datePublished\":\"2023-03-09T11:56:38+00:00\",\"mainEntityOfPage\":{\"@id\":\"https:\\\/\\\/fedic.it\\\/magazine\\\/editoriale-14\\\/\"},\"wordCount\":510,\"publisher\":{\"@id\":\"https:\\\/\\\/fedic.it\\\/magazine\\\/#organization\"},\"image\":{\"@id\":\"https:\\\/\\\/fedic.it\\\/magazine\\\/editoriale-14\\\/#primaryimage\"},\"thumbnailUrl\":\"https:\\\/\\\/fedic.it\\\/magazine\\\/wp-content\\\/uploads\\\/2022\\\/12\\\/1-editoriale.png\",\"keywords\":[\"FEDIC Magazine 40\"],\"articleSection\":[\"Editoriale\"],\"inLanguage\":\"it-IT\"},{\"@type\":\"WebPage\",\"@id\":\"https:\\\/\\\/fedic.it\\\/magazine\\\/editoriale-14\\\/\",\"url\":\"https:\\\/\\\/fedic.it\\\/magazine\\\/editoriale-14\\\/\",\"name\":\"EDITORIALE - Fedic Magazine\",\"isPartOf\":{\"@id\":\"https:\\\/\\\/fedic.it\\\/magazine\\\/#website\"},\"primaryImageOfPage\":{\"@id\":\"https:\\\/\\\/fedic.it\\\/magazine\\\/editoriale-14\\\/#primaryimage\"},\"image\":{\"@id\":\"https:\\\/\\\/fedic.it\\\/magazine\\\/editoriale-14\\\/#primaryimage\"},\"thumbnailUrl\":\"https:\\\/\\\/fedic.it\\\/magazine\\\/wp-content\\\/uploads\\\/2022\\\/12\\\/1-editoriale.png\",\"datePublished\":\"2023-03-09T11:56:38+00:00\",\"breadcrumb\":{\"@id\":\"https:\\\/\\\/fedic.it\\\/magazine\\\/editoriale-14\\\/#breadcrumb\"},\"inLanguage\":\"it-IT\",\"potentialAction\":[{\"@type\":\"ReadAction\",\"target\":[\"https:\\\/\\\/fedic.it\\\/magazine\\\/editoriale-14\\\/\"]}]},{\"@type\":\"ImageObject\",\"inLanguage\":\"it-IT\",\"@id\":\"https:\\\/\\\/fedic.it\\\/magazine\\\/editoriale-14\\\/#primaryimage\",\"url\":\"https:\\\/\\\/fedic.it\\\/magazine\\\/wp-content\\\/uploads\\\/2022\\\/12\\\/1-editoriale.png\",\"contentUrl\":\"https:\\\/\\\/fedic.it\\\/magazine\\\/wp-content\\\/uploads\\\/2022\\\/12\\\/1-editoriale.png\",\"width\":381,\"height\":214},{\"@type\":\"BreadcrumbList\",\"@id\":\"https:\\\/\\\/fedic.it\\\/magazine\\\/editoriale-14\\\/#breadcrumb\",\"itemListElement\":[{\"@type\":\"ListItem\",\"position\":1,\"name\":\"Home\",\"item\":\"https:\\\/\\\/fedic.it\\\/magazine\\\/\"},{\"@type\":\"ListItem\",\"position\":2,\"name\":\"EDITORIALE\"}]},{\"@type\":\"WebSite\",\"@id\":\"https:\\\/\\\/fedic.it\\\/magazine\\\/#website\",\"url\":\"https:\\\/\\\/fedic.it\\\/magazine\\\/\",\"name\":\"Fedic Magazine\",\"description\":\"Il blog della Federazione Italiana dei Cineclub\",\"publisher\":{\"@id\":\"https:\\\/\\\/fedic.it\\\/magazine\\\/#organization\"},\"potentialAction\":[{\"@type\":\"SearchAction\",\"target\":{\"@type\":\"EntryPoint\",\"urlTemplate\":\"https:\\\/\\\/fedic.it\\\/magazine\\\/?s={search_term_string}\"},\"query-input\":{\"@type\":\"PropertyValueSpecification\",\"valueRequired\":true,\"valueName\":\"search_term_string\"}}],\"inLanguage\":\"it-IT\"},{\"@type\":\"Organization\",\"@id\":\"https:\\\/\\\/fedic.it\\\/magazine\\\/#organization\",\"name\":\"Fedic Magazine\",\"url\":\"https:\\\/\\\/fedic.it\\\/magazine\\\/\",\"logo\":{\"@type\":\"ImageObject\",\"inLanguage\":\"it-IT\",\"@id\":\"https:\\\/\\\/fedic.it\\\/magazine\\\/#\\\/schema\\\/logo\\\/image\\\/\",\"url\":\"https:\\\/\\\/fedic.it\\\/magazine\\\/wp-content\\\/uploads\\\/2021\\\/07\\\/logo-fedic-magazine-ok.jpg\",\"contentUrl\":\"https:\\\/\\\/fedic.it\\\/magazine\\\/wp-content\\\/uploads\\\/2021\\\/07\\\/logo-fedic-magazine-ok.jpg\",\"width\":405,\"height\":110,\"caption\":\"Fedic Magazine\"},\"image\":{\"@id\":\"https:\\\/\\\/fedic.it\\\/magazine\\\/#\\\/schema\\\/logo\\\/image\\\/\"}},{\"@type\":\"Person\",\"@id\":\"https:\\\/\\\/fedic.it\\\/magazine\\\/#\\\/schema\\\/person\\\/49d2a224aa980c875e12fa73c5601332\",\"name\":\"redazione\",\"image\":{\"@type\":\"ImageObject\",\"inLanguage\":\"it-IT\",\"@id\":\"https:\\\/\\\/secure.gravatar.com\\\/avatar\\\/3df0bdaff167c479390d8c1d9ba8338511cc6ea40b290cd3d84683663005fd1c?s=96&d=mm&r=g\",\"url\":\"https:\\\/\\\/secure.gravatar.com\\\/avatar\\\/3df0bdaff167c479390d8c1d9ba8338511cc6ea40b290cd3d84683663005fd1c?s=96&d=mm&r=g\",\"contentUrl\":\"https:\\\/\\\/secure.gravatar.com\\\/avatar\\\/3df0bdaff167c479390d8c1d9ba8338511cc6ea40b290cd3d84683663005fd1c?s=96&d=mm&r=g\",\"caption\":\"redazione\"},\"url\":\"https:\\\/\\\/fedic.it\\\/magazine\\\/author\\\/redazione\\\/\"}]}<\/script>\n<!-- \/ Yoast SEO plugin. -->","yoast_head_json":{"title":"EDITORIALE - Fedic Magazine","robots":{"index":"index","follow":"follow","max-snippet":"max-snippet:-1","max-image-preview":"max-image-preview:large","max-video-preview":"max-video-preview:-1"},"canonical":"https:\/\/fedic.it\/magazine\/editoriale-14\/","og_locale":"it_IT","og_type":"article","og_title":"EDITORIALE - Fedic Magazine","og_description":"Nella sua Lettera il Presidente Lorenzo Caravello segnala il Progetto &#8220;I viaggi nel cinema&#8221; proposto da Sedicicorto di Forl\u00ec. Si tratta di un viaggio intorno al mondo che ogni tre mesi consente di scoprire la cinematografia di un paese diverso attraverso la visione di quattro cortometraggi rappresentativi dello stato dell&#8217;arte e della cultura di una [&hellip;]","og_url":"https:\/\/fedic.it\/magazine\/editoriale-14\/","og_site_name":"Fedic Magazine","article_published_time":"2023-03-09T11:56:38+00:00","og_image":[{"width":381,"height":214,"url":"https:\/\/fedic.it\/magazine\/wp-content\/uploads\/2022\/12\/1-editoriale.png","type":"image\/png"}],"author":"redazione","twitter_card":"summary_large_image","twitter_misc":{"Scritto da":"redazione","Tempo di lettura stimato":"3 minuti"},"schema":{"@context":"https:\/\/schema.org","@graph":[{"@type":"Article","@id":"https:\/\/fedic.it\/magazine\/editoriale-14\/#article","isPartOf":{"@id":"https:\/\/fedic.it\/magazine\/editoriale-14\/"},"author":{"name":"redazione","@id":"https:\/\/fedic.it\/magazine\/#\/schema\/person\/49d2a224aa980c875e12fa73c5601332"},"headline":"EDITORIALE","datePublished":"2023-03-09T11:56:38+00:00","mainEntityOfPage":{"@id":"https:\/\/fedic.it\/magazine\/editoriale-14\/"},"wordCount":510,"publisher":{"@id":"https:\/\/fedic.it\/magazine\/#organization"},"image":{"@id":"https:\/\/fedic.it\/magazine\/editoriale-14\/#primaryimage"},"thumbnailUrl":"https:\/\/fedic.it\/magazine\/wp-content\/uploads\/2022\/12\/1-editoriale.png","keywords":["FEDIC Magazine 40"],"articleSection":["Editoriale"],"inLanguage":"it-IT"},{"@type":"WebPage","@id":"https:\/\/fedic.it\/magazine\/editoriale-14\/","url":"https:\/\/fedic.it\/magazine\/editoriale-14\/","name":"EDITORIALE - Fedic Magazine","isPartOf":{"@id":"https:\/\/fedic.it\/magazine\/#website"},"primaryImageOfPage":{"@id":"https:\/\/fedic.it\/magazine\/editoriale-14\/#primaryimage"},"image":{"@id":"https:\/\/fedic.it\/magazine\/editoriale-14\/#primaryimage"},"thumbnailUrl":"https:\/\/fedic.it\/magazine\/wp-content\/uploads\/2022\/12\/1-editoriale.png","datePublished":"2023-03-09T11:56:38+00:00","breadcrumb":{"@id":"https:\/\/fedic.it\/magazine\/editoriale-14\/#breadcrumb"},"inLanguage":"it-IT","potentialAction":[{"@type":"ReadAction","target":["https:\/\/fedic.it\/magazine\/editoriale-14\/"]}]},{"@type":"ImageObject","inLanguage":"it-IT","@id":"https:\/\/fedic.it\/magazine\/editoriale-14\/#primaryimage","url":"https:\/\/fedic.it\/magazine\/wp-content\/uploads\/2022\/12\/1-editoriale.png","contentUrl":"https:\/\/fedic.it\/magazine\/wp-content\/uploads\/2022\/12\/1-editoriale.png","width":381,"height":214},{"@type":"BreadcrumbList","@id":"https:\/\/fedic.it\/magazine\/editoriale-14\/#breadcrumb","itemListElement":[{"@type":"ListItem","position":1,"name":"Home","item":"https:\/\/fedic.it\/magazine\/"},{"@type":"ListItem","position":2,"name":"EDITORIALE"}]},{"@type":"WebSite","@id":"https:\/\/fedic.it\/magazine\/#website","url":"https:\/\/fedic.it\/magazine\/","name":"Fedic Magazine","description":"Il blog della Federazione Italiana dei Cineclub","publisher":{"@id":"https:\/\/fedic.it\/magazine\/#organization"},"potentialAction":[{"@type":"SearchAction","target":{"@type":"EntryPoint","urlTemplate":"https:\/\/fedic.it\/magazine\/?s={search_term_string}"},"query-input":{"@type":"PropertyValueSpecification","valueRequired":true,"valueName":"search_term_string"}}],"inLanguage":"it-IT"},{"@type":"Organization","@id":"https:\/\/fedic.it\/magazine\/#organization","name":"Fedic Magazine","url":"https:\/\/fedic.it\/magazine\/","logo":{"@type":"ImageObject","inLanguage":"it-IT","@id":"https:\/\/fedic.it\/magazine\/#\/schema\/logo\/image\/","url":"https:\/\/fedic.it\/magazine\/wp-content\/uploads\/2021\/07\/logo-fedic-magazine-ok.jpg","contentUrl":"https:\/\/fedic.it\/magazine\/wp-content\/uploads\/2021\/07\/logo-fedic-magazine-ok.jpg","width":405,"height":110,"caption":"Fedic Magazine"},"image":{"@id":"https:\/\/fedic.it\/magazine\/#\/schema\/logo\/image\/"}},{"@type":"Person","@id":"https:\/\/fedic.it\/magazine\/#\/schema\/person\/49d2a224aa980c875e12fa73c5601332","name":"redazione","image":{"@type":"ImageObject","inLanguage":"it-IT","@id":"https:\/\/secure.gravatar.com\/avatar\/3df0bdaff167c479390d8c1d9ba8338511cc6ea40b290cd3d84683663005fd1c?s=96&d=mm&r=g","url":"https:\/\/secure.gravatar.com\/avatar\/3df0bdaff167c479390d8c1d9ba8338511cc6ea40b290cd3d84683663005fd1c?s=96&d=mm&r=g","contentUrl":"https:\/\/secure.gravatar.com\/avatar\/3df0bdaff167c479390d8c1d9ba8338511cc6ea40b290cd3d84683663005fd1c?s=96&d=mm&r=g","caption":"redazione"},"url":"https:\/\/fedic.it\/magazine\/author\/redazione\/"}]}},"jetpack_featured_media_url":"https:\/\/fedic.it\/magazine\/wp-content\/uploads\/2022\/12\/1-editoriale.png","_links":{"self":[{"href":"https:\/\/fedic.it\/magazine\/wp-json\/wp\/v2\/posts\/989","targetHints":{"allow":["GET"]}}],"collection":[{"href":"https:\/\/fedic.it\/magazine\/wp-json\/wp\/v2\/posts"}],"about":[{"href":"https:\/\/fedic.it\/magazine\/wp-json\/wp\/v2\/types\/post"}],"author":[{"embeddable":true,"href":"https:\/\/fedic.it\/magazine\/wp-json\/wp\/v2\/users\/4"}],"replies":[{"embeddable":true,"href":"https:\/\/fedic.it\/magazine\/wp-json\/wp\/v2\/comments?post=989"}],"version-history":[{"count":1,"href":"https:\/\/fedic.it\/magazine\/wp-json\/wp\/v2\/posts\/989\/revisions"}],"predecessor-version":[{"id":990,"href":"https:\/\/fedic.it\/magazine\/wp-json\/wp\/v2\/posts\/989\/revisions\/990"}],"wp:featuredmedia":[{"embeddable":true,"href":"https:\/\/fedic.it\/magazine\/wp-json\/wp\/v2\/media\/873"}],"wp:attachment":[{"href":"https:\/\/fedic.it\/magazine\/wp-json\/wp\/v2\/media?parent=989"}],"wp:term":[{"taxonomy":"category","embeddable":true,"href":"https:\/\/fedic.it\/magazine\/wp-json\/wp\/v2\/categories?post=989"},{"taxonomy":"post_tag","embeddable":true,"href":"https:\/\/fedic.it\/magazine\/wp-json\/wp\/v2\/tags?post=989"}],"curies":[{"name":"wp","href":"https:\/\/api.w.org\/{rel}","templated":true}]}}