{"id":978,"date":"2023-03-09T11:40:36","date_gmt":"2023-03-09T11:40:36","guid":{"rendered":"https:\/\/fedic.it\/magazine\/?p=978"},"modified":"2023-03-09T11:40:36","modified_gmt":"2023-03-09T11:40:36","slug":"premio-della-critica-internazionale-indipendente-al-filmfestival-di-berlino-2023","status":"publish","type":"post","link":"https:\/\/fedic.it\/magazine\/premio-della-critica-internazionale-indipendente-al-filmfestival-di-berlino-2023\/","title":{"rendered":"PREMIO DELLA CRITICA INTERNAZIONALE INDIPENDENTE AL FILMFESTIVAL DI BERLINO 2023"},"content":{"rendered":"<p>di Ugo Brusaporco<\/p>\n<p>Organizzato come sempre dal Cineclub Verona, da quest\u2019anno accompagnato dalla FEDIC, il Premio Giuseppe Becce 2023, giunto alla sua 15a edizione ha deciso di assegnare i suoi premi, come al solito scelti tra tutte le sezioni della Berlinale. Bisogna subito dire che il Becce non \u00e8 un Premio ufficiale, ma indipendente essendo il Premio della Critica Internazionale Indipendente al Filmfestival di Berlino 2023. La giuria \u00e8 stata presieduta dalla regista e scrittrice tedesca di origine argentina Cuini Amelio-Ortiz, e comprendeva il direttore della fotografia Davide Manelli e i giornalisti Stefano Vastano e Walter Rahue, tre italiani da decenni ormai residenti a Berlino. I premi assegnati: miglior film:\u201d El juicio\u201d\u00a0scritto e diretto da\u00a0Ulises de la Orden.<\/p>\n<figure id=\"attachment_959\" aria-describedby=\"caption-attachment-959\" style=\"width: 839px\" class=\"wp-caption aligncenter\"><img loading=\"lazy\" decoding=\"async\" class=\"size-full wp-image-959\" src=\"https:\/\/fedic.it\/magazine\/wp-content\/uploads\/2023\/03\/Unimmagine-di-El-juicio.png\" alt=\"\" width=\"839\" height=\"629\" srcset=\"https:\/\/fedic.it\/magazine\/wp-content\/uploads\/2023\/03\/Unimmagine-di-El-juicio.png 839w, https:\/\/fedic.it\/magazine\/wp-content\/uploads\/2023\/03\/Unimmagine-di-El-juicio-300x225.png 300w, https:\/\/fedic.it\/magazine\/wp-content\/uploads\/2023\/03\/Unimmagine-di-El-juicio-768x576.png 768w\" sizes=\"auto, (max-width: 839px) 100vw, 839px\" \/><figcaption id=\"caption-attachment-959\" class=\"wp-caption-text\">Un\u2019immagine di \u201cEl juicio\u201d<\/figcaption><\/figure>\n<p>Coprodotto da Argentina \/ Italia \/ Francia e Norvegia nel 2023, il film si \u00e8 visto al Forum. Si tratta di un film documentario di montaggio, nato da oltre 500 ore di filmati di documentazione girati nel 1985 durante il processo al Generale Videla e ai suoi accoliti per crimini come la tortura e per i desaparecidos. \u00c8 una lezione di cinema, di storia, di politica, di futuro. Il regista Ulises de la Orden emoziona lo spettatore e gli ricorda la follia criminale mai banale della parte peggiore di ogni uomo. Il processo alla Dittatura argentina del Generale Videla e dei suoi \u00e8 una lezione di civilt\u00e0. Miglior regista \u00e8 stato ritenuto\u00a0Chhatrapal Ninawe per \u201cGhaath\u201d India 2023, visto nella sezione Panorama. Con sincera adesione al tema del film, un ritratto psicologico senza mezzi termini della guerra civile che da oltre 50 anni imperversa nell&#8217;India centrale. Chhatrapal Ninawe, riesce a guidarlo, senza mai perdere il ritmo interno del racconto, valorizzando il lavoro di attrici e attori. Un regista che mostra sincerit\u00e0 e onesta dignit\u00e0 nell\u2019affrontare temi cos\u00ec drammatici come una guerra civile e la violenza sulle donne, offrendo lacerti di speranza.<\/p>\n<figure id=\"attachment_958\" aria-describedby=\"caption-attachment-958\" style=\"width: 839px\" class=\"wp-caption aligncenter\"><img loading=\"lazy\" decoding=\"async\" class=\"size-full wp-image-958\" src=\"https:\/\/fedic.it\/magazine\/wp-content\/uploads\/2023\/03\/Dal-film-Ghaath.png\" alt=\"\" width=\"839\" height=\"420\" srcset=\"https:\/\/fedic.it\/magazine\/wp-content\/uploads\/2023\/03\/Dal-film-Ghaath.png 839w, https:\/\/fedic.it\/magazine\/wp-content\/uploads\/2023\/03\/Dal-film-Ghaath-300x150.png 300w, https:\/\/fedic.it\/magazine\/wp-content\/uploads\/2023\/03\/Dal-film-Ghaath-768x384.png 768w\" sizes=\"auto, (max-width: 839px) 100vw, 839px\" \/><figcaption id=\"caption-attachment-958\" class=\"wp-caption-text\">Dal film \u201cGhaath\u201d<\/figcaption><\/figure>\n<p>Il premio come miglior attrice \u00e8 stato attribuito a\u00a0Sandra Umulisa per \u201cThe Bride\u201d scritto e diretto da Myriam U. Birara, visto al Forum. Con la motivazione: \u201cSandra Umulisa \u00e8 splendida nell\u2019affrontare un personaggio di donna cui niente viene regalato, una giovane allegra violentata da\u00a0un gruppo di uomini, e abusata dal marito, una donna che sa risorgere. Unica vera araba fenice della Storia umana\u201d.<\/p>\n<figure id=\"attachment_957\" aria-describedby=\"caption-attachment-957\" style=\"width: 535px\" class=\"wp-caption aligncenter\"><img loading=\"lazy\" decoding=\"async\" class=\"size-full wp-image-957\" src=\"https:\/\/fedic.it\/magazine\/wp-content\/uploads\/2023\/03\/La-regista-Myriam-U.-Birara.png\" alt=\"\" width=\"535\" height=\"535\" srcset=\"https:\/\/fedic.it\/magazine\/wp-content\/uploads\/2023\/03\/La-regista-Myriam-U.-Birara.png 535w, https:\/\/fedic.it\/magazine\/wp-content\/uploads\/2023\/03\/La-regista-Myriam-U.-Birara-300x300.png 300w, https:\/\/fedic.it\/magazine\/wp-content\/uploads\/2023\/03\/La-regista-Myriam-U.-Birara-150x150.png 150w, https:\/\/fedic.it\/magazine\/wp-content\/uploads\/2023\/03\/La-regista-Myriam-U.-Birara-90x90.png 90w\" sizes=\"auto, (max-width: 535px) 100vw, 535px\" \/><figcaption id=\"caption-attachment-957\" class=\"wp-caption-text\">La regista Myriam U. Birara<\/figcaption><\/figure>\n<p>Il Premio Becce \u00e8 stato consegnato a Berlino il\u00a024 Febbraio 2023. Giuseppe Becce, considerato &#8220;l&#8217;iniziatore del commento musicale cinematografico&#8221;, \u00e8 stato il vero e proprio punto di riferimento della musica per film europea negli anni del cinema muto. Autore di molte partiture, egli ha creato la &#8220;Kinothek&#8221; e, soprattutto, l&#8217; &#8220;Allgemeines Handbuch&#8221; destinati ad essere usati dai pianisti nelle sale del muto. Tra i suoi film: \u201cDas Cabinet des Dr. Caligari\u201d (1920) di Robert Wiene; Friedrich Wilhelm Murnau \u201cDer letzte Mann\u201d (1924), \u201cL&#8217;ultima risata\u201d e \u201cTart\u00fcff\u201d (\u201dTartufo\u201d, 1926); \u201cEkstase\u201d (\u201cEstasi\u201d, 1933) di Gustav Machat\u00fd e altri ancora.<\/p>\n","protected":false},"excerpt":{"rendered":"<p>di Ugo Brusaporco Organizzato come sempre dal Cineclub Verona, da quest\u2019anno accompagnato dalla FEDIC, il Premio Giuseppe Becce 2023, giunto alla sua 15a edizione ha deciso di assegnare i suoi premi, come al solito scelti tra tutte le sezioni della Berlinale. Bisogna subito dire che il Becce non \u00e8 un Premio ufficiale, ma indipendente essendo [&hellip;]<\/p>\n","protected":false},"author":4,"featured_media":0,"comment_status":"closed","ping_status":"closed","sticky":false,"template":"","format":"standard","meta":{"footnotes":""},"categories":[11],"tags":[28],"class_list":["post-978","post","type-post","status-publish","format-standard","hentry","category-fedic","tag-fedic-magazine-40"],"yoast_head":"<!-- This site is optimized with the Yoast SEO plugin v27.5 - https:\/\/yoast.com\/product\/yoast-seo-wordpress\/ -->\n<title>PREMIO DELLA CRITICA INTERNAZIONALE INDIPENDENTE AL FILMFESTIVAL DI BERLINO 2023 - Fedic Magazine<\/title>\n<meta name=\"robots\" content=\"index, follow, max-snippet:-1, max-image-preview:large, max-video-preview:-1\" \/>\n<link rel=\"canonical\" href=\"https:\/\/fedic.it\/magazine\/premio-della-critica-internazionale-indipendente-al-filmfestival-di-berlino-2023\/\" \/>\n<meta property=\"og:locale\" content=\"it_IT\" \/>\n<meta property=\"og:type\" content=\"article\" \/>\n<meta property=\"og:title\" content=\"PREMIO DELLA CRITICA INTERNAZIONALE INDIPENDENTE AL FILMFESTIVAL DI BERLINO 2023 - Fedic Magazine\" \/>\n<meta property=\"og:description\" content=\"di Ugo Brusaporco Organizzato come sempre dal Cineclub Verona, da quest\u2019anno accompagnato dalla FEDIC, il Premio Giuseppe Becce 2023, giunto alla sua 15a edizione ha deciso di assegnare i suoi premi, come al solito scelti tra tutte le sezioni della Berlinale. Bisogna subito dire che il Becce non \u00e8 un Premio ufficiale, ma indipendente essendo [&hellip;]\" \/>\n<meta property=\"og:url\" content=\"https:\/\/fedic.it\/magazine\/premio-della-critica-internazionale-indipendente-al-filmfestival-di-berlino-2023\/\" \/>\n<meta property=\"og:site_name\" content=\"Fedic Magazine\" \/>\n<meta property=\"article:published_time\" content=\"2023-03-09T11:40:36+00:00\" \/>\n<meta property=\"og:image\" content=\"https:\/\/fedic.it\/magazine\/wp-content\/uploads\/2023\/03\/Unimmagine-di-El-juicio.png\" \/>\n<meta name=\"author\" content=\"redazione\" \/>\n<meta name=\"twitter:card\" content=\"summary_large_image\" \/>\n<meta name=\"twitter:label1\" content=\"Scritto da\" \/>\n\t<meta name=\"twitter:data1\" content=\"redazione\" \/>\n\t<meta name=\"twitter:label2\" content=\"Tempo di lettura stimato\" \/>\n\t<meta name=\"twitter:data2\" content=\"4 minuti\" \/>\n<script type=\"application\/ld+json\" class=\"yoast-schema-graph\">{\"@context\":\"https:\\\/\\\/schema.org\",\"@graph\":[{\"@type\":\"Article\",\"@id\":\"https:\\\/\\\/fedic.it\\\/magazine\\\/premio-della-critica-internazionale-indipendente-al-filmfestival-di-berlino-2023\\\/#article\",\"isPartOf\":{\"@id\":\"https:\\\/\\\/fedic.it\\\/magazine\\\/premio-della-critica-internazionale-indipendente-al-filmfestival-di-berlino-2023\\\/\"},\"author\":{\"name\":\"redazione\",\"@id\":\"https:\\\/\\\/fedic.it\\\/magazine\\\/#\\\/schema\\\/person\\\/49d2a224aa980c875e12fa73c5601332\"},\"headline\":\"PREMIO DELLA CRITICA INTERNAZIONALE INDIPENDENTE AL FILMFESTIVAL DI BERLINO 2023\",\"datePublished\":\"2023-03-09T11:40:36+00:00\",\"mainEntityOfPage\":{\"@id\":\"https:\\\/\\\/fedic.it\\\/magazine\\\/premio-della-critica-internazionale-indipendente-al-filmfestival-di-berlino-2023\\\/\"},\"wordCount\":499,\"publisher\":{\"@id\":\"https:\\\/\\\/fedic.it\\\/magazine\\\/#organization\"},\"image\":{\"@id\":\"https:\\\/\\\/fedic.it\\\/magazine\\\/premio-della-critica-internazionale-indipendente-al-filmfestival-di-berlino-2023\\\/#primaryimage\"},\"thumbnailUrl\":\"https:\\\/\\\/fedic.it\\\/magazine\\\/wp-content\\\/uploads\\\/2023\\\/03\\\/Unimmagine-di-El-juicio.png\",\"keywords\":[\"FEDIC Magazine 40\"],\"articleSection\":[\"Fedic\"],\"inLanguage\":\"it-IT\"},{\"@type\":\"WebPage\",\"@id\":\"https:\\\/\\\/fedic.it\\\/magazine\\\/premio-della-critica-internazionale-indipendente-al-filmfestival-di-berlino-2023\\\/\",\"url\":\"https:\\\/\\\/fedic.it\\\/magazine\\\/premio-della-critica-internazionale-indipendente-al-filmfestival-di-berlino-2023\\\/\",\"name\":\"PREMIO DELLA CRITICA INTERNAZIONALE INDIPENDENTE AL FILMFESTIVAL DI BERLINO 2023 - Fedic Magazine\",\"isPartOf\":{\"@id\":\"https:\\\/\\\/fedic.it\\\/magazine\\\/#website\"},\"primaryImageOfPage\":{\"@id\":\"https:\\\/\\\/fedic.it\\\/magazine\\\/premio-della-critica-internazionale-indipendente-al-filmfestival-di-berlino-2023\\\/#primaryimage\"},\"image\":{\"@id\":\"https:\\\/\\\/fedic.it\\\/magazine\\\/premio-della-critica-internazionale-indipendente-al-filmfestival-di-berlino-2023\\\/#primaryimage\"},\"thumbnailUrl\":\"https:\\\/\\\/fedic.it\\\/magazine\\\/wp-content\\\/uploads\\\/2023\\\/03\\\/Unimmagine-di-El-juicio.png\",\"datePublished\":\"2023-03-09T11:40:36+00:00\",\"breadcrumb\":{\"@id\":\"https:\\\/\\\/fedic.it\\\/magazine\\\/premio-della-critica-internazionale-indipendente-al-filmfestival-di-berlino-2023\\\/#breadcrumb\"},\"inLanguage\":\"it-IT\",\"potentialAction\":[{\"@type\":\"ReadAction\",\"target\":[\"https:\\\/\\\/fedic.it\\\/magazine\\\/premio-della-critica-internazionale-indipendente-al-filmfestival-di-berlino-2023\\\/\"]}]},{\"@type\":\"ImageObject\",\"inLanguage\":\"it-IT\",\"@id\":\"https:\\\/\\\/fedic.it\\\/magazine\\\/premio-della-critica-internazionale-indipendente-al-filmfestival-di-berlino-2023\\\/#primaryimage\",\"url\":\"https:\\\/\\\/fedic.it\\\/magazine\\\/wp-content\\\/uploads\\\/2023\\\/03\\\/Unimmagine-di-El-juicio.png\",\"contentUrl\":\"https:\\\/\\\/fedic.it\\\/magazine\\\/wp-content\\\/uploads\\\/2023\\\/03\\\/Unimmagine-di-El-juicio.png\",\"width\":839,\"height\":629,\"caption\":\"Un\u2019immagine di \u201cEl juicio\u201d\"},{\"@type\":\"BreadcrumbList\",\"@id\":\"https:\\\/\\\/fedic.it\\\/magazine\\\/premio-della-critica-internazionale-indipendente-al-filmfestival-di-berlino-2023\\\/#breadcrumb\",\"itemListElement\":[{\"@type\":\"ListItem\",\"position\":1,\"name\":\"Home\",\"item\":\"https:\\\/\\\/fedic.it\\\/magazine\\\/\"},{\"@type\":\"ListItem\",\"position\":2,\"name\":\"PREMIO DELLA CRITICA INTERNAZIONALE INDIPENDENTE AL FILMFESTIVAL DI BERLINO 2023\"}]},{\"@type\":\"WebSite\",\"@id\":\"https:\\\/\\\/fedic.it\\\/magazine\\\/#website\",\"url\":\"https:\\\/\\\/fedic.it\\\/magazine\\\/\",\"name\":\"Fedic Magazine\",\"description\":\"Il blog della Federazione Italiana dei Cineclub\",\"publisher\":{\"@id\":\"https:\\\/\\\/fedic.it\\\/magazine\\\/#organization\"},\"potentialAction\":[{\"@type\":\"SearchAction\",\"target\":{\"@type\":\"EntryPoint\",\"urlTemplate\":\"https:\\\/\\\/fedic.it\\\/magazine\\\/?s={search_term_string}\"},\"query-input\":{\"@type\":\"PropertyValueSpecification\",\"valueRequired\":true,\"valueName\":\"search_term_string\"}}],\"inLanguage\":\"it-IT\"},{\"@type\":\"Organization\",\"@id\":\"https:\\\/\\\/fedic.it\\\/magazine\\\/#organization\",\"name\":\"Fedic Magazine\",\"url\":\"https:\\\/\\\/fedic.it\\\/magazine\\\/\",\"logo\":{\"@type\":\"ImageObject\",\"inLanguage\":\"it-IT\",\"@id\":\"https:\\\/\\\/fedic.it\\\/magazine\\\/#\\\/schema\\\/logo\\\/image\\\/\",\"url\":\"https:\\\/\\\/fedic.it\\\/magazine\\\/wp-content\\\/uploads\\\/2021\\\/07\\\/logo-fedic-magazine-ok.jpg\",\"contentUrl\":\"https:\\\/\\\/fedic.it\\\/magazine\\\/wp-content\\\/uploads\\\/2021\\\/07\\\/logo-fedic-magazine-ok.jpg\",\"width\":405,\"height\":110,\"caption\":\"Fedic Magazine\"},\"image\":{\"@id\":\"https:\\\/\\\/fedic.it\\\/magazine\\\/#\\\/schema\\\/logo\\\/image\\\/\"}},{\"@type\":\"Person\",\"@id\":\"https:\\\/\\\/fedic.it\\\/magazine\\\/#\\\/schema\\\/person\\\/49d2a224aa980c875e12fa73c5601332\",\"name\":\"redazione\",\"image\":{\"@type\":\"ImageObject\",\"inLanguage\":\"it-IT\",\"@id\":\"https:\\\/\\\/secure.gravatar.com\\\/avatar\\\/3df0bdaff167c479390d8c1d9ba8338511cc6ea40b290cd3d84683663005fd1c?s=96&d=mm&r=g\",\"url\":\"https:\\\/\\\/secure.gravatar.com\\\/avatar\\\/3df0bdaff167c479390d8c1d9ba8338511cc6ea40b290cd3d84683663005fd1c?s=96&d=mm&r=g\",\"contentUrl\":\"https:\\\/\\\/secure.gravatar.com\\\/avatar\\\/3df0bdaff167c479390d8c1d9ba8338511cc6ea40b290cd3d84683663005fd1c?s=96&d=mm&r=g\",\"caption\":\"redazione\"},\"url\":\"https:\\\/\\\/fedic.it\\\/magazine\\\/author\\\/redazione\\\/\"}]}<\/script>\n<!-- \/ Yoast SEO plugin. -->","yoast_head_json":{"title":"PREMIO DELLA CRITICA INTERNAZIONALE INDIPENDENTE AL FILMFESTIVAL DI BERLINO 2023 - Fedic Magazine","robots":{"index":"index","follow":"follow","max-snippet":"max-snippet:-1","max-image-preview":"max-image-preview:large","max-video-preview":"max-video-preview:-1"},"canonical":"https:\/\/fedic.it\/magazine\/premio-della-critica-internazionale-indipendente-al-filmfestival-di-berlino-2023\/","og_locale":"it_IT","og_type":"article","og_title":"PREMIO DELLA CRITICA INTERNAZIONALE INDIPENDENTE AL FILMFESTIVAL DI BERLINO 2023 - Fedic Magazine","og_description":"di Ugo Brusaporco Organizzato come sempre dal Cineclub Verona, da quest\u2019anno accompagnato dalla FEDIC, il Premio Giuseppe Becce 2023, giunto alla sua 15a edizione ha deciso di assegnare i suoi premi, come al solito scelti tra tutte le sezioni della Berlinale. Bisogna subito dire che il Becce non \u00e8 un Premio ufficiale, ma indipendente essendo [&hellip;]","og_url":"https:\/\/fedic.it\/magazine\/premio-della-critica-internazionale-indipendente-al-filmfestival-di-berlino-2023\/","og_site_name":"Fedic Magazine","article_published_time":"2023-03-09T11:40:36+00:00","og_image":[{"url":"https:\/\/fedic.it\/magazine\/wp-content\/uploads\/2023\/03\/Unimmagine-di-El-juicio.png","type":"","width":"","height":""}],"author":"redazione","twitter_card":"summary_large_image","twitter_misc":{"Scritto da":"redazione","Tempo di lettura stimato":"4 minuti"},"schema":{"@context":"https:\/\/schema.org","@graph":[{"@type":"Article","@id":"https:\/\/fedic.it\/magazine\/premio-della-critica-internazionale-indipendente-al-filmfestival-di-berlino-2023\/#article","isPartOf":{"@id":"https:\/\/fedic.it\/magazine\/premio-della-critica-internazionale-indipendente-al-filmfestival-di-berlino-2023\/"},"author":{"name":"redazione","@id":"https:\/\/fedic.it\/magazine\/#\/schema\/person\/49d2a224aa980c875e12fa73c5601332"},"headline":"PREMIO DELLA CRITICA INTERNAZIONALE INDIPENDENTE AL FILMFESTIVAL DI BERLINO 2023","datePublished":"2023-03-09T11:40:36+00:00","mainEntityOfPage":{"@id":"https:\/\/fedic.it\/magazine\/premio-della-critica-internazionale-indipendente-al-filmfestival-di-berlino-2023\/"},"wordCount":499,"publisher":{"@id":"https:\/\/fedic.it\/magazine\/#organization"},"image":{"@id":"https:\/\/fedic.it\/magazine\/premio-della-critica-internazionale-indipendente-al-filmfestival-di-berlino-2023\/#primaryimage"},"thumbnailUrl":"https:\/\/fedic.it\/magazine\/wp-content\/uploads\/2023\/03\/Unimmagine-di-El-juicio.png","keywords":["FEDIC Magazine 40"],"articleSection":["Fedic"],"inLanguage":"it-IT"},{"@type":"WebPage","@id":"https:\/\/fedic.it\/magazine\/premio-della-critica-internazionale-indipendente-al-filmfestival-di-berlino-2023\/","url":"https:\/\/fedic.it\/magazine\/premio-della-critica-internazionale-indipendente-al-filmfestival-di-berlino-2023\/","name":"PREMIO DELLA CRITICA INTERNAZIONALE INDIPENDENTE AL FILMFESTIVAL DI BERLINO 2023 - Fedic Magazine","isPartOf":{"@id":"https:\/\/fedic.it\/magazine\/#website"},"primaryImageOfPage":{"@id":"https:\/\/fedic.it\/magazine\/premio-della-critica-internazionale-indipendente-al-filmfestival-di-berlino-2023\/#primaryimage"},"image":{"@id":"https:\/\/fedic.it\/magazine\/premio-della-critica-internazionale-indipendente-al-filmfestival-di-berlino-2023\/#primaryimage"},"thumbnailUrl":"https:\/\/fedic.it\/magazine\/wp-content\/uploads\/2023\/03\/Unimmagine-di-El-juicio.png","datePublished":"2023-03-09T11:40:36+00:00","breadcrumb":{"@id":"https:\/\/fedic.it\/magazine\/premio-della-critica-internazionale-indipendente-al-filmfestival-di-berlino-2023\/#breadcrumb"},"inLanguage":"it-IT","potentialAction":[{"@type":"ReadAction","target":["https:\/\/fedic.it\/magazine\/premio-della-critica-internazionale-indipendente-al-filmfestival-di-berlino-2023\/"]}]},{"@type":"ImageObject","inLanguage":"it-IT","@id":"https:\/\/fedic.it\/magazine\/premio-della-critica-internazionale-indipendente-al-filmfestival-di-berlino-2023\/#primaryimage","url":"https:\/\/fedic.it\/magazine\/wp-content\/uploads\/2023\/03\/Unimmagine-di-El-juicio.png","contentUrl":"https:\/\/fedic.it\/magazine\/wp-content\/uploads\/2023\/03\/Unimmagine-di-El-juicio.png","width":839,"height":629,"caption":"Un\u2019immagine di \u201cEl juicio\u201d"},{"@type":"BreadcrumbList","@id":"https:\/\/fedic.it\/magazine\/premio-della-critica-internazionale-indipendente-al-filmfestival-di-berlino-2023\/#breadcrumb","itemListElement":[{"@type":"ListItem","position":1,"name":"Home","item":"https:\/\/fedic.it\/magazine\/"},{"@type":"ListItem","position":2,"name":"PREMIO DELLA CRITICA INTERNAZIONALE INDIPENDENTE AL FILMFESTIVAL DI BERLINO 2023"}]},{"@type":"WebSite","@id":"https:\/\/fedic.it\/magazine\/#website","url":"https:\/\/fedic.it\/magazine\/","name":"Fedic Magazine","description":"Il blog della Federazione Italiana dei Cineclub","publisher":{"@id":"https:\/\/fedic.it\/magazine\/#organization"},"potentialAction":[{"@type":"SearchAction","target":{"@type":"EntryPoint","urlTemplate":"https:\/\/fedic.it\/magazine\/?s={search_term_string}"},"query-input":{"@type":"PropertyValueSpecification","valueRequired":true,"valueName":"search_term_string"}}],"inLanguage":"it-IT"},{"@type":"Organization","@id":"https:\/\/fedic.it\/magazine\/#organization","name":"Fedic Magazine","url":"https:\/\/fedic.it\/magazine\/","logo":{"@type":"ImageObject","inLanguage":"it-IT","@id":"https:\/\/fedic.it\/magazine\/#\/schema\/logo\/image\/","url":"https:\/\/fedic.it\/magazine\/wp-content\/uploads\/2021\/07\/logo-fedic-magazine-ok.jpg","contentUrl":"https:\/\/fedic.it\/magazine\/wp-content\/uploads\/2021\/07\/logo-fedic-magazine-ok.jpg","width":405,"height":110,"caption":"Fedic Magazine"},"image":{"@id":"https:\/\/fedic.it\/magazine\/#\/schema\/logo\/image\/"}},{"@type":"Person","@id":"https:\/\/fedic.it\/magazine\/#\/schema\/person\/49d2a224aa980c875e12fa73c5601332","name":"redazione","image":{"@type":"ImageObject","inLanguage":"it-IT","@id":"https:\/\/secure.gravatar.com\/avatar\/3df0bdaff167c479390d8c1d9ba8338511cc6ea40b290cd3d84683663005fd1c?s=96&d=mm&r=g","url":"https:\/\/secure.gravatar.com\/avatar\/3df0bdaff167c479390d8c1d9ba8338511cc6ea40b290cd3d84683663005fd1c?s=96&d=mm&r=g","contentUrl":"https:\/\/secure.gravatar.com\/avatar\/3df0bdaff167c479390d8c1d9ba8338511cc6ea40b290cd3d84683663005fd1c?s=96&d=mm&r=g","caption":"redazione"},"url":"https:\/\/fedic.it\/magazine\/author\/redazione\/"}]}},"jetpack_featured_media_url":"","_links":{"self":[{"href":"https:\/\/fedic.it\/magazine\/wp-json\/wp\/v2\/posts\/978","targetHints":{"allow":["GET"]}}],"collection":[{"href":"https:\/\/fedic.it\/magazine\/wp-json\/wp\/v2\/posts"}],"about":[{"href":"https:\/\/fedic.it\/magazine\/wp-json\/wp\/v2\/types\/post"}],"author":[{"embeddable":true,"href":"https:\/\/fedic.it\/magazine\/wp-json\/wp\/v2\/users\/4"}],"replies":[{"embeddable":true,"href":"https:\/\/fedic.it\/magazine\/wp-json\/wp\/v2\/comments?post=978"}],"version-history":[{"count":1,"href":"https:\/\/fedic.it\/magazine\/wp-json\/wp\/v2\/posts\/978\/revisions"}],"predecessor-version":[{"id":979,"href":"https:\/\/fedic.it\/magazine\/wp-json\/wp\/v2\/posts\/978\/revisions\/979"}],"wp:attachment":[{"href":"https:\/\/fedic.it\/magazine\/wp-json\/wp\/v2\/media?parent=978"}],"wp:term":[{"taxonomy":"category","embeddable":true,"href":"https:\/\/fedic.it\/magazine\/wp-json\/wp\/v2\/categories?post=978"},{"taxonomy":"post_tag","embeddable":true,"href":"https:\/\/fedic.it\/magazine\/wp-json\/wp\/v2\/tags?post=978"}],"curies":[{"name":"wp","href":"https:\/\/api.w.org\/{rel}","templated":true}]}}