{"id":840,"date":"2022-11-11T08:39:17","date_gmt":"2022-11-11T08:39:17","guid":{"rendered":"https:\/\/fedic.it\/magazine\/?p=840"},"modified":"2022-11-11T08:39:17","modified_gmt":"2022-11-11T08:39:17","slug":"anteprima-cortometraggi-a-immagini-e-suono-di-chianciano","status":"publish","type":"post","link":"https:\/\/fedic.it\/magazine\/anteprima-cortometraggi-a-immagini-e-suono-di-chianciano\/","title":{"rendered":"ANTEPRIMA CORTOMETRAGGI A \u201cImmagini e Suono\u201d di Chianciano"},"content":{"rendered":"<p><strong>di Lauro Crociani<\/strong><\/p>\n<p>Anche quest\u2019anno si \u00e8 tenuta la serata \u201cAnteprima Cortometraggi\u201d al Teatro Caos di Chianciano, esattamente venerd\u00ec 21 ottobre 2022.<br \/>\nLa proiezione \u00e8 piaciuta e ci sono stati molti apprezzamenti per due corti su tutti: \u201c<em>La Porziuncola<\/em>\u201d e \u201c<em>Dio \u00e8 morto<\/em>\u201d entrambi di Lauro Crociani. Due videoclips di molta intensit\u00e0 emotiva che il pubblico ha voluto commentare a fine proiezione.<br \/>\nDa dire che alcuni lavori sono stati dei documentari fotografici con relativa musica. Infatti Vincent Gattuso ha proiettato \u201c<em>La vita sul lago<\/em>\u201d, Alessandro Cioli ha dedicato due video poesie \u201c<em>Silenzio<\/em>\u201d e \u201c<em>Addio<\/em>\u201d e l\u2019ospite Alfredo Falvo \u201c<em>Reportage Congo<\/em>\u201d riguardante lo sfruttamento minorile nelle miniere di cobalto.<br \/>\nEmanuela Cioli ha presentato questo evento che raccoglie amici e ammiratori di \u201cImmagini e Suono- Fedic Chianciano Terme\u201d, un gruppo che continua nel tempo a proporre i suoi lavori. Come hanno sottolineato alcuni partecipanti nei post \u201c<em>grazie, <\/em><em>come sempre emozioni, risate, leggerezza e riflessioni<\/em>\u201d. \u00c8 questa una testimonianza di un obiettivo raggiunto, \u00e8 ci\u00f2 che volevamo.<\/p>\n<figure id=\"attachment_812\" aria-describedby=\"caption-attachment-812\" style=\"width: 481px\" class=\"wp-caption aligncenter\"><img loading=\"lazy\" decoding=\"async\" class=\"size-full wp-image-812\" src=\"https:\/\/fedic.it\/magazine\/wp-content\/uploads\/2022\/11\/Lo-Staff-del-Festival-da-sin.-Lauro-Crociani-Fabio-Pirastu-e-Angelo-Provenda.png\" alt=\"\" width=\"481\" height=\"320\" srcset=\"https:\/\/fedic.it\/magazine\/wp-content\/uploads\/2022\/11\/Lo-Staff-del-Festival-da-sin.-Lauro-Crociani-Fabio-Pirastu-e-Angelo-Provenda.png 481w, https:\/\/fedic.it\/magazine\/wp-content\/uploads\/2022\/11\/Lo-Staff-del-Festival-da-sin.-Lauro-Crociani-Fabio-Pirastu-e-Angelo-Provenda-300x200.png 300w, https:\/\/fedic.it\/magazine\/wp-content\/uploads\/2022\/11\/Lo-Staff-del-Festival-da-sin.-Lauro-Crociani-Fabio-Pirastu-e-Angelo-Provenda-360x241.png 360w\" sizes=\"auto, (max-width: 481px) 100vw, 481px\" \/><figcaption id=\"caption-attachment-812\" class=\"wp-caption-text\">Lo Staff del Festival: da sin. Lauro Crociani, Fabio Pirastu e Angelo Provenda<\/figcaption><\/figure>\n<p>&nbsp;<\/p>\n<figure id=\"attachment_811\" aria-describedby=\"caption-attachment-811\" style=\"width: 479px\" class=\"wp-caption aligncenter\"><img loading=\"lazy\" decoding=\"async\" class=\"size-full wp-image-811\" src=\"https:\/\/fedic.it\/magazine\/wp-content\/uploads\/2022\/11\/Cristiana-Vitalesta-e-Paola-Toppi-.png\" alt=\"\" width=\"479\" height=\"320\" srcset=\"https:\/\/fedic.it\/magazine\/wp-content\/uploads\/2022\/11\/Cristiana-Vitalesta-e-Paola-Toppi-.png 479w, https:\/\/fedic.it\/magazine\/wp-content\/uploads\/2022\/11\/Cristiana-Vitalesta-e-Paola-Toppi--300x200.png 300w, https:\/\/fedic.it\/magazine\/wp-content\/uploads\/2022\/11\/Cristiana-Vitalesta-e-Paola-Toppi--360x241.png 360w\" sizes=\"auto, (max-width: 479px) 100vw, 479px\" \/><figcaption id=\"caption-attachment-811\" class=\"wp-caption-text\">Cristiana Vitalesta e Paola Toppi<\/figcaption><\/figure>\n<p>Ancora per le proiezioni: \u201c<em>Onoda, l\u2019ultimo guerriero<\/em>\u201d \u00e8 stata una riflessione sulla cittadina e la crisi intera del settore termale italiano. Non potevano mancare quattro cortometraggi comici che hanno rallegrato il pubblico sempre generoso negli applausi. Giuseppe Savinelli ha interpretato \u201c<em>Dio \u00e8 morto<\/em>\u201d di Francesco Guccini suscitando notevoli emozioni, un testo ancora attualissimo.<br \/>\nFabio Pirastu era addetto alle luci, Cristiana Vitalesta alla distribuzione Dvd, Fiorella e Rosanna Ercolanetti erano le badesse del Teatro, Vincent Gattuso fotografo in sala: come gi\u00e0 detto, Emanuela Cioli ha condotto la serata con la solita signorilit\u00e0.<br \/>\nVisti i tempi difficili con i cinema quasi vuoti per i tanti che per la paura non escono pi\u00f9 di casa la sera, noi siamo felici del risultato e il gradimento raggiunto. Grazie a tutti.<\/p>\n<figure id=\"attachment_810\" aria-describedby=\"caption-attachment-810\" style=\"width: 1004px\" class=\"wp-caption aligncenter\"><img loading=\"lazy\" decoding=\"async\" class=\"size-full wp-image-810\" src=\"https:\/\/fedic.it\/magazine\/wp-content\/uploads\/2022\/11\/Foto-di-gruppo-con-gli-autori-e-attori-di-Immagine-e-Suono-partecipanti-con-dei-cortometraggi-alla-cerimonia-conclusiva-del-Festival..png\" alt=\"\" width=\"1004\" height=\"533\" srcset=\"https:\/\/fedic.it\/magazine\/wp-content\/uploads\/2022\/11\/Foto-di-gruppo-con-gli-autori-e-attori-di-Immagine-e-Suono-partecipanti-con-dei-cortometraggi-alla-cerimonia-conclusiva-del-Festival..png 1004w, https:\/\/fedic.it\/magazine\/wp-content\/uploads\/2022\/11\/Foto-di-gruppo-con-gli-autori-e-attori-di-Immagine-e-Suono-partecipanti-con-dei-cortometraggi-alla-cerimonia-conclusiva-del-Festival.-300x159.png 300w, https:\/\/fedic.it\/magazine\/wp-content\/uploads\/2022\/11\/Foto-di-gruppo-con-gli-autori-e-attori-di-Immagine-e-Suono-partecipanti-con-dei-cortometraggi-alla-cerimonia-conclusiva-del-Festival.-768x408.png 768w\" sizes=\"auto, (max-width: 1004px) 100vw, 1004px\" \/><figcaption id=\"caption-attachment-810\" class=\"wp-caption-text\">Foto di gruppo con gli autori e attori di Immagine e Suono partecipanti con dei cortometraggi alla cerimonia conclusiva del Festival.<\/figcaption><\/figure>\n","protected":false},"excerpt":{"rendered":"<p>di Lauro Crociani Anche quest\u2019anno si \u00e8 tenuta la serata \u201cAnteprima Cortometraggi\u201d al Teatro Caos di Chianciano, esattamente venerd\u00ec 21 ottobre 2022. La proiezione \u00e8 piaciuta e ci sono stati molti apprezzamenti per due corti su tutti: \u201cLa Porziuncola\u201d e \u201cDio \u00e8 morto\u201d entrambi di Lauro Crociani. Due videoclips di molta intensit\u00e0 emotiva che il [&hellip;]<\/p>\n","protected":false},"author":4,"featured_media":0,"comment_status":"closed","ping_status":"closed","sticky":false,"template":"","format":"standard","meta":{"footnotes":""},"categories":[4],"tags":[25],"class_list":["post-840","post","type-post","status-publish","format-standard","hentry","category-festival","tag-fedic-magazine-37"],"yoast_head":"<!-- This site is optimized with the Yoast SEO plugin v27.5 - https:\/\/yoast.com\/product\/yoast-seo-wordpress\/ -->\n<title>ANTEPRIMA CORTOMETRAGGI A \u201cImmagini e Suono\u201d di Chianciano - Fedic Magazine<\/title>\n<meta name=\"robots\" content=\"index, follow, max-snippet:-1, max-image-preview:large, max-video-preview:-1\" \/>\n<link rel=\"canonical\" href=\"https:\/\/fedic.it\/magazine\/anteprima-cortometraggi-a-immagini-e-suono-di-chianciano\/\" \/>\n<meta property=\"og:locale\" content=\"it_IT\" \/>\n<meta property=\"og:type\" content=\"article\" \/>\n<meta property=\"og:title\" content=\"ANTEPRIMA CORTOMETRAGGI A \u201cImmagini e Suono\u201d di Chianciano - Fedic Magazine\" \/>\n<meta property=\"og:description\" content=\"di Lauro Crociani Anche quest\u2019anno si \u00e8 tenuta la serata \u201cAnteprima Cortometraggi\u201d al Teatro Caos di Chianciano, esattamente venerd\u00ec 21 ottobre 2022. La proiezione \u00e8 piaciuta e ci sono stati molti apprezzamenti per due corti su tutti: \u201cLa Porziuncola\u201d e \u201cDio \u00e8 morto\u201d entrambi di Lauro Crociani. Due videoclips di molta intensit\u00e0 emotiva che il [&hellip;]\" \/>\n<meta property=\"og:url\" content=\"https:\/\/fedic.it\/magazine\/anteprima-cortometraggi-a-immagini-e-suono-di-chianciano\/\" \/>\n<meta property=\"og:site_name\" content=\"Fedic Magazine\" \/>\n<meta property=\"article:published_time\" content=\"2022-11-11T08:39:17+00:00\" \/>\n<meta property=\"og:image\" content=\"https:\/\/fedic.it\/magazine\/wp-content\/uploads\/2022\/11\/Lo-Staff-del-Festival-da-sin.-Lauro-Crociani-Fabio-Pirastu-e-Angelo-Provenda.png\" \/>\n<meta name=\"author\" content=\"redazione\" \/>\n<meta name=\"twitter:card\" content=\"summary_large_image\" \/>\n<meta name=\"twitter:label1\" content=\"Scritto da\" \/>\n\t<meta name=\"twitter:data1\" content=\"redazione\" \/>\n\t<meta name=\"twitter:label2\" content=\"Tempo di lettura stimato\" \/>\n\t<meta name=\"twitter:data2\" content=\"3 minuti\" \/>\n<script type=\"application\/ld+json\" class=\"yoast-schema-graph\">{\"@context\":\"https:\\\/\\\/schema.org\",\"@graph\":[{\"@type\":\"Article\",\"@id\":\"https:\\\/\\\/fedic.it\\\/magazine\\\/anteprima-cortometraggi-a-immagini-e-suono-di-chianciano\\\/#article\",\"isPartOf\":{\"@id\":\"https:\\\/\\\/fedic.it\\\/magazine\\\/anteprima-cortometraggi-a-immagini-e-suono-di-chianciano\\\/\"},\"author\":{\"name\":\"redazione\",\"@id\":\"https:\\\/\\\/fedic.it\\\/magazine\\\/#\\\/schema\\\/person\\\/49d2a224aa980c875e12fa73c5601332\"},\"headline\":\"ANTEPRIMA CORTOMETRAGGI A \u201cImmagini e Suono\u201d di Chianciano\",\"datePublished\":\"2022-11-11T08:39:17+00:00\",\"mainEntityOfPage\":{\"@id\":\"https:\\\/\\\/fedic.it\\\/magazine\\\/anteprima-cortometraggi-a-immagini-e-suono-di-chianciano\\\/\"},\"wordCount\":353,\"publisher\":{\"@id\":\"https:\\\/\\\/fedic.it\\\/magazine\\\/#organization\"},\"image\":{\"@id\":\"https:\\\/\\\/fedic.it\\\/magazine\\\/anteprima-cortometraggi-a-immagini-e-suono-di-chianciano\\\/#primaryimage\"},\"thumbnailUrl\":\"https:\\\/\\\/fedic.it\\\/magazine\\\/wp-content\\\/uploads\\\/2022\\\/11\\\/Lo-Staff-del-Festival-da-sin.-Lauro-Crociani-Fabio-Pirastu-e-Angelo-Provenda.png\",\"keywords\":[\"FEDIC Magazine 37\"],\"articleSection\":[\"Festival\"],\"inLanguage\":\"it-IT\"},{\"@type\":\"WebPage\",\"@id\":\"https:\\\/\\\/fedic.it\\\/magazine\\\/anteprima-cortometraggi-a-immagini-e-suono-di-chianciano\\\/\",\"url\":\"https:\\\/\\\/fedic.it\\\/magazine\\\/anteprima-cortometraggi-a-immagini-e-suono-di-chianciano\\\/\",\"name\":\"ANTEPRIMA CORTOMETRAGGI A \u201cImmagini e Suono\u201d di Chianciano - Fedic Magazine\",\"isPartOf\":{\"@id\":\"https:\\\/\\\/fedic.it\\\/magazine\\\/#website\"},\"primaryImageOfPage\":{\"@id\":\"https:\\\/\\\/fedic.it\\\/magazine\\\/anteprima-cortometraggi-a-immagini-e-suono-di-chianciano\\\/#primaryimage\"},\"image\":{\"@id\":\"https:\\\/\\\/fedic.it\\\/magazine\\\/anteprima-cortometraggi-a-immagini-e-suono-di-chianciano\\\/#primaryimage\"},\"thumbnailUrl\":\"https:\\\/\\\/fedic.it\\\/magazine\\\/wp-content\\\/uploads\\\/2022\\\/11\\\/Lo-Staff-del-Festival-da-sin.-Lauro-Crociani-Fabio-Pirastu-e-Angelo-Provenda.png\",\"datePublished\":\"2022-11-11T08:39:17+00:00\",\"breadcrumb\":{\"@id\":\"https:\\\/\\\/fedic.it\\\/magazine\\\/anteprima-cortometraggi-a-immagini-e-suono-di-chianciano\\\/#breadcrumb\"},\"inLanguage\":\"it-IT\",\"potentialAction\":[{\"@type\":\"ReadAction\",\"target\":[\"https:\\\/\\\/fedic.it\\\/magazine\\\/anteprima-cortometraggi-a-immagini-e-suono-di-chianciano\\\/\"]}]},{\"@type\":\"ImageObject\",\"inLanguage\":\"it-IT\",\"@id\":\"https:\\\/\\\/fedic.it\\\/magazine\\\/anteprima-cortometraggi-a-immagini-e-suono-di-chianciano\\\/#primaryimage\",\"url\":\"https:\\\/\\\/fedic.it\\\/magazine\\\/wp-content\\\/uploads\\\/2022\\\/11\\\/Lo-Staff-del-Festival-da-sin.-Lauro-Crociani-Fabio-Pirastu-e-Angelo-Provenda.png\",\"contentUrl\":\"https:\\\/\\\/fedic.it\\\/magazine\\\/wp-content\\\/uploads\\\/2022\\\/11\\\/Lo-Staff-del-Festival-da-sin.-Lauro-Crociani-Fabio-Pirastu-e-Angelo-Provenda.png\",\"width\":481,\"height\":320,\"caption\":\"Lo Staff del Festival: da sin. Lauro Crociani, Fabio Pirastu e Angelo Provenda\"},{\"@type\":\"BreadcrumbList\",\"@id\":\"https:\\\/\\\/fedic.it\\\/magazine\\\/anteprima-cortometraggi-a-immagini-e-suono-di-chianciano\\\/#breadcrumb\",\"itemListElement\":[{\"@type\":\"ListItem\",\"position\":1,\"name\":\"Home\",\"item\":\"https:\\\/\\\/fedic.it\\\/magazine\\\/\"},{\"@type\":\"ListItem\",\"position\":2,\"name\":\"ANTEPRIMA CORTOMETRAGGI A \u201cImmagini e Suono\u201d di Chianciano\"}]},{\"@type\":\"WebSite\",\"@id\":\"https:\\\/\\\/fedic.it\\\/magazine\\\/#website\",\"url\":\"https:\\\/\\\/fedic.it\\\/magazine\\\/\",\"name\":\"Fedic Magazine\",\"description\":\"Il blog della Federazione Italiana dei Cineclub\",\"publisher\":{\"@id\":\"https:\\\/\\\/fedic.it\\\/magazine\\\/#organization\"},\"potentialAction\":[{\"@type\":\"SearchAction\",\"target\":{\"@type\":\"EntryPoint\",\"urlTemplate\":\"https:\\\/\\\/fedic.it\\\/magazine\\\/?s={search_term_string}\"},\"query-input\":{\"@type\":\"PropertyValueSpecification\",\"valueRequired\":true,\"valueName\":\"search_term_string\"}}],\"inLanguage\":\"it-IT\"},{\"@type\":\"Organization\",\"@id\":\"https:\\\/\\\/fedic.it\\\/magazine\\\/#organization\",\"name\":\"Fedic Magazine\",\"url\":\"https:\\\/\\\/fedic.it\\\/magazine\\\/\",\"logo\":{\"@type\":\"ImageObject\",\"inLanguage\":\"it-IT\",\"@id\":\"https:\\\/\\\/fedic.it\\\/magazine\\\/#\\\/schema\\\/logo\\\/image\\\/\",\"url\":\"https:\\\/\\\/fedic.it\\\/magazine\\\/wp-content\\\/uploads\\\/2021\\\/07\\\/logo-fedic-magazine-ok.jpg\",\"contentUrl\":\"https:\\\/\\\/fedic.it\\\/magazine\\\/wp-content\\\/uploads\\\/2021\\\/07\\\/logo-fedic-magazine-ok.jpg\",\"width\":405,\"height\":110,\"caption\":\"Fedic Magazine\"},\"image\":{\"@id\":\"https:\\\/\\\/fedic.it\\\/magazine\\\/#\\\/schema\\\/logo\\\/image\\\/\"}},{\"@type\":\"Person\",\"@id\":\"https:\\\/\\\/fedic.it\\\/magazine\\\/#\\\/schema\\\/person\\\/49d2a224aa980c875e12fa73c5601332\",\"name\":\"redazione\",\"image\":{\"@type\":\"ImageObject\",\"inLanguage\":\"it-IT\",\"@id\":\"https:\\\/\\\/secure.gravatar.com\\\/avatar\\\/3df0bdaff167c479390d8c1d9ba8338511cc6ea40b290cd3d84683663005fd1c?s=96&d=mm&r=g\",\"url\":\"https:\\\/\\\/secure.gravatar.com\\\/avatar\\\/3df0bdaff167c479390d8c1d9ba8338511cc6ea40b290cd3d84683663005fd1c?s=96&d=mm&r=g\",\"contentUrl\":\"https:\\\/\\\/secure.gravatar.com\\\/avatar\\\/3df0bdaff167c479390d8c1d9ba8338511cc6ea40b290cd3d84683663005fd1c?s=96&d=mm&r=g\",\"caption\":\"redazione\"},\"url\":\"https:\\\/\\\/fedic.it\\\/magazine\\\/author\\\/redazione\\\/\"}]}<\/script>\n<!-- \/ Yoast SEO plugin. -->","yoast_head_json":{"title":"ANTEPRIMA CORTOMETRAGGI A \u201cImmagini e Suono\u201d di Chianciano - Fedic Magazine","robots":{"index":"index","follow":"follow","max-snippet":"max-snippet:-1","max-image-preview":"max-image-preview:large","max-video-preview":"max-video-preview:-1"},"canonical":"https:\/\/fedic.it\/magazine\/anteprima-cortometraggi-a-immagini-e-suono-di-chianciano\/","og_locale":"it_IT","og_type":"article","og_title":"ANTEPRIMA CORTOMETRAGGI A \u201cImmagini e Suono\u201d di Chianciano - Fedic Magazine","og_description":"di Lauro Crociani Anche quest\u2019anno si \u00e8 tenuta la serata \u201cAnteprima Cortometraggi\u201d al Teatro Caos di Chianciano, esattamente venerd\u00ec 21 ottobre 2022. La proiezione \u00e8 piaciuta e ci sono stati molti apprezzamenti per due corti su tutti: \u201cLa Porziuncola\u201d e \u201cDio \u00e8 morto\u201d entrambi di Lauro Crociani. Due videoclips di molta intensit\u00e0 emotiva che il [&hellip;]","og_url":"https:\/\/fedic.it\/magazine\/anteprima-cortometraggi-a-immagini-e-suono-di-chianciano\/","og_site_name":"Fedic Magazine","article_published_time":"2022-11-11T08:39:17+00:00","og_image":[{"url":"https:\/\/fedic.it\/magazine\/wp-content\/uploads\/2022\/11\/Lo-Staff-del-Festival-da-sin.-Lauro-Crociani-Fabio-Pirastu-e-Angelo-Provenda.png","type":"","width":"","height":""}],"author":"redazione","twitter_card":"summary_large_image","twitter_misc":{"Scritto da":"redazione","Tempo di lettura stimato":"3 minuti"},"schema":{"@context":"https:\/\/schema.org","@graph":[{"@type":"Article","@id":"https:\/\/fedic.it\/magazine\/anteprima-cortometraggi-a-immagini-e-suono-di-chianciano\/#article","isPartOf":{"@id":"https:\/\/fedic.it\/magazine\/anteprima-cortometraggi-a-immagini-e-suono-di-chianciano\/"},"author":{"name":"redazione","@id":"https:\/\/fedic.it\/magazine\/#\/schema\/person\/49d2a224aa980c875e12fa73c5601332"},"headline":"ANTEPRIMA CORTOMETRAGGI A \u201cImmagini e Suono\u201d di Chianciano","datePublished":"2022-11-11T08:39:17+00:00","mainEntityOfPage":{"@id":"https:\/\/fedic.it\/magazine\/anteprima-cortometraggi-a-immagini-e-suono-di-chianciano\/"},"wordCount":353,"publisher":{"@id":"https:\/\/fedic.it\/magazine\/#organization"},"image":{"@id":"https:\/\/fedic.it\/magazine\/anteprima-cortometraggi-a-immagini-e-suono-di-chianciano\/#primaryimage"},"thumbnailUrl":"https:\/\/fedic.it\/magazine\/wp-content\/uploads\/2022\/11\/Lo-Staff-del-Festival-da-sin.-Lauro-Crociani-Fabio-Pirastu-e-Angelo-Provenda.png","keywords":["FEDIC Magazine 37"],"articleSection":["Festival"],"inLanguage":"it-IT"},{"@type":"WebPage","@id":"https:\/\/fedic.it\/magazine\/anteprima-cortometraggi-a-immagini-e-suono-di-chianciano\/","url":"https:\/\/fedic.it\/magazine\/anteprima-cortometraggi-a-immagini-e-suono-di-chianciano\/","name":"ANTEPRIMA CORTOMETRAGGI A \u201cImmagini e Suono\u201d di Chianciano - Fedic Magazine","isPartOf":{"@id":"https:\/\/fedic.it\/magazine\/#website"},"primaryImageOfPage":{"@id":"https:\/\/fedic.it\/magazine\/anteprima-cortometraggi-a-immagini-e-suono-di-chianciano\/#primaryimage"},"image":{"@id":"https:\/\/fedic.it\/magazine\/anteprima-cortometraggi-a-immagini-e-suono-di-chianciano\/#primaryimage"},"thumbnailUrl":"https:\/\/fedic.it\/magazine\/wp-content\/uploads\/2022\/11\/Lo-Staff-del-Festival-da-sin.-Lauro-Crociani-Fabio-Pirastu-e-Angelo-Provenda.png","datePublished":"2022-11-11T08:39:17+00:00","breadcrumb":{"@id":"https:\/\/fedic.it\/magazine\/anteprima-cortometraggi-a-immagini-e-suono-di-chianciano\/#breadcrumb"},"inLanguage":"it-IT","potentialAction":[{"@type":"ReadAction","target":["https:\/\/fedic.it\/magazine\/anteprima-cortometraggi-a-immagini-e-suono-di-chianciano\/"]}]},{"@type":"ImageObject","inLanguage":"it-IT","@id":"https:\/\/fedic.it\/magazine\/anteprima-cortometraggi-a-immagini-e-suono-di-chianciano\/#primaryimage","url":"https:\/\/fedic.it\/magazine\/wp-content\/uploads\/2022\/11\/Lo-Staff-del-Festival-da-sin.-Lauro-Crociani-Fabio-Pirastu-e-Angelo-Provenda.png","contentUrl":"https:\/\/fedic.it\/magazine\/wp-content\/uploads\/2022\/11\/Lo-Staff-del-Festival-da-sin.-Lauro-Crociani-Fabio-Pirastu-e-Angelo-Provenda.png","width":481,"height":320,"caption":"Lo Staff del Festival: da sin. Lauro Crociani, Fabio Pirastu e Angelo Provenda"},{"@type":"BreadcrumbList","@id":"https:\/\/fedic.it\/magazine\/anteprima-cortometraggi-a-immagini-e-suono-di-chianciano\/#breadcrumb","itemListElement":[{"@type":"ListItem","position":1,"name":"Home","item":"https:\/\/fedic.it\/magazine\/"},{"@type":"ListItem","position":2,"name":"ANTEPRIMA CORTOMETRAGGI A \u201cImmagini e Suono\u201d di Chianciano"}]},{"@type":"WebSite","@id":"https:\/\/fedic.it\/magazine\/#website","url":"https:\/\/fedic.it\/magazine\/","name":"Fedic Magazine","description":"Il blog della Federazione Italiana dei Cineclub","publisher":{"@id":"https:\/\/fedic.it\/magazine\/#organization"},"potentialAction":[{"@type":"SearchAction","target":{"@type":"EntryPoint","urlTemplate":"https:\/\/fedic.it\/magazine\/?s={search_term_string}"},"query-input":{"@type":"PropertyValueSpecification","valueRequired":true,"valueName":"search_term_string"}}],"inLanguage":"it-IT"},{"@type":"Organization","@id":"https:\/\/fedic.it\/magazine\/#organization","name":"Fedic Magazine","url":"https:\/\/fedic.it\/magazine\/","logo":{"@type":"ImageObject","inLanguage":"it-IT","@id":"https:\/\/fedic.it\/magazine\/#\/schema\/logo\/image\/","url":"https:\/\/fedic.it\/magazine\/wp-content\/uploads\/2021\/07\/logo-fedic-magazine-ok.jpg","contentUrl":"https:\/\/fedic.it\/magazine\/wp-content\/uploads\/2021\/07\/logo-fedic-magazine-ok.jpg","width":405,"height":110,"caption":"Fedic Magazine"},"image":{"@id":"https:\/\/fedic.it\/magazine\/#\/schema\/logo\/image\/"}},{"@type":"Person","@id":"https:\/\/fedic.it\/magazine\/#\/schema\/person\/49d2a224aa980c875e12fa73c5601332","name":"redazione","image":{"@type":"ImageObject","inLanguage":"it-IT","@id":"https:\/\/secure.gravatar.com\/avatar\/3df0bdaff167c479390d8c1d9ba8338511cc6ea40b290cd3d84683663005fd1c?s=96&d=mm&r=g","url":"https:\/\/secure.gravatar.com\/avatar\/3df0bdaff167c479390d8c1d9ba8338511cc6ea40b290cd3d84683663005fd1c?s=96&d=mm&r=g","contentUrl":"https:\/\/secure.gravatar.com\/avatar\/3df0bdaff167c479390d8c1d9ba8338511cc6ea40b290cd3d84683663005fd1c?s=96&d=mm&r=g","caption":"redazione"},"url":"https:\/\/fedic.it\/magazine\/author\/redazione\/"}]}},"jetpack_featured_media_url":"","_links":{"self":[{"href":"https:\/\/fedic.it\/magazine\/wp-json\/wp\/v2\/posts\/840","targetHints":{"allow":["GET"]}}],"collection":[{"href":"https:\/\/fedic.it\/magazine\/wp-json\/wp\/v2\/posts"}],"about":[{"href":"https:\/\/fedic.it\/magazine\/wp-json\/wp\/v2\/types\/post"}],"author":[{"embeddable":true,"href":"https:\/\/fedic.it\/magazine\/wp-json\/wp\/v2\/users\/4"}],"replies":[{"embeddable":true,"href":"https:\/\/fedic.it\/magazine\/wp-json\/wp\/v2\/comments?post=840"}],"version-history":[{"count":1,"href":"https:\/\/fedic.it\/magazine\/wp-json\/wp\/v2\/posts\/840\/revisions"}],"predecessor-version":[{"id":841,"href":"https:\/\/fedic.it\/magazine\/wp-json\/wp\/v2\/posts\/840\/revisions\/841"}],"wp:attachment":[{"href":"https:\/\/fedic.it\/magazine\/wp-json\/wp\/v2\/media?parent=840"}],"wp:term":[{"taxonomy":"category","embeddable":true,"href":"https:\/\/fedic.it\/magazine\/wp-json\/wp\/v2\/categories?post=840"},{"taxonomy":"post_tag","embeddable":true,"href":"https:\/\/fedic.it\/magazine\/wp-json\/wp\/v2\/tags?post=840"}],"curies":[{"name":"wp","href":"https:\/\/api.w.org\/{rel}","templated":true}]}}