{"id":791,"date":"2022-09-23T08:38:10","date_gmt":"2022-09-23T08:38:10","guid":{"rendered":"https:\/\/fedic.it\/magazine\/?p=791"},"modified":"2022-09-23T08:38:10","modified_gmt":"2022-09-23T08:38:10","slug":"concorso-internazionale-unica-locarno","status":"publish","type":"post","link":"https:\/\/fedic.it\/magazine\/concorso-internazionale-unica-locarno\/","title":{"rendered":"CONCORSO INTERNAZIONALE UNICA &#8211; LOCARNO"},"content":{"rendered":"<p><strong>Medaglia d\u2019oro, medaglia di bronzo, diploma d\u2019onore e miglior film del Concorso. Un ricco bottino per la FEDIC al Concorso internazionale UNICA di Locarno.<\/strong><\/p>\n<p style=\"text-align: center;\"><strong>di Jacqueline Pante<br \/>\n<\/strong><strong>Delegata UNICA di FEDIC<\/strong><\/p>\n<p><strong>\u00a0<\/strong>Si \u00e8 svolto dal 21 al 25 agosto scorso a Locarno, nel bellissimo Palacinema l\u201982\u00b0 Concorso e congresso UNICA, Union international du cin\u00e9ma. Il Concorso tra i migliori film delle Federazioni aderenti \u00e8 stato ospite del Palacinema, laddove solo una settimana prima si \u00e8 tenuto il 76 Locarno Filmfestival. Si respirava l\u2019aria del \u201ccinema grande\u201d a confronto del cinema piccolo, anzi corto, ma di autore e indipendente.<\/p>\n<p>I film selezionati dalla commissione FEDIC, composta da Vivian Tullio, Cineclub Torino, Paolo Micalizzi, Cineclub Ferrara e Jacqueline Pante Filmclub Rolf Mandolesi Merano, sono stati<\/p>\n<ul>\n<li>\u201cSam&#8217;s Castle\u201d di Giona Dapporto (Cineclub Sedicicorto-Forl\u00ec)<\/li>\n<li>\u201cLicenza di caccia\u201d di Lauro Crociani (Cineclub Immagini e Suono Chianciano)<\/li>\n<li>\u201cOn Life\u201d di Alessandro Valbonesi (Cineclub Sedicicorto Forl\u00ec)<\/li>\n<li>\u201cGiusto il tempo per una sigaretta\u201d di Valentina Casadei (Cineclub Sedicicorto Forl\u00ec)<\/li>\n<\/ul>\n<figure id=\"attachment_771\" aria-describedby=\"caption-attachment-771\" style=\"width: 427px\" class=\"wp-caption aligncenter\"><img loading=\"lazy\" decoding=\"async\" class=\"size-full wp-image-771\" src=\"https:\/\/fedic.it\/magazine\/wp-content\/uploads\/2022\/09\/Consegna-bandiera-UNICA-con-Rolf-Leuenberger-Jacqueline-Pante-e-direttore-Palacinema-.png\" alt=\"\" width=\"427\" height=\"570\" srcset=\"https:\/\/fedic.it\/magazine\/wp-content\/uploads\/2022\/09\/Consegna-bandiera-UNICA-con-Rolf-Leuenberger-Jacqueline-Pante-e-direttore-Palacinema-.png 427w, https:\/\/fedic.it\/magazine\/wp-content\/uploads\/2022\/09\/Consegna-bandiera-UNICA-con-Rolf-Leuenberger-Jacqueline-Pante-e-direttore-Palacinema--225x300.png 225w\" sizes=\"auto, (max-width: 427px) 100vw, 427px\" \/><figcaption id=\"caption-attachment-771\" class=\"wp-caption-text\">Consegna bandiera UNICA con Rolf Leuenberger, Jacqueline Pante e direttore Palacinema<\/figcaption><\/figure>\n<p>Da quest\u2019anno le regole UNICA prevedono 40\u2019 di tempo a disposizione e massimo 4 film per paese. Regola non facile per la commissione e il delegato nazionale UNICA. La commissione ha fatto una scelta mirata, scegliendo bene anche le categorie dei film, con un film di animazione e tre film a soggetto, di cui uno, se vogliamo, un po\u2019 sperimentale. Il programma ha colto i favori non solo della giuria ma anche del pubblico.<br \/>\nUNICA sta per Union <em>Internationale du cin\u00e8ma<\/em> e raccoglie 29 Nazioni e Federazioni. Ogni anno si tiene il Concorso e l&#8217;incontro in uno dei paesi membri. L\u2019anno prossimo \u00e8 il turno dell\u2019Italia, che ospiter\u00e0 il Concorso a Comacchio, dal 10 al 14 settembre. FEDIC, associata da lunga data, ha organizzato nel 1992 il Concorso al Lido degli Estensi. Al termine del Concorso di Locarno la delegata UNICA di FEDIC ha preso in consegna la bandiera UNICA.<br \/>\nLa giuria UNICA consta di tre membri che all&#8217;unanimit\u00e0 assegna medaglie d\u2019oro, argento e bronzo e alcuni premi speciali, tra cui la medaglia UNESCO per l\u2019opera che rispecchia la comunicazione e l\u2019interazione tra i paesi e gli uomini.<br \/>\nLa giuria a Locarno era composta da:<br \/>\n<strong>Sandro Buglya<\/strong> &#8211; Ungheria Nato nel 1945 a \u00dajk\u00e9cske, Ungheria. 1964-1970: Universit\u00e0 Medica Semmelweis, Facolt\u00e0 di Medicina Generale, 1972-1976: Laurea in cinematografia, 1981: Master in regia, 1980-1981: Hochschule f\u00fcr Film und Fernsehen (Babelsberg), borsa di studio per l&#8217;insegnamento, 2002-2005: Universit\u00e0 di Teatro e Film, DLA, 1987-1994: Fabbrica di Cinema e Video Ungherese (MOVI), 1992-2007: Duna Television<br \/>\n<strong>Thomas Schauer<\/strong> &#8211; Nato a Graz nel 1975, ha studiato economia aziendale, gestisce una societ\u00e0 di software e consulenza, da sempre appassionato di informatica innovativa e di moderna gestione delle performance aziendali, vive a Trier, in Germania.<br \/>\nCineasta entusiasta dal 1991, campione nazionale della Stiria nel 2002, giurato certificato dal 2007, impegnato in festival cinematografici nazionali e internazionali. Percepisce i film in modo olistico e sempre entusiasta della passione nel cinema!<br \/>\n<strong>Jacqueline Pante<\/strong> &#8211; Nata nel 1964 in Svizzera. Di professione direttore Marketing di un\u2019azienda alimentare, laurea in Stakeholder Management e International Business. Interesse per il cinema, i film e l&#8217;amore per il cinema. Presidente del Filmclub Rolf Mandolesi Merano (exSuper 8 &amp; Video Club) Esperienza di giuria in festival di cortometraggi in Italia e all&#8217;estero.<\/p>\n<figure id=\"attachment_770\" aria-describedby=\"caption-attachment-770\" style=\"width: 712px\" class=\"wp-caption aligncenter\"><img loading=\"lazy\" decoding=\"async\" class=\"size-full wp-image-770\" src=\"https:\/\/fedic.it\/magazine\/wp-content\/uploads\/2022\/09\/Jacqueline-Pante-prende-in-consegna-i-premi-per-lItalia-consegnati-da-Thomas-Schauer-giurato-austriaco.-.png\" alt=\"\" width=\"712\" height=\"535\" srcset=\"https:\/\/fedic.it\/magazine\/wp-content\/uploads\/2022\/09\/Jacqueline-Pante-prende-in-consegna-i-premi-per-lItalia-consegnati-da-Thomas-Schauer-giurato-austriaco.-.png 712w, https:\/\/fedic.it\/magazine\/wp-content\/uploads\/2022\/09\/Jacqueline-Pante-prende-in-consegna-i-premi-per-lItalia-consegnati-da-Thomas-Schauer-giurato-austriaco.--300x225.png 300w\" sizes=\"auto, (max-width: 712px) 100vw, 712px\" \/><figcaption id=\"caption-attachment-770\" class=\"wp-caption-text\">Jacqueline Pante prende in consegna i premi per l&#8217;Italia, consegnati da Thomas Schauer, giurato austriaco.<\/figcaption><\/figure>\n<p>La caratteristica del Concorso e credo anche l&#8217;unicit\u00e0 \u00e8 che la giuria parla e discute dei film in pubblico. La valutazione sul premio si fa in seguito solo tra i giurati. Il o la giurata che rappresenta il proprio paese, non si esprimono in pubblico.<br \/>\nLe presenze medie nella sala del Palacinema erano tra 20-130 presenti, mentre alla discussione con la giuria si sono contate dalle 50-70 presenze. Le discussioni si sono tenute la sera.<\/p>\n<p><img loading=\"lazy\" decoding=\"async\" class=\"aligncenter size-full wp-image-769\" src=\"https:\/\/fedic.it\/magazine\/wp-content\/uploads\/2022\/09\/diplomi.png\" alt=\"\" width=\"1004\" height=\"610\" srcset=\"https:\/\/fedic.it\/magazine\/wp-content\/uploads\/2022\/09\/diplomi.png 1004w, https:\/\/fedic.it\/magazine\/wp-content\/uploads\/2022\/09\/diplomi-300x182.png 300w, https:\/\/fedic.it\/magazine\/wp-content\/uploads\/2022\/09\/diplomi-768x467.png 768w\" sizes=\"auto, (max-width: 1004px) 100vw, 1004px\" \/><\/p>\n<p>A seguire i premi assegnati dalla giuria:<br \/>\n\u201cSam&#8217;s Castle2 di Giona Dapporto: DIPLOMA D&#8217;ONORE (equiparabile ad una menzione speciale) &#8221; per il messaggio positivo della storia.<br \/>\n\u201cLicenza di caccia\u201d di Lauro Crociani: DIPLOMA DI PARTECIPAZIONE, particolarmente apprezzato\u00a0dal pubblico in sala.<br \/>\n\u201cOn Life\u201d di Alessandro Valbonesi: MEDAGLIA DI BRONZO, \u00e8 stato giudicato un corto di grande impatto e attualit\u00e0 considerando che non riusciamo pi\u00f9 a &#8220;vivere&#8221; senza il cellulare. Apprezzato anche il lavoro delle riprese e di regia.<br \/>\n\u201cGiusto il tempo per una sigaretta\u201d Valentina Casadei: MEDAGLIA D&#8217;ORO e MIGLIOR FILM DEL CONCORSO \u00e8 stato apprezzato per il la regia, per le riprese. Il film ha trasmesso un messaggio positivo di inclusione in un contesto sociale difficile. Molto apprezzato l&#8217;attore principale.<br \/>\nPer il Concorso da un minuto, Minute Movie Cup: \u201cLife\u201d di Manuele Moriconi &#8211; CC Corte Tripoli &#8211; Pisa &#8211; purtroppo uscito nelle semifinali.<\/p>\n<figure id=\"attachment_768\" aria-describedby=\"caption-attachment-768\" style=\"width: 800px\" class=\"wp-caption aligncenter\"><img loading=\"lazy\" decoding=\"async\" class=\"size-full wp-image-768\" src=\"https:\/\/fedic.it\/magazine\/wp-content\/uploads\/2022\/09\/Giuria-con-presidente-UNICA-Rolf-Leuenberger.png\" alt=\"\" width=\"800\" height=\"600\" srcset=\"https:\/\/fedic.it\/magazine\/wp-content\/uploads\/2022\/09\/Giuria-con-presidente-UNICA-Rolf-Leuenberger.png 800w, https:\/\/fedic.it\/magazine\/wp-content\/uploads\/2022\/09\/Giuria-con-presidente-UNICA-Rolf-Leuenberger-300x225.png 300w, https:\/\/fedic.it\/magazine\/wp-content\/uploads\/2022\/09\/Giuria-con-presidente-UNICA-Rolf-Leuenberger-768x576.png 768w\" sizes=\"auto, (max-width: 800px) 100vw, 800px\" \/><figcaption id=\"caption-attachment-768\" class=\"wp-caption-text\">Giuria con presidente UNICA Rolf Leuenberger<\/figcaption><\/figure>\n<p>&nbsp;<\/p>\n","protected":false},"excerpt":{"rendered":"<p>Medaglia d\u2019oro, medaglia di bronzo, diploma d\u2019onore e miglior film del Concorso. Un ricco bottino per la FEDIC al Concorso internazionale UNICA di Locarno. di Jacqueline Pante Delegata UNICA di FEDIC \u00a0Si \u00e8 svolto dal 21 al 25 agosto scorso a Locarno, nel bellissimo Palacinema l\u201982\u00b0 Concorso e congresso UNICA, Union international du cin\u00e9ma. Il [&hellip;]<\/p>\n","protected":false},"author":4,"featured_media":0,"comment_status":"closed","ping_status":"closed","sticky":false,"template":"","format":"standard","meta":{"footnotes":""},"categories":[4],"tags":[24],"class_list":["post-791","post","type-post","status-publish","format-standard","hentry","category-festival","tag-fedic-magazine-36"],"yoast_head":"<!-- This site is optimized with the Yoast SEO plugin v27.5 - https:\/\/yoast.com\/product\/yoast-seo-wordpress\/ -->\n<title>CONCORSO INTERNAZIONALE UNICA - LOCARNO - Fedic Magazine<\/title>\n<meta name=\"robots\" content=\"index, follow, max-snippet:-1, max-image-preview:large, max-video-preview:-1\" \/>\n<link rel=\"canonical\" href=\"https:\/\/fedic.it\/magazine\/concorso-internazionale-unica-locarno\/\" \/>\n<meta property=\"og:locale\" content=\"it_IT\" \/>\n<meta property=\"og:type\" content=\"article\" \/>\n<meta property=\"og:title\" content=\"CONCORSO INTERNAZIONALE UNICA - LOCARNO - Fedic Magazine\" \/>\n<meta property=\"og:description\" content=\"Medaglia d\u2019oro, medaglia di bronzo, diploma d\u2019onore e miglior film del Concorso. Un ricco bottino per la FEDIC al Concorso internazionale UNICA di Locarno. di Jacqueline Pante Delegata UNICA di FEDIC \u00a0Si \u00e8 svolto dal 21 al 25 agosto scorso a Locarno, nel bellissimo Palacinema l\u201982\u00b0 Concorso e congresso UNICA, Union international du cin\u00e9ma. Il [&hellip;]\" \/>\n<meta property=\"og:url\" content=\"https:\/\/fedic.it\/magazine\/concorso-internazionale-unica-locarno\/\" \/>\n<meta property=\"og:site_name\" content=\"Fedic Magazine\" \/>\n<meta property=\"article:published_time\" content=\"2022-09-23T08:38:10+00:00\" \/>\n<meta property=\"og:image\" content=\"https:\/\/fedic.it\/magazine\/wp-content\/uploads\/2022\/09\/Consegna-bandiera-UNICA-con-Rolf-Leuenberger-Jacqueline-Pante-e-direttore-Palacinema-.png\" \/>\n<meta name=\"author\" content=\"redazione\" \/>\n<meta name=\"twitter:card\" content=\"summary_large_image\" \/>\n<meta name=\"twitter:label1\" content=\"Scritto da\" \/>\n\t<meta name=\"twitter:data1\" content=\"redazione\" \/>\n\t<meta name=\"twitter:label2\" content=\"Tempo di lettura stimato\" \/>\n\t<meta name=\"twitter:data2\" content=\"6 minuti\" \/>\n<script type=\"application\/ld+json\" class=\"yoast-schema-graph\">{\"@context\":\"https:\\\/\\\/schema.org\",\"@graph\":[{\"@type\":\"Article\",\"@id\":\"https:\\\/\\\/fedic.it\\\/magazine\\\/concorso-internazionale-unica-locarno\\\/#article\",\"isPartOf\":{\"@id\":\"https:\\\/\\\/fedic.it\\\/magazine\\\/concorso-internazionale-unica-locarno\\\/\"},\"author\":{\"name\":\"redazione\",\"@id\":\"https:\\\/\\\/fedic.it\\\/magazine\\\/#\\\/schema\\\/person\\\/49d2a224aa980c875e12fa73c5601332\"},\"headline\":\"CONCORSO INTERNAZIONALE UNICA &#8211; LOCARNO\",\"datePublished\":\"2022-09-23T08:38:10+00:00\",\"mainEntityOfPage\":{\"@id\":\"https:\\\/\\\/fedic.it\\\/magazine\\\/concorso-internazionale-unica-locarno\\\/\"},\"wordCount\":818,\"publisher\":{\"@id\":\"https:\\\/\\\/fedic.it\\\/magazine\\\/#organization\"},\"image\":{\"@id\":\"https:\\\/\\\/fedic.it\\\/magazine\\\/concorso-internazionale-unica-locarno\\\/#primaryimage\"},\"thumbnailUrl\":\"https:\\\/\\\/fedic.it\\\/magazine\\\/wp-content\\\/uploads\\\/2022\\\/09\\\/Consegna-bandiera-UNICA-con-Rolf-Leuenberger-Jacqueline-Pante-e-direttore-Palacinema-.png\",\"keywords\":[\"FEDIC Magazine 36\"],\"articleSection\":[\"Festival\"],\"inLanguage\":\"it-IT\"},{\"@type\":\"WebPage\",\"@id\":\"https:\\\/\\\/fedic.it\\\/magazine\\\/concorso-internazionale-unica-locarno\\\/\",\"url\":\"https:\\\/\\\/fedic.it\\\/magazine\\\/concorso-internazionale-unica-locarno\\\/\",\"name\":\"CONCORSO INTERNAZIONALE UNICA - LOCARNO - Fedic Magazine\",\"isPartOf\":{\"@id\":\"https:\\\/\\\/fedic.it\\\/magazine\\\/#website\"},\"primaryImageOfPage\":{\"@id\":\"https:\\\/\\\/fedic.it\\\/magazine\\\/concorso-internazionale-unica-locarno\\\/#primaryimage\"},\"image\":{\"@id\":\"https:\\\/\\\/fedic.it\\\/magazine\\\/concorso-internazionale-unica-locarno\\\/#primaryimage\"},\"thumbnailUrl\":\"https:\\\/\\\/fedic.it\\\/magazine\\\/wp-content\\\/uploads\\\/2022\\\/09\\\/Consegna-bandiera-UNICA-con-Rolf-Leuenberger-Jacqueline-Pante-e-direttore-Palacinema-.png\",\"datePublished\":\"2022-09-23T08:38:10+00:00\",\"breadcrumb\":{\"@id\":\"https:\\\/\\\/fedic.it\\\/magazine\\\/concorso-internazionale-unica-locarno\\\/#breadcrumb\"},\"inLanguage\":\"it-IT\",\"potentialAction\":[{\"@type\":\"ReadAction\",\"target\":[\"https:\\\/\\\/fedic.it\\\/magazine\\\/concorso-internazionale-unica-locarno\\\/\"]}]},{\"@type\":\"ImageObject\",\"inLanguage\":\"it-IT\",\"@id\":\"https:\\\/\\\/fedic.it\\\/magazine\\\/concorso-internazionale-unica-locarno\\\/#primaryimage\",\"url\":\"https:\\\/\\\/fedic.it\\\/magazine\\\/wp-content\\\/uploads\\\/2022\\\/09\\\/Consegna-bandiera-UNICA-con-Rolf-Leuenberger-Jacqueline-Pante-e-direttore-Palacinema-.png\",\"contentUrl\":\"https:\\\/\\\/fedic.it\\\/magazine\\\/wp-content\\\/uploads\\\/2022\\\/09\\\/Consegna-bandiera-UNICA-con-Rolf-Leuenberger-Jacqueline-Pante-e-direttore-Palacinema-.png\",\"width\":427,\"height\":570,\"caption\":\"Consegna bandiera UNICA con Rolf Leuenberger, Jacqueline Pante e direttore Palacinema\"},{\"@type\":\"BreadcrumbList\",\"@id\":\"https:\\\/\\\/fedic.it\\\/magazine\\\/concorso-internazionale-unica-locarno\\\/#breadcrumb\",\"itemListElement\":[{\"@type\":\"ListItem\",\"position\":1,\"name\":\"Home\",\"item\":\"https:\\\/\\\/fedic.it\\\/magazine\\\/\"},{\"@type\":\"ListItem\",\"position\":2,\"name\":\"CONCORSO INTERNAZIONALE UNICA &#8211; LOCARNO\"}]},{\"@type\":\"WebSite\",\"@id\":\"https:\\\/\\\/fedic.it\\\/magazine\\\/#website\",\"url\":\"https:\\\/\\\/fedic.it\\\/magazine\\\/\",\"name\":\"Fedic Magazine\",\"description\":\"Il blog della Federazione Italiana dei Cineclub\",\"publisher\":{\"@id\":\"https:\\\/\\\/fedic.it\\\/magazine\\\/#organization\"},\"potentialAction\":[{\"@type\":\"SearchAction\",\"target\":{\"@type\":\"EntryPoint\",\"urlTemplate\":\"https:\\\/\\\/fedic.it\\\/magazine\\\/?s={search_term_string}\"},\"query-input\":{\"@type\":\"PropertyValueSpecification\",\"valueRequired\":true,\"valueName\":\"search_term_string\"}}],\"inLanguage\":\"it-IT\"},{\"@type\":\"Organization\",\"@id\":\"https:\\\/\\\/fedic.it\\\/magazine\\\/#organization\",\"name\":\"Fedic Magazine\",\"url\":\"https:\\\/\\\/fedic.it\\\/magazine\\\/\",\"logo\":{\"@type\":\"ImageObject\",\"inLanguage\":\"it-IT\",\"@id\":\"https:\\\/\\\/fedic.it\\\/magazine\\\/#\\\/schema\\\/logo\\\/image\\\/\",\"url\":\"https:\\\/\\\/fedic.it\\\/magazine\\\/wp-content\\\/uploads\\\/2021\\\/07\\\/logo-fedic-magazine-ok.jpg\",\"contentUrl\":\"https:\\\/\\\/fedic.it\\\/magazine\\\/wp-content\\\/uploads\\\/2021\\\/07\\\/logo-fedic-magazine-ok.jpg\",\"width\":405,\"height\":110,\"caption\":\"Fedic Magazine\"},\"image\":{\"@id\":\"https:\\\/\\\/fedic.it\\\/magazine\\\/#\\\/schema\\\/logo\\\/image\\\/\"}},{\"@type\":\"Person\",\"@id\":\"https:\\\/\\\/fedic.it\\\/magazine\\\/#\\\/schema\\\/person\\\/49d2a224aa980c875e12fa73c5601332\",\"name\":\"redazione\",\"image\":{\"@type\":\"ImageObject\",\"inLanguage\":\"it-IT\",\"@id\":\"https:\\\/\\\/secure.gravatar.com\\\/avatar\\\/3df0bdaff167c479390d8c1d9ba8338511cc6ea40b290cd3d84683663005fd1c?s=96&d=mm&r=g\",\"url\":\"https:\\\/\\\/secure.gravatar.com\\\/avatar\\\/3df0bdaff167c479390d8c1d9ba8338511cc6ea40b290cd3d84683663005fd1c?s=96&d=mm&r=g\",\"contentUrl\":\"https:\\\/\\\/secure.gravatar.com\\\/avatar\\\/3df0bdaff167c479390d8c1d9ba8338511cc6ea40b290cd3d84683663005fd1c?s=96&d=mm&r=g\",\"caption\":\"redazione\"},\"url\":\"https:\\\/\\\/fedic.it\\\/magazine\\\/author\\\/redazione\\\/\"}]}<\/script>\n<!-- \/ Yoast SEO plugin. -->","yoast_head_json":{"title":"CONCORSO INTERNAZIONALE UNICA - LOCARNO - Fedic Magazine","robots":{"index":"index","follow":"follow","max-snippet":"max-snippet:-1","max-image-preview":"max-image-preview:large","max-video-preview":"max-video-preview:-1"},"canonical":"https:\/\/fedic.it\/magazine\/concorso-internazionale-unica-locarno\/","og_locale":"it_IT","og_type":"article","og_title":"CONCORSO INTERNAZIONALE UNICA - LOCARNO - Fedic Magazine","og_description":"Medaglia d\u2019oro, medaglia di bronzo, diploma d\u2019onore e miglior film del Concorso. Un ricco bottino per la FEDIC al Concorso internazionale UNICA di Locarno. di Jacqueline Pante Delegata UNICA di FEDIC \u00a0Si \u00e8 svolto dal 21 al 25 agosto scorso a Locarno, nel bellissimo Palacinema l\u201982\u00b0 Concorso e congresso UNICA, Union international du cin\u00e9ma. Il [&hellip;]","og_url":"https:\/\/fedic.it\/magazine\/concorso-internazionale-unica-locarno\/","og_site_name":"Fedic Magazine","article_published_time":"2022-09-23T08:38:10+00:00","og_image":[{"url":"https:\/\/fedic.it\/magazine\/wp-content\/uploads\/2022\/09\/Consegna-bandiera-UNICA-con-Rolf-Leuenberger-Jacqueline-Pante-e-direttore-Palacinema-.png","type":"","width":"","height":""}],"author":"redazione","twitter_card":"summary_large_image","twitter_misc":{"Scritto da":"redazione","Tempo di lettura stimato":"6 minuti"},"schema":{"@context":"https:\/\/schema.org","@graph":[{"@type":"Article","@id":"https:\/\/fedic.it\/magazine\/concorso-internazionale-unica-locarno\/#article","isPartOf":{"@id":"https:\/\/fedic.it\/magazine\/concorso-internazionale-unica-locarno\/"},"author":{"name":"redazione","@id":"https:\/\/fedic.it\/magazine\/#\/schema\/person\/49d2a224aa980c875e12fa73c5601332"},"headline":"CONCORSO INTERNAZIONALE UNICA &#8211; LOCARNO","datePublished":"2022-09-23T08:38:10+00:00","mainEntityOfPage":{"@id":"https:\/\/fedic.it\/magazine\/concorso-internazionale-unica-locarno\/"},"wordCount":818,"publisher":{"@id":"https:\/\/fedic.it\/magazine\/#organization"},"image":{"@id":"https:\/\/fedic.it\/magazine\/concorso-internazionale-unica-locarno\/#primaryimage"},"thumbnailUrl":"https:\/\/fedic.it\/magazine\/wp-content\/uploads\/2022\/09\/Consegna-bandiera-UNICA-con-Rolf-Leuenberger-Jacqueline-Pante-e-direttore-Palacinema-.png","keywords":["FEDIC Magazine 36"],"articleSection":["Festival"],"inLanguage":"it-IT"},{"@type":"WebPage","@id":"https:\/\/fedic.it\/magazine\/concorso-internazionale-unica-locarno\/","url":"https:\/\/fedic.it\/magazine\/concorso-internazionale-unica-locarno\/","name":"CONCORSO INTERNAZIONALE UNICA - LOCARNO - Fedic Magazine","isPartOf":{"@id":"https:\/\/fedic.it\/magazine\/#website"},"primaryImageOfPage":{"@id":"https:\/\/fedic.it\/magazine\/concorso-internazionale-unica-locarno\/#primaryimage"},"image":{"@id":"https:\/\/fedic.it\/magazine\/concorso-internazionale-unica-locarno\/#primaryimage"},"thumbnailUrl":"https:\/\/fedic.it\/magazine\/wp-content\/uploads\/2022\/09\/Consegna-bandiera-UNICA-con-Rolf-Leuenberger-Jacqueline-Pante-e-direttore-Palacinema-.png","datePublished":"2022-09-23T08:38:10+00:00","breadcrumb":{"@id":"https:\/\/fedic.it\/magazine\/concorso-internazionale-unica-locarno\/#breadcrumb"},"inLanguage":"it-IT","potentialAction":[{"@type":"ReadAction","target":["https:\/\/fedic.it\/magazine\/concorso-internazionale-unica-locarno\/"]}]},{"@type":"ImageObject","inLanguage":"it-IT","@id":"https:\/\/fedic.it\/magazine\/concorso-internazionale-unica-locarno\/#primaryimage","url":"https:\/\/fedic.it\/magazine\/wp-content\/uploads\/2022\/09\/Consegna-bandiera-UNICA-con-Rolf-Leuenberger-Jacqueline-Pante-e-direttore-Palacinema-.png","contentUrl":"https:\/\/fedic.it\/magazine\/wp-content\/uploads\/2022\/09\/Consegna-bandiera-UNICA-con-Rolf-Leuenberger-Jacqueline-Pante-e-direttore-Palacinema-.png","width":427,"height":570,"caption":"Consegna bandiera UNICA con Rolf Leuenberger, Jacqueline Pante e direttore Palacinema"},{"@type":"BreadcrumbList","@id":"https:\/\/fedic.it\/magazine\/concorso-internazionale-unica-locarno\/#breadcrumb","itemListElement":[{"@type":"ListItem","position":1,"name":"Home","item":"https:\/\/fedic.it\/magazine\/"},{"@type":"ListItem","position":2,"name":"CONCORSO INTERNAZIONALE UNICA &#8211; LOCARNO"}]},{"@type":"WebSite","@id":"https:\/\/fedic.it\/magazine\/#website","url":"https:\/\/fedic.it\/magazine\/","name":"Fedic Magazine","description":"Il blog della Federazione Italiana dei Cineclub","publisher":{"@id":"https:\/\/fedic.it\/magazine\/#organization"},"potentialAction":[{"@type":"SearchAction","target":{"@type":"EntryPoint","urlTemplate":"https:\/\/fedic.it\/magazine\/?s={search_term_string}"},"query-input":{"@type":"PropertyValueSpecification","valueRequired":true,"valueName":"search_term_string"}}],"inLanguage":"it-IT"},{"@type":"Organization","@id":"https:\/\/fedic.it\/magazine\/#organization","name":"Fedic Magazine","url":"https:\/\/fedic.it\/magazine\/","logo":{"@type":"ImageObject","inLanguage":"it-IT","@id":"https:\/\/fedic.it\/magazine\/#\/schema\/logo\/image\/","url":"https:\/\/fedic.it\/magazine\/wp-content\/uploads\/2021\/07\/logo-fedic-magazine-ok.jpg","contentUrl":"https:\/\/fedic.it\/magazine\/wp-content\/uploads\/2021\/07\/logo-fedic-magazine-ok.jpg","width":405,"height":110,"caption":"Fedic Magazine"},"image":{"@id":"https:\/\/fedic.it\/magazine\/#\/schema\/logo\/image\/"}},{"@type":"Person","@id":"https:\/\/fedic.it\/magazine\/#\/schema\/person\/49d2a224aa980c875e12fa73c5601332","name":"redazione","image":{"@type":"ImageObject","inLanguage":"it-IT","@id":"https:\/\/secure.gravatar.com\/avatar\/3df0bdaff167c479390d8c1d9ba8338511cc6ea40b290cd3d84683663005fd1c?s=96&d=mm&r=g","url":"https:\/\/secure.gravatar.com\/avatar\/3df0bdaff167c479390d8c1d9ba8338511cc6ea40b290cd3d84683663005fd1c?s=96&d=mm&r=g","contentUrl":"https:\/\/secure.gravatar.com\/avatar\/3df0bdaff167c479390d8c1d9ba8338511cc6ea40b290cd3d84683663005fd1c?s=96&d=mm&r=g","caption":"redazione"},"url":"https:\/\/fedic.it\/magazine\/author\/redazione\/"}]}},"jetpack_featured_media_url":"","_links":{"self":[{"href":"https:\/\/fedic.it\/magazine\/wp-json\/wp\/v2\/posts\/791","targetHints":{"allow":["GET"]}}],"collection":[{"href":"https:\/\/fedic.it\/magazine\/wp-json\/wp\/v2\/posts"}],"about":[{"href":"https:\/\/fedic.it\/magazine\/wp-json\/wp\/v2\/types\/post"}],"author":[{"embeddable":true,"href":"https:\/\/fedic.it\/magazine\/wp-json\/wp\/v2\/users\/4"}],"replies":[{"embeddable":true,"href":"https:\/\/fedic.it\/magazine\/wp-json\/wp\/v2\/comments?post=791"}],"version-history":[{"count":1,"href":"https:\/\/fedic.it\/magazine\/wp-json\/wp\/v2\/posts\/791\/revisions"}],"predecessor-version":[{"id":792,"href":"https:\/\/fedic.it\/magazine\/wp-json\/wp\/v2\/posts\/791\/revisions\/792"}],"wp:attachment":[{"href":"https:\/\/fedic.it\/magazine\/wp-json\/wp\/v2\/media?parent=791"}],"wp:term":[{"taxonomy":"category","embeddable":true,"href":"https:\/\/fedic.it\/magazine\/wp-json\/wp\/v2\/categories?post=791"},{"taxonomy":"post_tag","embeddable":true,"href":"https:\/\/fedic.it\/magazine\/wp-json\/wp\/v2\/tags?post=791"}],"curies":[{"name":"wp","href":"https:\/\/api.w.org\/{rel}","templated":true}]}}