{"id":784,"date":"2022-09-23T08:03:40","date_gmt":"2022-09-23T08:03:40","guid":{"rendered":"https:\/\/fedic.it\/magazine\/?p=784"},"modified":"2022-09-23T08:03:40","modified_gmt":"2022-09-23T08:03:40","slug":"una-giornata-particolare-con-milena-vukotic-e-suo-marito-alfredo-baldi-a-brescia-il-17-settembre-grazie-al-cineclub-fedic-agenda-cinema","status":"publish","type":"post","link":"https:\/\/fedic.it\/magazine\/una-giornata-particolare-con-milena-vukotic-e-suo-marito-alfredo-baldi-a-brescia-il-17-settembre-grazie-al-cineclub-fedic-agenda-cinema\/","title":{"rendered":"UNA GIORNATA PARTICOLARE\u00a0 CON MILENA VUKOTIC E SUO MARITO ALFREDO BALDI A BRESCIA IL 17 SETTEMBRE GRAZIE AL CINECLUB FEDIC AGENDA CINEMA"},"content":{"rendered":"<p><strong>di Laura Forcella Iascone<\/strong><\/p>\n<p>Quando gli attori e le attrici che abbiamo conosciuto al cinema si siedono a tavola con noi, la sensazione \u00e8 quella di vivere dentro la magia dello schermo. Quando si tratta di Milena Vukotic, interprete di pi\u00f9 di cento film con registi del calibro di Bu\u00f1uel, Fellini, \u014cshima, Tarkovskij, Monicelli, Lattuada -l\u2019elenco \u00e8 molto pi\u00f9 lungo-, la certezza \u00e8 quella di essere dei privilegiati a cui capita di incontrare l\u2019Armonia. Lei \u00e8 l\u2019Armonia fatta persona con una gentilezza da antidiva che fluisce in bellezza. Lui, Alfredo Baldi, storico e critico del cinema, \u00e8 il compagno di vita discreto e attento, orgoglioso e colto, capace di essere la sua \u201cenciclopedia\u201d della memoria che snocciola nomi e ricordi.<br \/>\nLi ha inviati a Brescia il nuovo cineclub AGEnda Cinema che appartiene alla grande famiglia Fedic e che ha gi\u00e0 realizzato altre tre iniziative di successo. Li hanno intervistati i critici cinematografici Giovanni Scolari e Massimo Morelli, rispettivamente presidente e vicepresidente di AGEnda Cinema.<\/p>\n<figure id=\"attachment_760\" aria-describedby=\"caption-attachment-760\" style=\"width: 1004px\" class=\"wp-caption aligncenter\"><img loading=\"lazy\" decoding=\"async\" class=\"size-full wp-image-760\" src=\"https:\/\/fedic.it\/magazine\/wp-content\/uploads\/2022\/09\/Il-Giornale-di-Brescia-14-settembre-2022.png\" alt=\"\" width=\"1004\" height=\"479\" srcset=\"https:\/\/fedic.it\/magazine\/wp-content\/uploads\/2022\/09\/Il-Giornale-di-Brescia-14-settembre-2022.png 1004w, https:\/\/fedic.it\/magazine\/wp-content\/uploads\/2022\/09\/Il-Giornale-di-Brescia-14-settembre-2022-300x143.png 300w, https:\/\/fedic.it\/magazine\/wp-content\/uploads\/2022\/09\/Il-Giornale-di-Brescia-14-settembre-2022-768x366.png 768w\" sizes=\"auto, (max-width: 1004px) 100vw, 1004px\" \/><figcaption id=\"caption-attachment-760\" class=\"wp-caption-text\">\u201cIl Giornale di Brescia\u201d 14 settembre 2022<\/figcaption><\/figure>\n<p>L\u2019aula magna del Liceo \u201cAnnibale Calini\u201d di Brescia alle 11 del 17 settembre \u00e8 gremita soprattutto di studenti e studentesse, ma anche di genitori, insegnanti e cittadini, riuniti per l\u2019iniziativa di apertura della XVI edizione del Booktrailer Film Festival, un progetto europeo che promuove la lettura attraverso il cinema e la rete.<\/p>\n<figure id=\"attachment_759\" aria-describedby=\"caption-attachment-759\" style=\"width: 654px\" class=\"wp-caption aligncenter\"><img loading=\"lazy\" decoding=\"async\" class=\"size-full wp-image-759\" src=\"https:\/\/fedic.it\/magazine\/wp-content\/uploads\/2022\/09\/Milena-Vukotic-incontra-gli-studenti-del-Liceo-Calini-di-Brescia.png\" alt=\"\" width=\"654\" height=\"491\" srcset=\"https:\/\/fedic.it\/magazine\/wp-content\/uploads\/2022\/09\/Milena-Vukotic-incontra-gli-studenti-del-Liceo-Calini-di-Brescia.png 654w, https:\/\/fedic.it\/magazine\/wp-content\/uploads\/2022\/09\/Milena-Vukotic-incontra-gli-studenti-del-Liceo-Calini-di-Brescia-300x225.png 300w\" sizes=\"auto, (max-width: 654px) 100vw, 654px\" \/><figcaption id=\"caption-attachment-759\" class=\"wp-caption-text\">Milena Vukotic incontra gli studenti del Liceo Calini di Brescia<\/figcaption><\/figure>\n<p>Milena Vukotic al tavolo dei relatori \u00e8 il motivo principale di attrazione. Lei non fa la diva, anzi appare imbarazzata quando le si destinano meritati complimenti per la sua lunga, prestigiosa e tuttora vivace carriera d\u2019artista. Sgrana incredula i grandi occhi, scuote debolmente la testa e sorride grata e schiva. Alfredo Baldi, suo marito, la contempla con occhi rapiti, pronto a intervenire, se interpellato, con nomi precisi di attrici, attori, registi, sceneggiatori. Lui conosce benissimo la storia del cinema e, dirigente per lunghi anni in settori diversi del Centro Sperimentale di Cinematografia, ha conosciuto alla Scuola Nazionale di Cinema, tra gli altri, Riccardo Scamarcio, piuttosto indisciplinato, ma talentuoso.<br \/>\nAnche i bidelli al liceo Calini sono in fermento, in particolare Sacha, che \u00e8 serbo come lo \u00e8 Milena per parte di padre e che con lei scambia frasi impossibili da tradurre.<br \/>\nIl tema su cui confrontarsi, proposto con convinzione da Milena, \u00e8 il film \u201c<em>Fantozzi contro tutti\u201d<\/em>: il divertimento \u00e8 un bisogno primordiale, ineliminabile e necessario e Fantozzi, \u201cil pi\u00f9 grande perditore di tutti\u201d, \u00e8 una maschera che racconta una condizione umana universale.<\/p>\n<p><img loading=\"lazy\" decoding=\"async\" class=\"aligncenter size-full wp-image-758\" src=\"https:\/\/fedic.it\/magazine\/wp-content\/uploads\/2022\/09\/1.png\" alt=\"\" width=\"987\" height=\"514\" srcset=\"https:\/\/fedic.it\/magazine\/wp-content\/uploads\/2022\/09\/1.png 987w, https:\/\/fedic.it\/magazine\/wp-content\/uploads\/2022\/09\/1-300x156.png 300w, https:\/\/fedic.it\/magazine\/wp-content\/uploads\/2022\/09\/1-768x400.png 768w\" sizes=\"auto, (max-width: 987px) 100vw, 987px\" \/><\/p>\n<p>Questa \u00e8 la convinzione di Milena che di Paolo Villaggio, il creatore di Fantozzi, scrittore, regista, attore, \u00e8 stata moglie nella finzione cinematografica e amica nella vita reale. Bastano questi motivi per rendere il film legittimo oggetto di dibattito e di riflessione a scuola. Del film \u00e8 stata proposta la visione in streaming, ma le domande dei ragazzi e delle ragazze vertono, pi\u00f9 che sul personaggio o sulla sceneggiatura, sul lavoro dell\u2019attrice, il pi\u00f9 bello del mondo, dice Milena, in cui gioco e fatica si intrecciano. Capita a volte di non riuscire a togliersi di dosso il personaggio che si \u00e8 indagato e vissuto, ma se si fa prevalere la professionalit\u00e0, allora \u00e8 bello attraversare tante vite diverse senza lasciarsene travolgere, cogliendo anche qualche ispirazione per la propria quotidianit\u00e0. Alfredo, stimolato da una ex studentessa del liceo che vuole fare della recitazione il suo lavoro, invita a considerare quante e varie siano le professioni del cinema.<br \/>\nDopo il dibattito, trasmesso in streaming anche a qualcuna delle scuole partner europee, Milena, che gi\u00e0 nel pomeriggio a Brescia era stata fatta oggetto di interesse di schiere di ammiratori, concede dediche, autografi, fotografie. Dolce ed elegante, in un abito sobrio dalla personalit\u00e0 decisa, affronta anche una breve intervista in video per gli studenti europei: avrebbe potuto concederla tranquillamente in inglese, ma si decide per l\u2019italiano cos\u00ec da raggiungere pi\u00f9 facilmente le altre scuole sul territorio nazionale che produrranno booktrailer.<br \/>\nPoi c\u2019\u00e8 la serata a Leno, un paese della bassa bresciana, culturalmente molto attivo grazie a un Assessorato alla Cultura, gestito da Rossella De Pietro, che guarda con interesse al cinema e al suo dialogo con la letteratura e a una biblioteca che sa realizzare un rapporto di cura per i suoi utenti.<\/p>\n<p><img loading=\"lazy\" decoding=\"async\" class=\"aligncenter size-full wp-image-757\" src=\"https:\/\/fedic.it\/magazine\/wp-content\/uploads\/2022\/09\/2.png\" alt=\"\" width=\"789\" height=\"739\" srcset=\"https:\/\/fedic.it\/magazine\/wp-content\/uploads\/2022\/09\/2.png 789w, https:\/\/fedic.it\/magazine\/wp-content\/uploads\/2022\/09\/2-300x281.png 300w, https:\/\/fedic.it\/magazine\/wp-content\/uploads\/2022\/09\/2-768x719.png 768w\" sizes=\"auto, (max-width: 789px) 100vw, 789px\" \/><\/p>\n<p>Nell\u2019accogliente Teatro Comunale, a pochi passi dal municipio e dall\u2019Osteria Degli Amici, Milena e Alfredo si concedono ancora alle domande degli intervistatori che fanno emergere aneddoti e racconti anche privati come quei 25 anni che ha atteso Alfredo per conoscere Milena: sembra una storia da film e, invece, \u00e8 quella storia d\u2019amore che ognuno vorrebbe per s\u00e9.<\/p>\n","protected":false},"excerpt":{"rendered":"<p>di Laura Forcella Iascone Quando gli attori e le attrici che abbiamo conosciuto al cinema si siedono a tavola con noi, la sensazione \u00e8 quella di vivere dentro la magia dello schermo. Quando si tratta di Milena Vukotic, interprete di pi\u00f9 di cento film con registi del calibro di Bu\u00f1uel, Fellini, \u014cshima, Tarkovskij, Monicelli, Lattuada [&hellip;]<\/p>\n","protected":false},"author":4,"featured_media":0,"comment_status":"closed","ping_status":"closed","sticky":false,"template":"","format":"standard","meta":{"footnotes":""},"categories":[11],"tags":[24],"class_list":["post-784","post","type-post","status-publish","format-standard","hentry","category-fedic","tag-fedic-magazine-36"],"yoast_head":"<!-- This site is optimized with the Yoast SEO plugin v27.5 - https:\/\/yoast.com\/product\/yoast-seo-wordpress\/ -->\n<title>UNA GIORNATA PARTICOLARE\u00a0 CON MILENA VUKOTIC E SUO MARITO ALFREDO BALDI A BRESCIA IL 17 SETTEMBRE GRAZIE AL CINECLUB FEDIC AGENDA CINEMA - Fedic Magazine<\/title>\n<meta name=\"robots\" content=\"index, follow, max-snippet:-1, max-image-preview:large, max-video-preview:-1\" \/>\n<link rel=\"canonical\" href=\"https:\/\/fedic.it\/magazine\/una-giornata-particolare-con-milena-vukotic-e-suo-marito-alfredo-baldi-a-brescia-il-17-settembre-grazie-al-cineclub-fedic-agenda-cinema\/\" \/>\n<meta property=\"og:locale\" content=\"it_IT\" \/>\n<meta property=\"og:type\" content=\"article\" \/>\n<meta property=\"og:title\" content=\"UNA GIORNATA PARTICOLARE\u00a0 CON MILENA VUKOTIC E SUO MARITO ALFREDO BALDI A BRESCIA IL 17 SETTEMBRE GRAZIE AL CINECLUB FEDIC AGENDA CINEMA - Fedic Magazine\" \/>\n<meta property=\"og:description\" content=\"di Laura Forcella Iascone Quando gli attori e le attrici che abbiamo conosciuto al cinema si siedono a tavola con noi, la sensazione \u00e8 quella di vivere dentro la magia dello schermo. Quando si tratta di Milena Vukotic, interprete di pi\u00f9 di cento film con registi del calibro di Bu\u00f1uel, Fellini, \u014cshima, Tarkovskij, Monicelli, Lattuada [&hellip;]\" \/>\n<meta property=\"og:url\" content=\"https:\/\/fedic.it\/magazine\/una-giornata-particolare-con-milena-vukotic-e-suo-marito-alfredo-baldi-a-brescia-il-17-settembre-grazie-al-cineclub-fedic-agenda-cinema\/\" \/>\n<meta property=\"og:site_name\" content=\"Fedic Magazine\" \/>\n<meta property=\"article:published_time\" content=\"2022-09-23T08:03:40+00:00\" \/>\n<meta property=\"og:image\" content=\"https:\/\/fedic.it\/magazine\/wp-content\/uploads\/2022\/09\/Il-Giornale-di-Brescia-14-settembre-2022.png\" \/>\n<meta name=\"author\" content=\"redazione\" \/>\n<meta name=\"twitter:card\" content=\"summary_large_image\" \/>\n<meta name=\"twitter:label1\" content=\"Scritto da\" \/>\n\t<meta name=\"twitter:data1\" content=\"redazione\" \/>\n\t<meta name=\"twitter:label2\" content=\"Tempo di lettura stimato\" \/>\n\t<meta name=\"twitter:data2\" content=\"5 minuti\" \/>\n<script type=\"application\/ld+json\" class=\"yoast-schema-graph\">{\"@context\":\"https:\\\/\\\/schema.org\",\"@graph\":[{\"@type\":\"Article\",\"@id\":\"https:\\\/\\\/fedic.it\\\/magazine\\\/una-giornata-particolare-con-milena-vukotic-e-suo-marito-alfredo-baldi-a-brescia-il-17-settembre-grazie-al-cineclub-fedic-agenda-cinema\\\/#article\",\"isPartOf\":{\"@id\":\"https:\\\/\\\/fedic.it\\\/magazine\\\/una-giornata-particolare-con-milena-vukotic-e-suo-marito-alfredo-baldi-a-brescia-il-17-settembre-grazie-al-cineclub-fedic-agenda-cinema\\\/\"},\"author\":{\"name\":\"redazione\",\"@id\":\"https:\\\/\\\/fedic.it\\\/magazine\\\/#\\\/schema\\\/person\\\/49d2a224aa980c875e12fa73c5601332\"},\"headline\":\"UNA GIORNATA PARTICOLARE\u00a0 CON MILENA VUKOTIC E SUO MARITO ALFREDO BALDI A BRESCIA IL 17 SETTEMBRE GRAZIE AL CINECLUB FEDIC AGENDA CINEMA\",\"datePublished\":\"2022-09-23T08:03:40+00:00\",\"mainEntityOfPage\":{\"@id\":\"https:\\\/\\\/fedic.it\\\/magazine\\\/una-giornata-particolare-con-milena-vukotic-e-suo-marito-alfredo-baldi-a-brescia-il-17-settembre-grazie-al-cineclub-fedic-agenda-cinema\\\/\"},\"wordCount\":785,\"publisher\":{\"@id\":\"https:\\\/\\\/fedic.it\\\/magazine\\\/#organization\"},\"image\":{\"@id\":\"https:\\\/\\\/fedic.it\\\/magazine\\\/una-giornata-particolare-con-milena-vukotic-e-suo-marito-alfredo-baldi-a-brescia-il-17-settembre-grazie-al-cineclub-fedic-agenda-cinema\\\/#primaryimage\"},\"thumbnailUrl\":\"https:\\\/\\\/fedic.it\\\/magazine\\\/wp-content\\\/uploads\\\/2022\\\/09\\\/Il-Giornale-di-Brescia-14-settembre-2022.png\",\"keywords\":[\"FEDIC Magazine 36\"],\"articleSection\":[\"Fedic\"],\"inLanguage\":\"it-IT\"},{\"@type\":\"WebPage\",\"@id\":\"https:\\\/\\\/fedic.it\\\/magazine\\\/una-giornata-particolare-con-milena-vukotic-e-suo-marito-alfredo-baldi-a-brescia-il-17-settembre-grazie-al-cineclub-fedic-agenda-cinema\\\/\",\"url\":\"https:\\\/\\\/fedic.it\\\/magazine\\\/una-giornata-particolare-con-milena-vukotic-e-suo-marito-alfredo-baldi-a-brescia-il-17-settembre-grazie-al-cineclub-fedic-agenda-cinema\\\/\",\"name\":\"UNA GIORNATA PARTICOLARE\u00a0 CON MILENA VUKOTIC E SUO MARITO ALFREDO BALDI A BRESCIA IL 17 SETTEMBRE GRAZIE AL CINECLUB FEDIC AGENDA CINEMA - Fedic Magazine\",\"isPartOf\":{\"@id\":\"https:\\\/\\\/fedic.it\\\/magazine\\\/#website\"},\"primaryImageOfPage\":{\"@id\":\"https:\\\/\\\/fedic.it\\\/magazine\\\/una-giornata-particolare-con-milena-vukotic-e-suo-marito-alfredo-baldi-a-brescia-il-17-settembre-grazie-al-cineclub-fedic-agenda-cinema\\\/#primaryimage\"},\"image\":{\"@id\":\"https:\\\/\\\/fedic.it\\\/magazine\\\/una-giornata-particolare-con-milena-vukotic-e-suo-marito-alfredo-baldi-a-brescia-il-17-settembre-grazie-al-cineclub-fedic-agenda-cinema\\\/#primaryimage\"},\"thumbnailUrl\":\"https:\\\/\\\/fedic.it\\\/magazine\\\/wp-content\\\/uploads\\\/2022\\\/09\\\/Il-Giornale-di-Brescia-14-settembre-2022.png\",\"datePublished\":\"2022-09-23T08:03:40+00:00\",\"breadcrumb\":{\"@id\":\"https:\\\/\\\/fedic.it\\\/magazine\\\/una-giornata-particolare-con-milena-vukotic-e-suo-marito-alfredo-baldi-a-brescia-il-17-settembre-grazie-al-cineclub-fedic-agenda-cinema\\\/#breadcrumb\"},\"inLanguage\":\"it-IT\",\"potentialAction\":[{\"@type\":\"ReadAction\",\"target\":[\"https:\\\/\\\/fedic.it\\\/magazine\\\/una-giornata-particolare-con-milena-vukotic-e-suo-marito-alfredo-baldi-a-brescia-il-17-settembre-grazie-al-cineclub-fedic-agenda-cinema\\\/\"]}]},{\"@type\":\"ImageObject\",\"inLanguage\":\"it-IT\",\"@id\":\"https:\\\/\\\/fedic.it\\\/magazine\\\/una-giornata-particolare-con-milena-vukotic-e-suo-marito-alfredo-baldi-a-brescia-il-17-settembre-grazie-al-cineclub-fedic-agenda-cinema\\\/#primaryimage\",\"url\":\"https:\\\/\\\/fedic.it\\\/magazine\\\/wp-content\\\/uploads\\\/2022\\\/09\\\/Il-Giornale-di-Brescia-14-settembre-2022.png\",\"contentUrl\":\"https:\\\/\\\/fedic.it\\\/magazine\\\/wp-content\\\/uploads\\\/2022\\\/09\\\/Il-Giornale-di-Brescia-14-settembre-2022.png\",\"width\":1004,\"height\":479,\"caption\":\"\u201cIl Giornale di Brescia\u201d 14 settembre 2022\"},{\"@type\":\"BreadcrumbList\",\"@id\":\"https:\\\/\\\/fedic.it\\\/magazine\\\/una-giornata-particolare-con-milena-vukotic-e-suo-marito-alfredo-baldi-a-brescia-il-17-settembre-grazie-al-cineclub-fedic-agenda-cinema\\\/#breadcrumb\",\"itemListElement\":[{\"@type\":\"ListItem\",\"position\":1,\"name\":\"Home\",\"item\":\"https:\\\/\\\/fedic.it\\\/magazine\\\/\"},{\"@type\":\"ListItem\",\"position\":2,\"name\":\"UNA GIORNATA PARTICOLARE\u00a0 CON MILENA VUKOTIC E SUO MARITO ALFREDO BALDI A BRESCIA IL 17 SETTEMBRE GRAZIE AL CINECLUB FEDIC AGENDA CINEMA\"}]},{\"@type\":\"WebSite\",\"@id\":\"https:\\\/\\\/fedic.it\\\/magazine\\\/#website\",\"url\":\"https:\\\/\\\/fedic.it\\\/magazine\\\/\",\"name\":\"Fedic Magazine\",\"description\":\"Il blog della Federazione Italiana dei Cineclub\",\"publisher\":{\"@id\":\"https:\\\/\\\/fedic.it\\\/magazine\\\/#organization\"},\"potentialAction\":[{\"@type\":\"SearchAction\",\"target\":{\"@type\":\"EntryPoint\",\"urlTemplate\":\"https:\\\/\\\/fedic.it\\\/magazine\\\/?s={search_term_string}\"},\"query-input\":{\"@type\":\"PropertyValueSpecification\",\"valueRequired\":true,\"valueName\":\"search_term_string\"}}],\"inLanguage\":\"it-IT\"},{\"@type\":\"Organization\",\"@id\":\"https:\\\/\\\/fedic.it\\\/magazine\\\/#organization\",\"name\":\"Fedic Magazine\",\"url\":\"https:\\\/\\\/fedic.it\\\/magazine\\\/\",\"logo\":{\"@type\":\"ImageObject\",\"inLanguage\":\"it-IT\",\"@id\":\"https:\\\/\\\/fedic.it\\\/magazine\\\/#\\\/schema\\\/logo\\\/image\\\/\",\"url\":\"https:\\\/\\\/fedic.it\\\/magazine\\\/wp-content\\\/uploads\\\/2021\\\/07\\\/logo-fedic-magazine-ok.jpg\",\"contentUrl\":\"https:\\\/\\\/fedic.it\\\/magazine\\\/wp-content\\\/uploads\\\/2021\\\/07\\\/logo-fedic-magazine-ok.jpg\",\"width\":405,\"height\":110,\"caption\":\"Fedic Magazine\"},\"image\":{\"@id\":\"https:\\\/\\\/fedic.it\\\/magazine\\\/#\\\/schema\\\/logo\\\/image\\\/\"}},{\"@type\":\"Person\",\"@id\":\"https:\\\/\\\/fedic.it\\\/magazine\\\/#\\\/schema\\\/person\\\/49d2a224aa980c875e12fa73c5601332\",\"name\":\"redazione\",\"image\":{\"@type\":\"ImageObject\",\"inLanguage\":\"it-IT\",\"@id\":\"https:\\\/\\\/secure.gravatar.com\\\/avatar\\\/3df0bdaff167c479390d8c1d9ba8338511cc6ea40b290cd3d84683663005fd1c?s=96&d=mm&r=g\",\"url\":\"https:\\\/\\\/secure.gravatar.com\\\/avatar\\\/3df0bdaff167c479390d8c1d9ba8338511cc6ea40b290cd3d84683663005fd1c?s=96&d=mm&r=g\",\"contentUrl\":\"https:\\\/\\\/secure.gravatar.com\\\/avatar\\\/3df0bdaff167c479390d8c1d9ba8338511cc6ea40b290cd3d84683663005fd1c?s=96&d=mm&r=g\",\"caption\":\"redazione\"},\"url\":\"https:\\\/\\\/fedic.it\\\/magazine\\\/author\\\/redazione\\\/\"}]}<\/script>\n<!-- \/ Yoast SEO plugin. -->","yoast_head_json":{"title":"UNA GIORNATA PARTICOLARE\u00a0 CON MILENA VUKOTIC E SUO MARITO ALFREDO BALDI A BRESCIA IL 17 SETTEMBRE GRAZIE AL CINECLUB FEDIC AGENDA CINEMA - Fedic Magazine","robots":{"index":"index","follow":"follow","max-snippet":"max-snippet:-1","max-image-preview":"max-image-preview:large","max-video-preview":"max-video-preview:-1"},"canonical":"https:\/\/fedic.it\/magazine\/una-giornata-particolare-con-milena-vukotic-e-suo-marito-alfredo-baldi-a-brescia-il-17-settembre-grazie-al-cineclub-fedic-agenda-cinema\/","og_locale":"it_IT","og_type":"article","og_title":"UNA GIORNATA PARTICOLARE\u00a0 CON MILENA VUKOTIC E SUO MARITO ALFREDO BALDI A BRESCIA IL 17 SETTEMBRE GRAZIE AL CINECLUB FEDIC AGENDA CINEMA - Fedic Magazine","og_description":"di Laura Forcella Iascone Quando gli attori e le attrici che abbiamo conosciuto al cinema si siedono a tavola con noi, la sensazione \u00e8 quella di vivere dentro la magia dello schermo. Quando si tratta di Milena Vukotic, interprete di pi\u00f9 di cento film con registi del calibro di Bu\u00f1uel, Fellini, \u014cshima, Tarkovskij, Monicelli, Lattuada [&hellip;]","og_url":"https:\/\/fedic.it\/magazine\/una-giornata-particolare-con-milena-vukotic-e-suo-marito-alfredo-baldi-a-brescia-il-17-settembre-grazie-al-cineclub-fedic-agenda-cinema\/","og_site_name":"Fedic Magazine","article_published_time":"2022-09-23T08:03:40+00:00","og_image":[{"url":"https:\/\/fedic.it\/magazine\/wp-content\/uploads\/2022\/09\/Il-Giornale-di-Brescia-14-settembre-2022.png","type":"","width":"","height":""}],"author":"redazione","twitter_card":"summary_large_image","twitter_misc":{"Scritto da":"redazione","Tempo di lettura stimato":"5 minuti"},"schema":{"@context":"https:\/\/schema.org","@graph":[{"@type":"Article","@id":"https:\/\/fedic.it\/magazine\/una-giornata-particolare-con-milena-vukotic-e-suo-marito-alfredo-baldi-a-brescia-il-17-settembre-grazie-al-cineclub-fedic-agenda-cinema\/#article","isPartOf":{"@id":"https:\/\/fedic.it\/magazine\/una-giornata-particolare-con-milena-vukotic-e-suo-marito-alfredo-baldi-a-brescia-il-17-settembre-grazie-al-cineclub-fedic-agenda-cinema\/"},"author":{"name":"redazione","@id":"https:\/\/fedic.it\/magazine\/#\/schema\/person\/49d2a224aa980c875e12fa73c5601332"},"headline":"UNA GIORNATA PARTICOLARE\u00a0 CON MILENA VUKOTIC E SUO MARITO ALFREDO BALDI A BRESCIA IL 17 SETTEMBRE GRAZIE AL CINECLUB FEDIC AGENDA CINEMA","datePublished":"2022-09-23T08:03:40+00:00","mainEntityOfPage":{"@id":"https:\/\/fedic.it\/magazine\/una-giornata-particolare-con-milena-vukotic-e-suo-marito-alfredo-baldi-a-brescia-il-17-settembre-grazie-al-cineclub-fedic-agenda-cinema\/"},"wordCount":785,"publisher":{"@id":"https:\/\/fedic.it\/magazine\/#organization"},"image":{"@id":"https:\/\/fedic.it\/magazine\/una-giornata-particolare-con-milena-vukotic-e-suo-marito-alfredo-baldi-a-brescia-il-17-settembre-grazie-al-cineclub-fedic-agenda-cinema\/#primaryimage"},"thumbnailUrl":"https:\/\/fedic.it\/magazine\/wp-content\/uploads\/2022\/09\/Il-Giornale-di-Brescia-14-settembre-2022.png","keywords":["FEDIC Magazine 36"],"articleSection":["Fedic"],"inLanguage":"it-IT"},{"@type":"WebPage","@id":"https:\/\/fedic.it\/magazine\/una-giornata-particolare-con-milena-vukotic-e-suo-marito-alfredo-baldi-a-brescia-il-17-settembre-grazie-al-cineclub-fedic-agenda-cinema\/","url":"https:\/\/fedic.it\/magazine\/una-giornata-particolare-con-milena-vukotic-e-suo-marito-alfredo-baldi-a-brescia-il-17-settembre-grazie-al-cineclub-fedic-agenda-cinema\/","name":"UNA GIORNATA PARTICOLARE\u00a0 CON MILENA VUKOTIC E SUO MARITO ALFREDO BALDI A BRESCIA IL 17 SETTEMBRE GRAZIE AL CINECLUB FEDIC AGENDA CINEMA - Fedic Magazine","isPartOf":{"@id":"https:\/\/fedic.it\/magazine\/#website"},"primaryImageOfPage":{"@id":"https:\/\/fedic.it\/magazine\/una-giornata-particolare-con-milena-vukotic-e-suo-marito-alfredo-baldi-a-brescia-il-17-settembre-grazie-al-cineclub-fedic-agenda-cinema\/#primaryimage"},"image":{"@id":"https:\/\/fedic.it\/magazine\/una-giornata-particolare-con-milena-vukotic-e-suo-marito-alfredo-baldi-a-brescia-il-17-settembre-grazie-al-cineclub-fedic-agenda-cinema\/#primaryimage"},"thumbnailUrl":"https:\/\/fedic.it\/magazine\/wp-content\/uploads\/2022\/09\/Il-Giornale-di-Brescia-14-settembre-2022.png","datePublished":"2022-09-23T08:03:40+00:00","breadcrumb":{"@id":"https:\/\/fedic.it\/magazine\/una-giornata-particolare-con-milena-vukotic-e-suo-marito-alfredo-baldi-a-brescia-il-17-settembre-grazie-al-cineclub-fedic-agenda-cinema\/#breadcrumb"},"inLanguage":"it-IT","potentialAction":[{"@type":"ReadAction","target":["https:\/\/fedic.it\/magazine\/una-giornata-particolare-con-milena-vukotic-e-suo-marito-alfredo-baldi-a-brescia-il-17-settembre-grazie-al-cineclub-fedic-agenda-cinema\/"]}]},{"@type":"ImageObject","inLanguage":"it-IT","@id":"https:\/\/fedic.it\/magazine\/una-giornata-particolare-con-milena-vukotic-e-suo-marito-alfredo-baldi-a-brescia-il-17-settembre-grazie-al-cineclub-fedic-agenda-cinema\/#primaryimage","url":"https:\/\/fedic.it\/magazine\/wp-content\/uploads\/2022\/09\/Il-Giornale-di-Brescia-14-settembre-2022.png","contentUrl":"https:\/\/fedic.it\/magazine\/wp-content\/uploads\/2022\/09\/Il-Giornale-di-Brescia-14-settembre-2022.png","width":1004,"height":479,"caption":"\u201cIl Giornale di Brescia\u201d 14 settembre 2022"},{"@type":"BreadcrumbList","@id":"https:\/\/fedic.it\/magazine\/una-giornata-particolare-con-milena-vukotic-e-suo-marito-alfredo-baldi-a-brescia-il-17-settembre-grazie-al-cineclub-fedic-agenda-cinema\/#breadcrumb","itemListElement":[{"@type":"ListItem","position":1,"name":"Home","item":"https:\/\/fedic.it\/magazine\/"},{"@type":"ListItem","position":2,"name":"UNA GIORNATA PARTICOLARE\u00a0 CON MILENA VUKOTIC E SUO MARITO ALFREDO BALDI A BRESCIA IL 17 SETTEMBRE GRAZIE AL CINECLUB FEDIC AGENDA CINEMA"}]},{"@type":"WebSite","@id":"https:\/\/fedic.it\/magazine\/#website","url":"https:\/\/fedic.it\/magazine\/","name":"Fedic Magazine","description":"Il blog della Federazione Italiana dei Cineclub","publisher":{"@id":"https:\/\/fedic.it\/magazine\/#organization"},"potentialAction":[{"@type":"SearchAction","target":{"@type":"EntryPoint","urlTemplate":"https:\/\/fedic.it\/magazine\/?s={search_term_string}"},"query-input":{"@type":"PropertyValueSpecification","valueRequired":true,"valueName":"search_term_string"}}],"inLanguage":"it-IT"},{"@type":"Organization","@id":"https:\/\/fedic.it\/magazine\/#organization","name":"Fedic Magazine","url":"https:\/\/fedic.it\/magazine\/","logo":{"@type":"ImageObject","inLanguage":"it-IT","@id":"https:\/\/fedic.it\/magazine\/#\/schema\/logo\/image\/","url":"https:\/\/fedic.it\/magazine\/wp-content\/uploads\/2021\/07\/logo-fedic-magazine-ok.jpg","contentUrl":"https:\/\/fedic.it\/magazine\/wp-content\/uploads\/2021\/07\/logo-fedic-magazine-ok.jpg","width":405,"height":110,"caption":"Fedic Magazine"},"image":{"@id":"https:\/\/fedic.it\/magazine\/#\/schema\/logo\/image\/"}},{"@type":"Person","@id":"https:\/\/fedic.it\/magazine\/#\/schema\/person\/49d2a224aa980c875e12fa73c5601332","name":"redazione","image":{"@type":"ImageObject","inLanguage":"it-IT","@id":"https:\/\/secure.gravatar.com\/avatar\/3df0bdaff167c479390d8c1d9ba8338511cc6ea40b290cd3d84683663005fd1c?s=96&d=mm&r=g","url":"https:\/\/secure.gravatar.com\/avatar\/3df0bdaff167c479390d8c1d9ba8338511cc6ea40b290cd3d84683663005fd1c?s=96&d=mm&r=g","contentUrl":"https:\/\/secure.gravatar.com\/avatar\/3df0bdaff167c479390d8c1d9ba8338511cc6ea40b290cd3d84683663005fd1c?s=96&d=mm&r=g","caption":"redazione"},"url":"https:\/\/fedic.it\/magazine\/author\/redazione\/"}]}},"jetpack_featured_media_url":"","_links":{"self":[{"href":"https:\/\/fedic.it\/magazine\/wp-json\/wp\/v2\/posts\/784","targetHints":{"allow":["GET"]}}],"collection":[{"href":"https:\/\/fedic.it\/magazine\/wp-json\/wp\/v2\/posts"}],"about":[{"href":"https:\/\/fedic.it\/magazine\/wp-json\/wp\/v2\/types\/post"}],"author":[{"embeddable":true,"href":"https:\/\/fedic.it\/magazine\/wp-json\/wp\/v2\/users\/4"}],"replies":[{"embeddable":true,"href":"https:\/\/fedic.it\/magazine\/wp-json\/wp\/v2\/comments?post=784"}],"version-history":[{"count":1,"href":"https:\/\/fedic.it\/magazine\/wp-json\/wp\/v2\/posts\/784\/revisions"}],"predecessor-version":[{"id":785,"href":"https:\/\/fedic.it\/magazine\/wp-json\/wp\/v2\/posts\/784\/revisions\/785"}],"wp:attachment":[{"href":"https:\/\/fedic.it\/magazine\/wp-json\/wp\/v2\/media?parent=784"}],"wp:term":[{"taxonomy":"category","embeddable":true,"href":"https:\/\/fedic.it\/magazine\/wp-json\/wp\/v2\/categories?post=784"},{"taxonomy":"post_tag","embeddable":true,"href":"https:\/\/fedic.it\/magazine\/wp-json\/wp\/v2\/tags?post=784"}],"curies":[{"name":"wp","href":"https:\/\/api.w.org\/{rel}","templated":true}]}}