{"id":690,"date":"2022-07-26T13:42:11","date_gmt":"2022-07-26T13:42:11","guid":{"rendered":"https:\/\/fedic.it\/magazine\/?p=690"},"modified":"2022-07-26T13:53:38","modified_gmt":"2022-07-26T13:53:38","slug":"editoriale-8","status":"publish","type":"post","link":"https:\/\/fedic.it\/magazine\/editoriale-8\/","title":{"rendered":"EDITORIALE"},"content":{"rendered":"<p>Uno speciale di FEDIC Magazine per il 72. Italia Film Fedic che si \u00e8 svolto a Montecatini Terme dal 22 al 26 Giugno. Citt\u00e0 che ha tenuto a battesimo il Festival FEDIC, allora denominato Concorso Nazionale del Film d\u2019Amatore di Montecatini, dopo che nel 1949 in quella citt\u00e0 termale si era costituita la FEDIC &#8211; Federazione Italiana dei Cineclub. Un Festival, la cui articolazione la si pu\u00f2 rilevare da alcuni articoli qui pubblicati che ne puntualizzano i momenti principali, ma anche attraverso la sintesi dei Comunicati Stampa emessi prima, durante e dopo il Festival dall\u2019Ufficio Stampa curato da Giuseppe Mallozzi. Segue un corposo Dossier di Testimonianze\u00a0da cui si pu\u00f2 rilevare il successo tra i partecipanti\u00a0del 72. Italia Film Fedic.<\/p>\n<figure id=\"attachment_694\" aria-describedby=\"caption-attachment-694\" style=\"width: 802px\" class=\"wp-caption aligncenter\"><img loading=\"lazy\" decoding=\"async\" class=\"size-full wp-image-694\" src=\"https:\/\/fedic.it\/magazine\/wp-content\/uploads\/2022\/07\/Il-Vicesindaco-e-Assessore-alla-cultura-.png\" alt=\"\" width=\"802\" height=\"535\" srcset=\"https:\/\/fedic.it\/magazine\/wp-content\/uploads\/2022\/07\/Il-Vicesindaco-e-Assessore-alla-cultura-.png 802w, https:\/\/fedic.it\/magazine\/wp-content\/uploads\/2022\/07\/Il-Vicesindaco-e-Assessore-alla-cultura--300x200.png 300w, https:\/\/fedic.it\/magazine\/wp-content\/uploads\/2022\/07\/Il-Vicesindaco-e-Assessore-alla-cultura--768x512.png 768w, https:\/\/fedic.it\/magazine\/wp-content\/uploads\/2022\/07\/Il-Vicesindaco-e-Assessore-alla-cultura--360x241.png 360w\" sizes=\"auto, (max-width: 802px) 100vw, 802px\" \/><figcaption id=\"caption-attachment-694\" class=\"wp-caption-text\">Il Vicesindaco e Assessore alla cultura Alessandro Sartoni insieme al Presidente FEDIC Lorenzo Caravello al taglio del nastro della Mostra su Pier Paolo Pasolini<\/figcaption><\/figure>\n<p>Il 72. Italia Film Fedic ha avuto anche il parere positivo dell\u2019Amministrazione Comunale di Montecatini Terme attraverso una lettera del Vicesindaco e Assessore alla Cultura\u00a0Alessandro Sartoni\u00a0 in cui afferma \u00a0come la manifestazione sia stata \u201cun\u2019occasione per rinsaldare i rapporti col mondo del cinema, in una delle sue declinazioni pi\u00f9 note: con l\u2019uso delle nuove tecnologie ritengo che il cortometraggio possa vivere una seconda giovinezza anche al di fuori dei suoi storici canoni. Con i nuovi strumenti sempre pi\u00f9 raffinati e popolarmente diffusi tutti noi facciamo, pi\u00f9 volte alla settimana, un nostro particolare e magari molto elementare cortometraggio che rappresenta momenti di vita vissuta\u201d. Concludendo con un ringraziamento \u201cad\u00a0Italia Film Fedic, al Presidente Caravello e a tutti coloro che si sono impegnati per realizzare una rassegna di elevato profilo\u201d. Un ringraziamento che sprona la FEDIC\u00a0e tutti noi che le diamo vita ad operare con passione e capacit\u00e0 per ottenere sempre maggiori risultati.<br \/>\nPlauso anche dai critici che vi hanno partecipato. Valerio Caprara mitico collaboratore di \u201cIl Mattino\u201d di Napoli e al Festival in veste di giurato di Fedic Short, dopo aver premesso di essere ritornato a Montecatini \u00a0in un periodo non lieto dal punto di vista personale e collettivo \u201c a causa della maledetta pandemia\u201d dichiara che i tre giorni trascorsi a Montecatini hanno costituito per lui \u201cuna sorta di cura ricostituente migliore di quella che avrebbe potuto prescrivermi un bravo dottore: intendo dire che le qualit\u00e0 e i modi degli organizzatori di un evento non facile da gestire per il numero e il fervore dei contenuti mi ha riportato , senza per questo indulgere a una melensa <em>laudatio temporis acti<\/em>, al ricordo \u00a0di tempi pi\u00f9 sereni , inclusivi, inclusivi, propositivi e meno frenetici\u201d aggiungendo poi a proposito di crisi del cinema che \u201c Le forze che si oppongono ragionevolmente\u00a0 all\u2019idea che fra la visione sociale su grande schermo e quella domestica non vi siano sostanziali differenze ci sono, a Montecatini le ho viste e sentite agguerrite in difesa del fulgore\u00a0 e la sacralit\u00e0 del cinema non solo sul piano culturale, ma anche su quello economico essendo altamente improbabile che le risorse derivate dalle piattaforme siano in grado di sostituire integralmente gli attuali ricavi del mercato\u201d. Concludendo che\u00a0\u201cDalla stazione di Montecatini si riparte sempre e ci si ferma solo per sentirsi uniti\u201d.<br \/>\nCarlo Griseri di info.cinemaitaliano afferma che \u201csegnali importanti sono arrivati dalla programmazione di nuovi corti, ma anche dall\u2019organizzazione che ha trovato una vera sala, un nuovo spazio in programma per Mostre e una struttura che sembra davvero sempre pi\u00f9 solida\u201d. Un plauso anche dal Presidente UNICA Rolf Leuenberger che conclude le sue riflessioni sul Festival\u00a0\u00a0 dicendo che \u201cMontecatini \u00e8 il luogo ideale per il Festival Italia Film Fedic.<\/p>\n<figure id=\"attachment_695\" aria-describedby=\"caption-attachment-695\" style=\"width: 462px\" class=\"wp-caption aligncenter\"><img loading=\"lazy\" decoding=\"async\" class=\"size-full wp-image-695\" src=\"https:\/\/fedic.it\/magazine\/wp-content\/uploads\/2022\/07\/Il-Presidente-UNICA-Rolf-Leuenberger.png\" alt=\"\" width=\"462\" height=\"550\" srcset=\"https:\/\/fedic.it\/magazine\/wp-content\/uploads\/2022\/07\/Il-Presidente-UNICA-Rolf-Leuenberger.png 462w, https:\/\/fedic.it\/magazine\/wp-content\/uploads\/2022\/07\/Il-Presidente-UNICA-Rolf-Leuenberger-252x300.png 252w\" sizes=\"auto, (max-width: 462px) 100vw, 462px\" \/><figcaption id=\"caption-attachment-695\" class=\"wp-caption-text\">Il Presidente UNICA Rolf Leuenberger<\/figcaption><\/figure>\n<p>Spero anche che sia cos\u00ec per molti anni a venire\u201d e ringrazia anche tutti \u201cper la cordiale accoglienza. Ciak si gira, a presto\u201d. E da Ivano Marescotti che ringrazia per \u201cavermi\u00a0fatto l\u2019onore di offrirmi, assieme ad un gigante della storia del nostro cinema come Franco Piavoli, il premio alla Carriera\u201d e scrive:\u201d di ritorno dal Festival Fedic 2022 a Montecatini mi porto dietro un senso di gratitudine verso la Fedic, la sua organizzazione e tutti quei giovani registi, attori e sceneggiatori presenti al Festival\u201d. Il riconoscimento a Franco Piavoli \u00e8 stato evidenziato da Laura Forcella Iascone (Cineclub AGEnda Cinema di Brescia) che ha evidenziato come al regista bresciano \u201c\u00e8 stato riconosciuto il merito di avere rinnovato il linguaggio del cinema con la scelta di farne una partitura di immagini e suoni in cui anche le parole, quando ci sono, contano non tanto e non solo per quello che dicono, ma per la musica che producono\u201d. Aggiungendo: \u201cLo incontriamo sereno come sempre \u2013 o almeno serenit\u00e0 \u00e8 quello che ci trasmette &#8211; , lucido a rivendicare la forza del suo cinema che paragona\u00a0 &#8211; immodestamente dice \u2013 a una sinfonia di Beethoven. Lontano dai montaggi rapidi a cui ci ha abituato tanto cinema americano Fast&amp;Furios,\u00a0Franco Piavoli, pigro come racconta di essere, preferisce i tempi lunghi della contemplazione e della riflessione. Preferisce raccontare visivamente\u00a0concentrandosi sull\u2019intensit\u00e0 degli sguardi, sui dettagli dei visi, sulla sacralit\u00e0 di alcuni gesti\u201d.<\/p>\n<p>Dal canto suo Mariangela Michieletto, Archivista dell\u2019Archivio Nazionale Cinema \u00a0d\u2019Impresa \u2013 CSC di Ivrea, che segue la Cineteca Fedic insieme ad un Comitato Scientifico( presieduto da Paolo Micalizzi e composto da Lorenzo Caravello, Laura Biggi, Gianluca Castellini e Marco Rosati), \u00a0dichiara che \u201c Tutti i film presenti in Concorso e nelle diverse sezioni(Fedic Short, Vetrina Fedic, Fedic REFF) \u00a0erano molto interessanti per l\u2019originalit\u00e0 dei soggetti, la cura dell\u2019ambientazione, i diversi generi e stili di regia\u201d ed anche \u201cle opere della sezione Fedic Scuola hanno stupito il pubblico per l\u2019originalit\u00e0 e la qualit\u00e0 tecnica; dalla scuola primaria agli istituti superiori, i giovani \u00a0autori hanno riscoperto eventi e leggende della storia\u00a0 locale e\u00a0 tematiche attuali come la salvaguardia dell\u2019ambiente, l\u2019integrazione e l\u2019impegno sociale con freschezza e buone doti di recitazione\u201d.<\/p>\n<figure id=\"attachment_696\" aria-describedby=\"caption-attachment-696\" style=\"width: 870px\" class=\"wp-caption aligncenter\"><img loading=\"lazy\" decoding=\"async\" class=\"size-full wp-image-696\" src=\"https:\/\/fedic.it\/magazine\/wp-content\/uploads\/2022\/07\/Mariangela-Michieletto-insieme-a-Paolo-Micalizzi.png\" alt=\"\" width=\"870\" height=\"581\" srcset=\"https:\/\/fedic.it\/magazine\/wp-content\/uploads\/2022\/07\/Mariangela-Michieletto-insieme-a-Paolo-Micalizzi.png 870w, https:\/\/fedic.it\/magazine\/wp-content\/uploads\/2022\/07\/Mariangela-Michieletto-insieme-a-Paolo-Micalizzi-300x200.png 300w, https:\/\/fedic.it\/magazine\/wp-content\/uploads\/2022\/07\/Mariangela-Michieletto-insieme-a-Paolo-Micalizzi-768x513.png 768w, https:\/\/fedic.it\/magazine\/wp-content\/uploads\/2022\/07\/Mariangela-Michieletto-insieme-a-Paolo-Micalizzi-360x241.png 360w\" sizes=\"auto, (max-width: 870px) 100vw, 870px\" \/><figcaption id=\"caption-attachment-696\" class=\"wp-caption-text\">Mariangela Michieletto insieme a Paolo Micalizzi<\/figcaption><\/figure>\n<p>E rileva anche \u201cche la produzione dei Cineclub Fedic presentata negli anni\u00a0a Montecatini \u00e8 spesso frutto della collaborazione di pi\u00f9 autori e testimonianza di un ambiente creativo dove idee e opere circolavano (come indicano i segni di usura delle copie in pellicola della Cineteca storica dovuti alle numerose proiezioni effettuate\u201d. \u00a0C\u2019\u00e8 poi, per il primo anno al Festival IFF, Silvia Moras che sottolinea l\u2019importanza di mostrare i materiali d\u2019archivio ed auspica un ampliamento della sezione. Il genovese \u00a0Fiorenzo Pampolini, con esperienze di \u00a0conduttore \u00a0di spettacoli dopo aver dichiarato d\u2019aver avuto il piacere e l\u2019onore di essere stato \u00a0il presentatore delle tre giornate ha evidenziato, che per lui che segue il cinema pi\u00f9 da fruitore che da addetto ai lavori, \u00e8 stato di estremo interesse vedere cos\u00ec tante persone unite da una passione comune e che considera \u201c una magia del cinema quella di accomunare gente di ogni et\u00e0, rappresentate nell\u2019evento di Montecatini\u201d: \u00a0dai giovani autori \u00a0ai premi alla Carriera Franco Piavoli (classe 1933) e Ivano Marescotti che superati i 70 anni ha deciso di abbandonare le scene. Giuseppe Barbanti, critico ed operatore culturale per il Cinit &#8211; Cineforum ha poi considerato\u00a0come un aspetto positivo la scelta di far svolgere il Festival all\u2019interno del Cinema Imperiale aggiungendo che \u201csotto il prospetto formativo delle giovani generazioni ed educativo del pubblico la scelta del cinema come sede della manifestazione assume un significato molto importante\u201d perch\u00e9 valorizza i \u201cluoghi\u201d del cinema, letteralmente scomparsi nei piccoli centri.<\/p>\n<figure id=\"attachment_692\" aria-describedby=\"caption-attachment-692\" style=\"width: 912px\" class=\"wp-caption aligncenter\"><img loading=\"lazy\" decoding=\"async\" class=\"size-full wp-image-692\" src=\"https:\/\/fedic.it\/magazine\/wp-content\/uploads\/2022\/07\/piavoli.png\" alt=\"\" width=\"912\" height=\"670\" srcset=\"https:\/\/fedic.it\/magazine\/wp-content\/uploads\/2022\/07\/piavoli.png 912w, https:\/\/fedic.it\/magazine\/wp-content\/uploads\/2022\/07\/piavoli-300x220.png 300w, https:\/\/fedic.it\/magazine\/wp-content\/uploads\/2022\/07\/piavoli-768x564.png 768w, https:\/\/fedic.it\/magazine\/wp-content\/uploads\/2022\/07\/piavoli-330x241.png 330w\" sizes=\"auto, (max-width: 912px) 100vw, 912px\" \/><figcaption id=\"caption-attachment-692\" class=\"wp-caption-text\">Ivano Marescotti e Franco Piavoli premiati dal Presidente FEDIC Lorenzo Caravello<\/figcaption><\/figure>\n<p>Marcello Cella ha poi dichiarato: \u201cHo sempre molto\u00a0amato Montecatini (e anche Valdarno) anche quando non c\u2019erano grossi nomi\u00a0e grandi film in cartellone perch\u00e9 ho sempre pensato che questo Festival risponde pienamente alla mia concezione del cinema e forse anche della vita\u201d perch\u00e9 aggiunge poi \u201cil cinema \u00e8 qualcosa che non \u00e8 distinto dalla vita, ma ne \u00e8 una sua parte\u201d.<\/p>\n<p>Roberto Lasagna, critico cinematografico ed editore,\u00a0sottolinea come il 72.di Italia Film Fedic, \u201csia stata un\u2019edizione importante e si sia sviluppata in cinque giorni con grande successo, rispettando le linee portanti di una concezione culturale saldamente ancorata alla volont\u00e0 di lasciar posto ai nuovi sguardi, in un\u2019atmosfera lieta, accogliente, finalmente libera da schemi e steccati\u201d. Aggiungendo inoltre che essa \u201csi \u00e8 confermata come l\u2019esempio di quello che dovrebbe essere al meglio un Festival cinematografico, ovverossia una manifestazione ospitale e aperta al confronto, di forte sostegno al dibattito e in questo caso al cinema indipendente, come testimoniato dalla partecipazione a Montecatini Terme di moltissimi autori Fedic provenienti da svariati luoghi della penisola, espressione della tenuta di una manifestazione che afferma l\u2019effervescenza del cinema indipendente\u201d. Concludendo infine: \u201cCi si augura che un Festival cosi fuori dalle mode come Montecatini, possa diventare\u00a0come esempio per i festival italiani, l\u2019invito al ritorno di una \u201cmoda\u201d specifica e davvero necessaria, lontana dai blasoni\u00a0e dai clamori: quella dell\u2019incontro e della reciprocit\u00e0 di visioni cosi appassionatamente espressa dalla 72. edizione\u201d.<\/p>\n<p>La presenza di molti giovani autori viene evidenziata anche dal regista Luca Verdone, al Festival come conduttore insieme a Carlo Griseri degli \u201cIncontri con l\u2019Autore\u201d. \u201cA Montecatini, afferma Luca Verdone, ho visto molti giovani autori cimentarsi con interesse alle sfide delle nuove tecnologie e ci\u00f2 \u00e8 sempre motivo di soddisfazione nel clima sempre ospitale del Festival, a cui quest\u2019anno si \u00e8 aggiunta l\u2019interessante Mostra fotografica su Pasolini, ritratto nella citt\u00e0 termale con il tipico abbigliamento degli anni Settanta e i pantaloni a \u201czampa di elefante\u201d.<\/p>\n<figure id=\"attachment_697\" aria-describedby=\"caption-attachment-697\" style=\"width: 720px\" class=\"wp-caption aligncenter\"><img loading=\"lazy\" decoding=\"async\" class=\"size-full wp-image-697\" src=\"https:\/\/fedic.it\/magazine\/wp-content\/uploads\/2022\/07\/Luca-Verdone.png\" alt=\"\" width=\"720\" height=\"631\" srcset=\"https:\/\/fedic.it\/magazine\/wp-content\/uploads\/2022\/07\/Luca-Verdone.png 720w, https:\/\/fedic.it\/magazine\/wp-content\/uploads\/2022\/07\/Luca-Verdone-300x263.png 300w\" sizes=\"auto, (max-width: 720px) 100vw, 720px\" \/><figcaption id=\"caption-attachment-697\" class=\"wp-caption-text\">Luca Verdone<\/figcaption><\/figure>\n<p>Una Mostra che Giorgio Bertuccioli (CineVideoClub Pesaro)\u00a0considera \u201cun momento molto interessante, illustrata attraverso le locandine originali dell\u2019epoca da Giuseppe Mallozzi, che ha raccontato la vita tormentata del regista in quel particolare momento storico\u201d.<\/p>\n<p>Espressioni di consenso anche dai soci Fedic. Per Lauro Crociani \u201csono stati tre giorni pieni di convivialit\u00e0 che ci hanno dato la possibilit\u00e0 di riflettere su ci\u00f2 che siamo stati, su ci\u00f2 che siamo e su ci\u00f2 che potremmo essere in futuro, mentre Carlo Menegatti ha trovato il 72. Italia Film Fedic \u201cuna manifestazione ricchissima di eventi, di sostanza e di innovazioni\u201d e si ripromette di ritornarvi nel 2023 insieme ai suoi soci del Cineclub Fedic Delta del Po affinch\u00e9 \u201cpossano vivere delle giornate di buon cinema amatoriale, con selezioni di film internazionali che ci hanno veramente colpito\u201d.<\/p>\n<p>Roberto Merlino poi\u00a0evidenzia come Corte Tripoli Cinematografica di Pisa abbia vissuto l\u2019esperienza festivaliera un po&#8217; diversa dal solito\u00a0e si sia presentata al 72. Italia Film Fedic in 15, tra soci e simpatizzanti, coordinandosi al meglio nei momenti di vita del Festival condividendo momenti di proiezione, commenti, incontri, pause gastronomiche, spazi conviviali, ecc., vivendo cos\u00ec un\u2019esperienza al meglio \u201cin un Festival di per s\u00e9 molto bello e ben organizzato, con un Consiglio Direttivo (in toto) all\u2019altezza dell\u2019impresa.<\/p>\n<figure id=\"attachment_698\" aria-describedby=\"caption-attachment-698\" style=\"width: 812px\" class=\"wp-caption aligncenter\"><img loading=\"lazy\" decoding=\"async\" class=\"size-full wp-image-698\" src=\"https:\/\/fedic.it\/magazine\/wp-content\/uploads\/2022\/07\/Roberto-Merlino-.png\" alt=\"\" width=\"812\" height=\"608\" srcset=\"https:\/\/fedic.it\/magazine\/wp-content\/uploads\/2022\/07\/Roberto-Merlino-.png 812w, https:\/\/fedic.it\/magazine\/wp-content\/uploads\/2022\/07\/Roberto-Merlino--300x225.png 300w, https:\/\/fedic.it\/magazine\/wp-content\/uploads\/2022\/07\/Roberto-Merlino--768x575.png 768w\" sizes=\"auto, (max-width: 812px) 100vw, 812px\" \/><figcaption id=\"caption-attachment-698\" class=\"wp-caption-text\">Roberto Merlino ritira l\u2019Airone Fedic 2022 attribuito a \u201cNonhaimai\u201d di Simone Vacca e Alberto Vianello \u2013 Corto Tripoli Cinematografica Pisa: al suo fianco il presentatore Fiorenzo Pampolini e Lorenzo Caravello<\/figcaption><\/figure>\n<p>Beppe Rizzo (Cineclub Alassio), dichiara che la sua astinenza FEDIC \u00e8 terminata con il 72. Italia Film Fedic dove \u201cha potuto rivedere cari e vecchi Amici, conoscere quelli nuovi, essere coinvolto in immagini filmiche\u201d, ringraziando quindi la FEDIC \u201cper avere interrotto la sua astinenza e per aver dato un\u00a0ulteriore sussulto alla Federazione dei Cineclub\u201d. Concludendo che \u201csono ripartito fiducioso; anche sul treno di ritorno \u2013 dove ho avuto uni scambio di idee con cari amici che rientravano anch\u2019essi\u00a0&#8211; ho potuto ripensare e riflettere\u00a0sui momenti trascorsi, convinto che il 72. Italia Film Fedic \u00e8 stato per me positivo e gratificante\u201d. \u201cLa vita non ci d\u00e0 che attimi, sta a noi cogliere il meglio di essi!\u201d, conclude Beppe Rizzo. Dal canto suo Giorgio Ricci ha evidenziato che \u201c\u00e8 stato indubbiamente un grande passo avanti rispetto al precedente Festival e bisogna complimentarsi e ringraziare tutti coloro che si sono adoperati per la buona riuscita\u201d rilevando anche di aver trovato \u201cun sistema di proiezione e acustica\u00a0buono e una soddisfacente presenza di autori\u201d.<\/p>\n<p>Attenti come sempre a ci\u00f2 che avviene nella FEDIC, Giorgio Ricci (Cineclub Pesaro Cesare Pandolfi) e Roberto Merlino(CTC- Pisa) hanno fornito anche dei suggerimenti\u00a0 per le prossime edizioni e soprattutto\u00a0 hanno auspicato che sia \u00a0dedicato agli Eventi un maggior tempo perch\u00e9, come sottolinea Marco Rosati, \u201c i tempi stretti \u00a0degli appuntamenti nel calendario\u00a0 del Festival a volte non bastano per approfondire gli argomenti\u00a0 e in qualche occasione \u00a0servirebbe che il tempo si fermasse per dar agio alle voci ed a certi momenti, spesso toccanti\u201d. Marco Rosati evidenzia anche come Italia Film Fedic sia \u201cun importante appuntamento nella famiglia FEDIC, che cresce, che cambia gli spazi, punto di incontro per autori storici e nuovi. Occasione di conoscersi,\u00a0condividere il proprio punto di vista, di apprendere. Passo dopo passo, ogni anno \u00e8 un\u2019occasione di confronto con il tempo che passa, il linguaggio che evolve, e di questo Italia Film Fedic ne tiene conto. La qualit\u00e0 delle selezioni e delle opere varia di anno in anno, l\u2019accurata selezione delle opere \u00e8 monito per gli autori che le presentano e motivo di analisi\u201d. Sulla linea di dare maggior spazio allo svolgimento deli Eventi anche Jacqueline Pante, Gunther Haller, Vivian Tullio e\u00a0Giuseppe Squarcio\u00a0che ha apprezzato Italia Film Fedic\u00a0come \u201cluogo dove si \u00e8 potuto parlare e incontrare giovani autori di corti\u201d che prima non conosceva e che se li\u00a0\u00e8 trovati vicino a tavola facendo crescere in lui \u201cl\u2019entusiasmo e il desiderio di condividerne le esperienze\u201d. Dal canto loro Jacqueline Pante e Gunther Haller (Superotto&amp;Videoclub Merano) hanno anche affermato: \u201cAbbiamo visto tanti segnali positivi per FEDIC e per le future Mostre del Cinema di Montecatini, grazie ad un gruppo di lavoro e persone che ci credono e che continuano a lavorare instancabilmente affinch\u00e9 ci siano altre edizioni ricche di emozioni. Un meritato applauso per chi lavora dietro le quinte e rende possibile questa data fissa nel calendario del cinema italiano\u201d.<\/p>\n<p>Ad essi fa eco Vivian Tullio (Cineclub Piemonte) che si complimenta con gli organizzatori \u201cper la loro voglia di riportare la Mostra del cortometraggio di Montecatini agli antichi splendori\u201d.<\/p>\n<p>La voce dei giovani arriva a tutti attraverso\u00a0il giovane filmmaker Fausto Alongi. Premesso di essere stato chiamato da Laura Biggi per essere premiato in un periodo in cui si trovava tra la seconda prova scritta e l\u2019esame di orale, ha dichiarato che sentiva di non dover mancare all\u2019appuntamento e per questo si \u00e8 fatto un viaggio di 950 chilometri \u201cMi \u00e8 stata regalata, ha precisato, un\u2019esperienza lontana da casa e con nuove persone con cui ho condiviso i pasti a tavola sono emersi diversi modi di concepire l\u2019arte e la vita; mi hanno regalato nuove idee.<\/p>\n<figure id=\"attachment_691\" aria-describedby=\"caption-attachment-691\" style=\"width: 922px\" class=\"wp-caption aligncenter\"><img loading=\"lazy\" decoding=\"async\" class=\"size-full wp-image-691\" src=\"https:\/\/fedic.it\/magazine\/wp-content\/uploads\/2022\/07\/Fausto-Alongi-premiato-dal-Presidente-FEDIC-Lorenzo-Caravello-alla-presenza-di-Paolo-Micalizzi-che-dal-giovane-filmmaker-riceve-poi-il-Premio-alla-Carriera-.png\" alt=\"\" width=\"922\" height=\"614\" srcset=\"https:\/\/fedic.it\/magazine\/wp-content\/uploads\/2022\/07\/Fausto-Alongi-premiato-dal-Presidente-FEDIC-Lorenzo-Caravello-alla-presenza-di-Paolo-Micalizzi-che-dal-giovane-filmmaker-riceve-poi-il-Premio-alla-Carriera-.png 922w, https:\/\/fedic.it\/magazine\/wp-content\/uploads\/2022\/07\/Fausto-Alongi-premiato-dal-Presidente-FEDIC-Lorenzo-Caravello-alla-presenza-di-Paolo-Micalizzi-che-dal-giovane-filmmaker-riceve-poi-il-Premio-alla-Carriera--300x200.png 300w, https:\/\/fedic.it\/magazine\/wp-content\/uploads\/2022\/07\/Fausto-Alongi-premiato-dal-Presidente-FEDIC-Lorenzo-Caravello-alla-presenza-di-Paolo-Micalizzi-che-dal-giovane-filmmaker-riceve-poi-il-Premio-alla-Carriera--768x511.png 768w, https:\/\/fedic.it\/magazine\/wp-content\/uploads\/2022\/07\/Fausto-Alongi-premiato-dal-Presidente-FEDIC-Lorenzo-Caravello-alla-presenza-di-Paolo-Micalizzi-che-dal-giovane-filmmaker-riceve-poi-il-Premio-alla-Carriera--360x241.png 360w\" sizes=\"auto, (max-width: 922px) 100vw, 922px\" \/><figcaption id=\"caption-attachment-691\" class=\"wp-caption-text\">Fausto Alongi premiato dal Presidente FEDIC Lorenzo Caravello alla presenza di Paolo Micalizzi che dal giovane filmmaker riceve poi il Premio alla Carriera<\/figcaption><\/figure>\n<p>Mi \u00e8 stata data l\u2019opportunit\u00e0 di esprimermi, l\u2019occasione di comunicare i miei pensieri ad un pubblico, grazie alla FEDIC i miei cortometraggi\u00a0sono stati proiettati di fronte ad una platea; io sono i miei cortometraggi. Si \u00e8 creato un contesto nel quale ognuno\u00a0si \u00e8 potuto esprimere liberamente con la propria opinione sulle mie idee, e dove io mi sono arricchito grazie alle osservazioni di persone con un\u2019esperienza pi\u00f9 consolidata della mia. Mi hanno fatto crescere. Nella mia vita, voglio che la mia voce e le mie idee arrivino a qualcuno, voglio essere libero di esprimermi, di dire la mia e contribuire affinch\u00e9 qualcosa di buono cresca da queste idee. Oggi sento di poterlo fare; mi \u00e8 stata ridata la forza in un momento in cui tutte le mie energie vergevano verso lo studio, in un momento in cui rischiavo di abbandonare il cinema per dare\u00a0tutto me stesso all\u2019Universit\u00e0\u201d. \u00a0E conclude dicendo: \u201cCaparbio come un calabrese\u201d; come Paolo Micalizzi, cosi sono stato definito. Cos\u00ec oggi mi sento. Essere apprezzato per quello che sei, alla mia et\u00e0, ti d\u00e0 la forza di continuare ad essere quello che sei\u201d.<\/p>\n<p>Considerazioni di stima per gli organizzatori del 72. Italia Film Fedic quelli pervenuti dalle tante testimonianze, ma anche suggerimenti organizzativi che sicuramente saranno tenuti in debita considerazione per le prossime edizioni, dove si augurano (io sono uno di loro) possano avere spazi maggiori (qualche giorno in pi\u00f9, oltre l\u2019Anteprima Festival con iniziative del Cineclub Fedic Montecatini, sarebbe opportuno) per poter meglio dedicare agli Eventi in programma un maggior approfondimento. Con questo Augurio, vi invito a una Buona lettura di Fedic Magazine che per la sua corposit\u00e0 esce, per questioni tecniche, suddiviso in tre parti: una di queste riguarda altre interessanti e significative Notizie Fedic. Un Fedic Magazine che questa volta ha impegnato molto pi\u00f9 del solito il sottoscritto, che lo dirige con il prezioso contributo di Maurizio Villani (Cineclub Fedic Ferrara) nell\u2019elaborazione del pre-impaginato e quello di Lorenzo Bianchi Ballano (Cineclub Fedic Brescello) che elabora il format definitivo curando grafica ed impaginazione.<\/p>\n<figure id=\"attachment_699\" aria-describedby=\"caption-attachment-699\" style=\"width: 964px\" class=\"wp-caption aligncenter\"><img loading=\"lazy\" decoding=\"async\" class=\"size-full wp-image-699\" src=\"https:\/\/fedic.it\/magazine\/wp-content\/uploads\/2022\/07\/Maurizio-Villani-con-Lor.png\" alt=\"\" width=\"964\" height=\"600\" srcset=\"https:\/\/fedic.it\/magazine\/wp-content\/uploads\/2022\/07\/Maurizio-Villani-con-Lor.png 964w, https:\/\/fedic.it\/magazine\/wp-content\/uploads\/2022\/07\/Maurizio-Villani-con-Lor-300x187.png 300w, https:\/\/fedic.it\/magazine\/wp-content\/uploads\/2022\/07\/Maurizio-Villani-con-Lor-768x478.png 768w\" sizes=\"auto, (max-width: 964px) 100vw, 964px\" \/><figcaption id=\"caption-attachment-699\" class=\"wp-caption-text\">Maurizio Villani\u00a0\u00a0\u00a0\u00a0\u00a0\u00a0\u00a0\u00a0\u00a0\u00a0\u00a0\u00a0\u00a0\u00a0\u00a0\u00a0\u00a0\u00a0\u00a0\u00a0\u00a0\u00a0\u00a0\u00a0\u00a0\u00a0\u00a0\u00a0\u00a0\u00a0\u00a0\u00a0 \u00a0 \u00a0 \u00a0 \u00a0 \u00a0 \u00a0 \u00a0 \u00a0 \u00a0 \u00a0 \u00a0 \u00a0 \u00a0 \u00a0 \u00a0 \u00a0 \u00a0 \u00a0 \u00a0 \u00a0 \u00a0 \u00a0 \u00a0\u00a0 Lorenzo Bianchi Ballano<\/figcaption><\/figure>\n<p>Con Italia Film Fedic, appuntamento, quindi, al 2023.<\/p>\n<p style=\"text-align: right;\">Paolo Micalizzi<\/p>\n<p><strong>P.S. Vista la sua corposit\u00e0, la Rassegna Stampa di 72. Italia Film Fedic verr\u00e0 inserita nel prossimo numero di Fedic Magazine, onde consentire ai lettori di poterla leggere, come merita, con maggior attenzione.<\/strong><\/p>\n<p><strong>\u00a0<\/strong><\/p>\n","protected":false},"excerpt":{"rendered":"<p>Uno speciale di FEDIC Magazine per il 72. Italia Film Fedic che si \u00e8 svolto a Montecatini Terme dal 22 al 26 Giugno. Citt\u00e0 che ha tenuto a battesimo il Festival FEDIC, allora denominato Concorso Nazionale del Film d\u2019Amatore di Montecatini, dopo che nel 1949 in quella citt\u00e0 termale si era costituita la FEDIC &#8211; [&hellip;]<\/p>\n","protected":false},"author":4,"featured_media":693,"comment_status":"closed","ping_status":"closed","sticky":false,"template":"","format":"standard","meta":{"footnotes":""},"categories":[2],"tags":[22],"class_list":["post-690","post","type-post","status-publish","format-standard","has-post-thumbnail","hentry","category-editoriale","tag-fedic-magazine-34-1"],"yoast_head":"<!-- This site is optimized with the Yoast SEO plugin v27.5 - https:\/\/yoast.com\/product\/yoast-seo-wordpress\/ -->\n<title>EDITORIALE - Fedic Magazine<\/title>\n<meta name=\"robots\" content=\"index, follow, max-snippet:-1, max-image-preview:large, max-video-preview:-1\" \/>\n<link rel=\"canonical\" href=\"https:\/\/fedic.it\/magazine\/editoriale-8\/\" \/>\n<meta property=\"og:locale\" content=\"it_IT\" \/>\n<meta property=\"og:type\" content=\"article\" \/>\n<meta property=\"og:title\" content=\"EDITORIALE - Fedic Magazine\" \/>\n<meta property=\"og:description\" content=\"Uno speciale di FEDIC Magazine per il 72. Italia Film Fedic che si \u00e8 svolto a Montecatini Terme dal 22 al 26 Giugno. Citt\u00e0 che ha tenuto a battesimo il Festival FEDIC, allora denominato Concorso Nazionale del Film d\u2019Amatore di Montecatini, dopo che nel 1949 in quella citt\u00e0 termale si era costituita la FEDIC &#8211; [&hellip;]\" \/>\n<meta property=\"og:url\" content=\"https:\/\/fedic.it\/magazine\/editoriale-8\/\" \/>\n<meta property=\"og:site_name\" content=\"Fedic Magazine\" \/>\n<meta property=\"article:published_time\" content=\"2022-07-26T13:42:11+00:00\" \/>\n<meta property=\"article:modified_time\" content=\"2022-07-26T13:53:38+00:00\" \/>\n<meta property=\"og:image\" content=\"https:\/\/fedic.it\/magazine\/wp-content\/uploads\/2022\/07\/micalizzi.png\" \/>\n\t<meta property=\"og:image:width\" content=\"381\" \/>\n\t<meta property=\"og:image:height\" content=\"214\" \/>\n\t<meta property=\"og:image:type\" content=\"image\/png\" \/>\n<meta name=\"author\" content=\"redazione\" \/>\n<meta name=\"twitter:card\" content=\"summary_large_image\" \/>\n<meta name=\"twitter:label1\" content=\"Scritto da\" \/>\n\t<meta name=\"twitter:data1\" content=\"redazione\" \/>\n\t<meta name=\"twitter:label2\" content=\"Tempo di lettura stimato\" \/>\n\t<meta name=\"twitter:data2\" content=\"17 minuti\" \/>\n<script type=\"application\/ld+json\" class=\"yoast-schema-graph\">{\"@context\":\"https:\\\/\\\/schema.org\",\"@graph\":[{\"@type\":\"Article\",\"@id\":\"https:\\\/\\\/fedic.it\\\/magazine\\\/editoriale-8\\\/#article\",\"isPartOf\":{\"@id\":\"https:\\\/\\\/fedic.it\\\/magazine\\\/editoriale-8\\\/\"},\"author\":{\"name\":\"redazione\",\"@id\":\"https:\\\/\\\/fedic.it\\\/magazine\\\/#\\\/schema\\\/person\\\/49d2a224aa980c875e12fa73c5601332\"},\"headline\":\"EDITORIALE\",\"datePublished\":\"2022-07-26T13:42:11+00:00\",\"dateModified\":\"2022-07-26T13:53:38+00:00\",\"mainEntityOfPage\":{\"@id\":\"https:\\\/\\\/fedic.it\\\/magazine\\\/editoriale-8\\\/\"},\"wordCount\":2876,\"publisher\":{\"@id\":\"https:\\\/\\\/fedic.it\\\/magazine\\\/#organization\"},\"image\":{\"@id\":\"https:\\\/\\\/fedic.it\\\/magazine\\\/editoriale-8\\\/#primaryimage\"},\"thumbnailUrl\":\"https:\\\/\\\/fedic.it\\\/magazine\\\/wp-content\\\/uploads\\\/2022\\\/07\\\/micalizzi.png\",\"keywords\":[\"FEDIC Magazine 34-1\"],\"articleSection\":[\"Editoriale\"],\"inLanguage\":\"it-IT\"},{\"@type\":\"WebPage\",\"@id\":\"https:\\\/\\\/fedic.it\\\/magazine\\\/editoriale-8\\\/\",\"url\":\"https:\\\/\\\/fedic.it\\\/magazine\\\/editoriale-8\\\/\",\"name\":\"EDITORIALE - Fedic Magazine\",\"isPartOf\":{\"@id\":\"https:\\\/\\\/fedic.it\\\/magazine\\\/#website\"},\"primaryImageOfPage\":{\"@id\":\"https:\\\/\\\/fedic.it\\\/magazine\\\/editoriale-8\\\/#primaryimage\"},\"image\":{\"@id\":\"https:\\\/\\\/fedic.it\\\/magazine\\\/editoriale-8\\\/#primaryimage\"},\"thumbnailUrl\":\"https:\\\/\\\/fedic.it\\\/magazine\\\/wp-content\\\/uploads\\\/2022\\\/07\\\/micalizzi.png\",\"datePublished\":\"2022-07-26T13:42:11+00:00\",\"dateModified\":\"2022-07-26T13:53:38+00:00\",\"breadcrumb\":{\"@id\":\"https:\\\/\\\/fedic.it\\\/magazine\\\/editoriale-8\\\/#breadcrumb\"},\"inLanguage\":\"it-IT\",\"potentialAction\":[{\"@type\":\"ReadAction\",\"target\":[\"https:\\\/\\\/fedic.it\\\/magazine\\\/editoriale-8\\\/\"]}]},{\"@type\":\"ImageObject\",\"inLanguage\":\"it-IT\",\"@id\":\"https:\\\/\\\/fedic.it\\\/magazine\\\/editoriale-8\\\/#primaryimage\",\"url\":\"https:\\\/\\\/fedic.it\\\/magazine\\\/wp-content\\\/uploads\\\/2022\\\/07\\\/micalizzi.png\",\"contentUrl\":\"https:\\\/\\\/fedic.it\\\/magazine\\\/wp-content\\\/uploads\\\/2022\\\/07\\\/micalizzi.png\",\"width\":381,\"height\":214},{\"@type\":\"BreadcrumbList\",\"@id\":\"https:\\\/\\\/fedic.it\\\/magazine\\\/editoriale-8\\\/#breadcrumb\",\"itemListElement\":[{\"@type\":\"ListItem\",\"position\":1,\"name\":\"Home\",\"item\":\"https:\\\/\\\/fedic.it\\\/magazine\\\/\"},{\"@type\":\"ListItem\",\"position\":2,\"name\":\"EDITORIALE\"}]},{\"@type\":\"WebSite\",\"@id\":\"https:\\\/\\\/fedic.it\\\/magazine\\\/#website\",\"url\":\"https:\\\/\\\/fedic.it\\\/magazine\\\/\",\"name\":\"Fedic Magazine\",\"description\":\"Il blog della Federazione Italiana dei Cineclub\",\"publisher\":{\"@id\":\"https:\\\/\\\/fedic.it\\\/magazine\\\/#organization\"},\"potentialAction\":[{\"@type\":\"SearchAction\",\"target\":{\"@type\":\"EntryPoint\",\"urlTemplate\":\"https:\\\/\\\/fedic.it\\\/magazine\\\/?s={search_term_string}\"},\"query-input\":{\"@type\":\"PropertyValueSpecification\",\"valueRequired\":true,\"valueName\":\"search_term_string\"}}],\"inLanguage\":\"it-IT\"},{\"@type\":\"Organization\",\"@id\":\"https:\\\/\\\/fedic.it\\\/magazine\\\/#organization\",\"name\":\"Fedic Magazine\",\"url\":\"https:\\\/\\\/fedic.it\\\/magazine\\\/\",\"logo\":{\"@type\":\"ImageObject\",\"inLanguage\":\"it-IT\",\"@id\":\"https:\\\/\\\/fedic.it\\\/magazine\\\/#\\\/schema\\\/logo\\\/image\\\/\",\"url\":\"https:\\\/\\\/fedic.it\\\/magazine\\\/wp-content\\\/uploads\\\/2021\\\/07\\\/logo-fedic-magazine-ok.jpg\",\"contentUrl\":\"https:\\\/\\\/fedic.it\\\/magazine\\\/wp-content\\\/uploads\\\/2021\\\/07\\\/logo-fedic-magazine-ok.jpg\",\"width\":405,\"height\":110,\"caption\":\"Fedic Magazine\"},\"image\":{\"@id\":\"https:\\\/\\\/fedic.it\\\/magazine\\\/#\\\/schema\\\/logo\\\/image\\\/\"}},{\"@type\":\"Person\",\"@id\":\"https:\\\/\\\/fedic.it\\\/magazine\\\/#\\\/schema\\\/person\\\/49d2a224aa980c875e12fa73c5601332\",\"name\":\"redazione\",\"image\":{\"@type\":\"ImageObject\",\"inLanguage\":\"it-IT\",\"@id\":\"https:\\\/\\\/secure.gravatar.com\\\/avatar\\\/3df0bdaff167c479390d8c1d9ba8338511cc6ea40b290cd3d84683663005fd1c?s=96&d=mm&r=g\",\"url\":\"https:\\\/\\\/secure.gravatar.com\\\/avatar\\\/3df0bdaff167c479390d8c1d9ba8338511cc6ea40b290cd3d84683663005fd1c?s=96&d=mm&r=g\",\"contentUrl\":\"https:\\\/\\\/secure.gravatar.com\\\/avatar\\\/3df0bdaff167c479390d8c1d9ba8338511cc6ea40b290cd3d84683663005fd1c?s=96&d=mm&r=g\",\"caption\":\"redazione\"},\"url\":\"https:\\\/\\\/fedic.it\\\/magazine\\\/author\\\/redazione\\\/\"}]}<\/script>\n<!-- \/ Yoast SEO plugin. -->","yoast_head_json":{"title":"EDITORIALE - Fedic Magazine","robots":{"index":"index","follow":"follow","max-snippet":"max-snippet:-1","max-image-preview":"max-image-preview:large","max-video-preview":"max-video-preview:-1"},"canonical":"https:\/\/fedic.it\/magazine\/editoriale-8\/","og_locale":"it_IT","og_type":"article","og_title":"EDITORIALE - Fedic Magazine","og_description":"Uno speciale di FEDIC Magazine per il 72. Italia Film Fedic che si \u00e8 svolto a Montecatini Terme dal 22 al 26 Giugno. Citt\u00e0 che ha tenuto a battesimo il Festival FEDIC, allora denominato Concorso Nazionale del Film d\u2019Amatore di Montecatini, dopo che nel 1949 in quella citt\u00e0 termale si era costituita la FEDIC &#8211; [&hellip;]","og_url":"https:\/\/fedic.it\/magazine\/editoriale-8\/","og_site_name":"Fedic Magazine","article_published_time":"2022-07-26T13:42:11+00:00","article_modified_time":"2022-07-26T13:53:38+00:00","og_image":[{"width":381,"height":214,"url":"https:\/\/fedic.it\/magazine\/wp-content\/uploads\/2022\/07\/micalizzi.png","type":"image\/png"}],"author":"redazione","twitter_card":"summary_large_image","twitter_misc":{"Scritto da":"redazione","Tempo di lettura stimato":"17 minuti"},"schema":{"@context":"https:\/\/schema.org","@graph":[{"@type":"Article","@id":"https:\/\/fedic.it\/magazine\/editoriale-8\/#article","isPartOf":{"@id":"https:\/\/fedic.it\/magazine\/editoriale-8\/"},"author":{"name":"redazione","@id":"https:\/\/fedic.it\/magazine\/#\/schema\/person\/49d2a224aa980c875e12fa73c5601332"},"headline":"EDITORIALE","datePublished":"2022-07-26T13:42:11+00:00","dateModified":"2022-07-26T13:53:38+00:00","mainEntityOfPage":{"@id":"https:\/\/fedic.it\/magazine\/editoriale-8\/"},"wordCount":2876,"publisher":{"@id":"https:\/\/fedic.it\/magazine\/#organization"},"image":{"@id":"https:\/\/fedic.it\/magazine\/editoriale-8\/#primaryimage"},"thumbnailUrl":"https:\/\/fedic.it\/magazine\/wp-content\/uploads\/2022\/07\/micalizzi.png","keywords":["FEDIC Magazine 34-1"],"articleSection":["Editoriale"],"inLanguage":"it-IT"},{"@type":"WebPage","@id":"https:\/\/fedic.it\/magazine\/editoriale-8\/","url":"https:\/\/fedic.it\/magazine\/editoriale-8\/","name":"EDITORIALE - Fedic Magazine","isPartOf":{"@id":"https:\/\/fedic.it\/magazine\/#website"},"primaryImageOfPage":{"@id":"https:\/\/fedic.it\/magazine\/editoriale-8\/#primaryimage"},"image":{"@id":"https:\/\/fedic.it\/magazine\/editoriale-8\/#primaryimage"},"thumbnailUrl":"https:\/\/fedic.it\/magazine\/wp-content\/uploads\/2022\/07\/micalizzi.png","datePublished":"2022-07-26T13:42:11+00:00","dateModified":"2022-07-26T13:53:38+00:00","breadcrumb":{"@id":"https:\/\/fedic.it\/magazine\/editoriale-8\/#breadcrumb"},"inLanguage":"it-IT","potentialAction":[{"@type":"ReadAction","target":["https:\/\/fedic.it\/magazine\/editoriale-8\/"]}]},{"@type":"ImageObject","inLanguage":"it-IT","@id":"https:\/\/fedic.it\/magazine\/editoriale-8\/#primaryimage","url":"https:\/\/fedic.it\/magazine\/wp-content\/uploads\/2022\/07\/micalizzi.png","contentUrl":"https:\/\/fedic.it\/magazine\/wp-content\/uploads\/2022\/07\/micalizzi.png","width":381,"height":214},{"@type":"BreadcrumbList","@id":"https:\/\/fedic.it\/magazine\/editoriale-8\/#breadcrumb","itemListElement":[{"@type":"ListItem","position":1,"name":"Home","item":"https:\/\/fedic.it\/magazine\/"},{"@type":"ListItem","position":2,"name":"EDITORIALE"}]},{"@type":"WebSite","@id":"https:\/\/fedic.it\/magazine\/#website","url":"https:\/\/fedic.it\/magazine\/","name":"Fedic Magazine","description":"Il blog della Federazione Italiana dei Cineclub","publisher":{"@id":"https:\/\/fedic.it\/magazine\/#organization"},"potentialAction":[{"@type":"SearchAction","target":{"@type":"EntryPoint","urlTemplate":"https:\/\/fedic.it\/magazine\/?s={search_term_string}"},"query-input":{"@type":"PropertyValueSpecification","valueRequired":true,"valueName":"search_term_string"}}],"inLanguage":"it-IT"},{"@type":"Organization","@id":"https:\/\/fedic.it\/magazine\/#organization","name":"Fedic Magazine","url":"https:\/\/fedic.it\/magazine\/","logo":{"@type":"ImageObject","inLanguage":"it-IT","@id":"https:\/\/fedic.it\/magazine\/#\/schema\/logo\/image\/","url":"https:\/\/fedic.it\/magazine\/wp-content\/uploads\/2021\/07\/logo-fedic-magazine-ok.jpg","contentUrl":"https:\/\/fedic.it\/magazine\/wp-content\/uploads\/2021\/07\/logo-fedic-magazine-ok.jpg","width":405,"height":110,"caption":"Fedic Magazine"},"image":{"@id":"https:\/\/fedic.it\/magazine\/#\/schema\/logo\/image\/"}},{"@type":"Person","@id":"https:\/\/fedic.it\/magazine\/#\/schema\/person\/49d2a224aa980c875e12fa73c5601332","name":"redazione","image":{"@type":"ImageObject","inLanguage":"it-IT","@id":"https:\/\/secure.gravatar.com\/avatar\/3df0bdaff167c479390d8c1d9ba8338511cc6ea40b290cd3d84683663005fd1c?s=96&d=mm&r=g","url":"https:\/\/secure.gravatar.com\/avatar\/3df0bdaff167c479390d8c1d9ba8338511cc6ea40b290cd3d84683663005fd1c?s=96&d=mm&r=g","contentUrl":"https:\/\/secure.gravatar.com\/avatar\/3df0bdaff167c479390d8c1d9ba8338511cc6ea40b290cd3d84683663005fd1c?s=96&d=mm&r=g","caption":"redazione"},"url":"https:\/\/fedic.it\/magazine\/author\/redazione\/"}]}},"jetpack_featured_media_url":"https:\/\/fedic.it\/magazine\/wp-content\/uploads\/2022\/07\/micalizzi.png","_links":{"self":[{"href":"https:\/\/fedic.it\/magazine\/wp-json\/wp\/v2\/posts\/690","targetHints":{"allow":["GET"]}}],"collection":[{"href":"https:\/\/fedic.it\/magazine\/wp-json\/wp\/v2\/posts"}],"about":[{"href":"https:\/\/fedic.it\/magazine\/wp-json\/wp\/v2\/types\/post"}],"author":[{"embeddable":true,"href":"https:\/\/fedic.it\/magazine\/wp-json\/wp\/v2\/users\/4"}],"replies":[{"embeddable":true,"href":"https:\/\/fedic.it\/magazine\/wp-json\/wp\/v2\/comments?post=690"}],"version-history":[{"count":4,"href":"https:\/\/fedic.it\/magazine\/wp-json\/wp\/v2\/posts\/690\/revisions"}],"predecessor-version":[{"id":703,"href":"https:\/\/fedic.it\/magazine\/wp-json\/wp\/v2\/posts\/690\/revisions\/703"}],"wp:featuredmedia":[{"embeddable":true,"href":"https:\/\/fedic.it\/magazine\/wp-json\/wp\/v2\/media\/693"}],"wp:attachment":[{"href":"https:\/\/fedic.it\/magazine\/wp-json\/wp\/v2\/media?parent=690"}],"wp:term":[{"taxonomy":"category","embeddable":true,"href":"https:\/\/fedic.it\/magazine\/wp-json\/wp\/v2\/categories?post=690"},{"taxonomy":"post_tag","embeddable":true,"href":"https:\/\/fedic.it\/magazine\/wp-json\/wp\/v2\/tags?post=690"}],"curies":[{"name":"wp","href":"https:\/\/api.w.org\/{rel}","templated":true}]}}