{"id":650,"date":"2022-07-26T12:01:43","date_gmt":"2022-07-26T12:01:43","guid":{"rendered":"https:\/\/fedic.it\/magazine\/?p=650"},"modified":"2022-07-26T13:44:14","modified_gmt":"2022-07-26T13:44:14","slug":"un-concerto-di-colonne-sonore","status":"publish","type":"post","link":"https:\/\/fedic.it\/magazine\/un-concerto-di-colonne-sonore\/","title":{"rendered":"UN CONCERTO DI COLONNE SONORE"},"content":{"rendered":"<p><strong>di Mario Gilardi<\/strong><\/p>\n<p>Il giorno 23 Giugno 2022 presso lo stabilimento Tamerici di Montecatini Terme alle ore 21.00 \u00e8 iniziato ufficialmente il 72. Italia Film Fedic Festival. La serata inaugurale, realizzata grazie alla collaborazione con AVIS Comunale Montecatini Terme e il nuovo Cineclub FEDIC di Montecatini \u201cCine Social Valdinievole\u201d, sotto la guida di FEDIC, ha visto la performance di vari giovani artisti che hanno presentato una rassegna di brani tratti da vari film nazionali e internazionali ripercorrendo la storia del cinema. Grazie alla collaborazione con la Growing UP music studios di Daniele Narducci e Massimo Iuliani, la Italian Studios e la band jazz Miles Ties i vari artisti hanno potuto effettuare le loro performance dal vivo entusiasmando gli spettatori. Il conduttore della serata, il presidente del Cine Social Valdinievole Mario Gilardi, ha ripercorso la storia del cinema fin dagli albori quando la musica dal vivo accompagnava le proiezioni, fino all\u2019avvento del sonoro enfatizzando quanto la musica e le canzoni siano fondamentali per la realizzazione di qualunque prodotto cinematografico.<\/p>\n<figure id=\"attachment_651\" aria-describedby=\"caption-attachment-651\" style=\"width: 874px\" class=\"wp-caption aligncenter\"><img loading=\"lazy\" decoding=\"async\" class=\"size-full wp-image-651\" src=\"https:\/\/fedic.it\/magazine\/wp-content\/uploads\/2022\/07\/Il-cortile-delle-Terme-Tamerici-luogo-del-concerto.png\" alt=\"\" width=\"874\" height=\"552\" srcset=\"https:\/\/fedic.it\/magazine\/wp-content\/uploads\/2022\/07\/Il-cortile-delle-Terme-Tamerici-luogo-del-concerto.png 874w, https:\/\/fedic.it\/magazine\/wp-content\/uploads\/2022\/07\/Il-cortile-delle-Terme-Tamerici-luogo-del-concerto-300x189.png 300w, https:\/\/fedic.it\/magazine\/wp-content\/uploads\/2022\/07\/Il-cortile-delle-Terme-Tamerici-luogo-del-concerto-768x485.png 768w\" sizes=\"auto, (max-width: 874px) 100vw, 874px\" \/><figcaption id=\"caption-attachment-651\" class=\"wp-caption-text\">Il cortile delle Terme Tamerici, luogo del concerto<\/figcaption><\/figure>\n<p>In particolare Gilardi si \u00e8 soffermato sul coinvolgimento delle canzoni all\u2019interno del cinema evidenziando come diversi studi classificano il connubio sotto vari aspetti: la canzone che coincide con il titolo del film; la canzone che sostiene i titoli di testa o di coda; la canzone come &#8216;leitmotiv&#8217; o la canzone-sintesi catalizzatrice dell&#8217;atmosfera del film; la &#8216;canzone-azione&#8217; quella cio\u00e8 che fa progredire il racconto e infine la canzone esposizione, quella, che si pu\u00f2 considerare emblematica di un personaggio e pu\u00f2 coincidere con la sua entrata in scena o definirlo nel contesto di una sequenza particolarmente significativa. Tutto questo lo si evidenzia molto bene in tutto il percorso cinematografico sia estero sia italiano. Durante la narrazione sono stati riportati vari riferimenti in particolare al cinema italiano come ad esempio ai musicarelli, ma anche a film importanti come \u201cUccellacci Uccellini\u201d di Pier Paolo Pasolini di cui lo stesso giorno si \u00e8 inaugurata (sempre allo stabilimento Tamerici) una mostra in ricordo dei 100 anni dalla sua nascita che durer\u00e0 fino al 31 luglio. Gilardi evidenzia inoltre come gran parte dei cantautori italiani di \u201cmusica leggera\u201d negli anni abbiano avuto intensi scambi e contaminazioni con il cinema fino ad arrivare ai primi anni \u201980 in cui, sull\u2019onda dei film hollywoodiani di John Travolta, uscirono i due film \u201cSapore di Mare\u201d (1983) e \u201cSapore di Mare 2 \u2013 un anno dopo\u201d dai quali saranno poi tratti alcuni dei brani presentati durante la serata. Gilardi ha poi posto l\u2019attenzione su alcuni temi sociali come la donazione di sangue, evidenziando come nell\u2019ultimo anno si siano verificate enormi carenze e invitando il maggior numero di persone possibile a donare durante l\u2019estate, periodo in cui la mancanza di sangue si fa maggiormente sentire. I temi sociali saranno poi una parte importante anche dei corti che verranno proiettati nelle giornate successive del festival.<br \/>\nDopo l\u2019interessante apertura storico culturale e non solo, la serata \u00e8 finalmente decollata con l\u2019interpretazione di alcuni brani in acustico accompagnati dal vivo al pianoforte o alla chitarra, ripercorrendo un periodo storico che va dai primi anni \u201970 fino a fine anni \u201990 con film Italiani, ma anche importanti cartoni animati Disney, in dettaglio:<\/p>\n<table width=\"713\">\n<tbody>\n<tr>\n<td width=\"146\">Trinity<\/td>\n<td width=\"435\">Lo chiamavano Trinit\u00e0, 1970<\/td>\n<td width=\"132\">Daniele Narducci<\/td>\n<\/tr>\n<tr>\n<td width=\"146\">Reality<\/td>\n<td width=\"435\">Il tempo delle mele, 1980<\/td>\n<td width=\"132\">Carlo Fanti<\/td>\n<\/tr>\n<tr>\n<td width=\"146\">Sapore di Sale<\/td>\n<td width=\"435\">Sapore di Mare, 1983<\/td>\n<td width=\"132\">Mario Gilardi<\/td>\n<\/tr>\n<tr>\n<td width=\"146\">Giulia<\/td>\n<td width=\"435\">Caruso Pascoski\u2026, 1988<\/td>\n<td width=\"132\">Lorenzo Tropeano<\/td>\n<\/tr>\n<tr>\n<td width=\"146\">Parte del tuo mondo<\/td>\n<td width=\"435\">La Sirenetta, 1989<\/td>\n<td width=\"132\">Ginevra Gilardi<\/td>\n<\/tr>\n<tr>\n<td width=\"146\">In fondo al mar<\/td>\n<td width=\"435\">La Sirenetta, 1989<\/td>\n<td width=\"132\">Elena Caliani<\/td>\n<\/tr>\n<tr>\n<td width=\"146\">La Bella e la Bestia<\/td>\n<td width=\"435\">La Bella e la Bestia, 1991<\/td>\n<td width=\"132\">Vittoria Piliero<\/td>\n<\/tr>\n<tr>\n<td width=\"146\">Beautifull that way<\/td>\n<td width=\"435\">La vita \u00e8 bella, 1997<\/td>\n<td width=\"132\">Daniele Narducci<\/td>\n<\/tr>\n<\/tbody>\n<\/table>\n<p>Dopo un primo approccio in acustico, in cui gli interpreti hanno stimolato molte sensazioni in tutti i presenti, i successivi brani sono stati interpretati grazie alle eccellenti performance della band Jazz Miles Ties, ripartendo quindi da una cronologia storica si sono susseguiti sul palco, nell\u2019incantevole cornice delle Terme Tamerici, altri artisti che hanno magistralmente interpretato canzoni di tempi e stili disparati da \u201cQue ser\u00e0 ser\u00e0\u201d degli anni \u201950 alla pi\u00f9 movimentata \u201cUn amico come te\u201d, tratta dal cartone animato Aladdin del 1992 interpretata nella versione italiana da Gigi Proietti a cui l\u2019artista Daniele Narducci ha voluto dedicare l\u2019eccezionale esibizione come ricordo di un grande indimenticabile del nostro cinema ma non solo. In dettaglio quanto interpretato dai vari artisti:<\/p>\n<table width=\"713\">\n<tbody>\n<tr>\n<td width=\"146\">Que ser\u00e0 ser\u00e0<\/td>\n<td width=\"435\">L&#8217;uomo che sapeva troppo, 1956<\/td>\n<td width=\"132\">Elena Caliani<\/td>\n<\/tr>\n<tr>\n<td width=\"146\">My Favourite things<\/td>\n<td width=\"435\">Tutti insieme appassionatamente, 1965<\/td>\n<td width=\"132\">Monica Monagheddu<\/td>\n<\/tr>\n<tr>\n<td width=\"146\">All that Jazz<\/td>\n<td width=\"435\">All That Jazz &#8211; Lo spettacolo comincia 1979 e ripreso in Chicago, 2002<\/td>\n<td width=\"132\">Elena Caliani<\/td>\n<\/tr>\n<tr>\n<td width=\"146\">Eye of the Tiger<\/td>\n<td width=\"435\">Rocky 3, 1982<\/td>\n<td width=\"132\">Vittoria Piliero<\/td>\n<\/tr>\n<tr>\n<td width=\"146\">Il cielo in una stanza<\/td>\n<td width=\"435\">Sapore di Mare, 1983<\/td>\n<td width=\"132\">Giulia Mosca<\/td>\n<\/tr>\n<tr>\n<td width=\"146\">Estate<\/td>\n<td width=\"435\">Tu mi turbi, 1983<\/td>\n<td width=\"132\">Giulia Mosca<\/td>\n<\/tr>\n<tr>\n<td width=\"146\">Insieme a te non ci st\u00f2 pi\u00f9<\/td>\n<td width=\"435\">Bianca, 1984<\/td>\n<td width=\"132\">Monica Monagheddu<\/td>\n<\/tr>\n<tr>\n<td width=\"146\">Un amico come te<\/td>\n<td width=\"435\">Aladdin, 1992<\/td>\n<td width=\"132\">Daniele Narducci<\/td>\n<\/tr>\n<tr>\n<td width=\"146\">Dancing Queen<\/td>\n<td width=\"435\">Nozze di Muriel, 1994<\/td>\n<td width=\"132\">Vittoria Piliero<\/td>\n<\/tr>\n<tr>\n<td width=\"146\">New York New York<\/td>\n<td width=\"435\">New York New York (Martin Scorsese), 1977<\/td>\n<td width=\"132\">Daniele Narducci<\/td>\n<\/tr>\n<\/tbody>\n<\/table>\n<p>&nbsp;<\/p>\n<p>Un particolare ringraziamento va a tutti gli artisti che si sono esibiti con performance eccezionali, ricordando che sono tutti giovani della zona e tutti formati dalla scuola Growing Up Studios. La serata si \u00e8 conclusa con grandi applausi e enorme gradimento da parte di tutto il pubblico. Il 72. Italia Film FEDIC ha avuto cos\u00ec un\u2019inaugurazione importante e diversa dal solito che, grazie al coinvolgimento di molti giovani, speriamo possa stimolare la crescita di un Festival del cinema che merita da parte di tutto il pubblico una sempre pi\u00f9 ampia partecipazione.<\/p>\n<p>&nbsp;<\/p>\n","protected":false},"excerpt":{"rendered":"<p>di Mario Gilardi Il giorno 23 Giugno 2022 presso lo stabilimento Tamerici di Montecatini Terme alle ore 21.00 \u00e8 iniziato ufficialmente il 72. Italia Film Fedic Festival. La serata inaugurale, realizzata grazie alla collaborazione con AVIS Comunale Montecatini Terme e il nuovo Cineclub FEDIC di Montecatini \u201cCine Social Valdinievole\u201d, sotto la guida di FEDIC, ha [&hellip;]<\/p>\n","protected":false},"author":4,"featured_media":0,"comment_status":"closed","ping_status":"closed","sticky":false,"template":"","format":"standard","meta":{"footnotes":""},"categories":[11],"tags":[22],"class_list":["post-650","post","type-post","status-publish","format-standard","hentry","category-fedic","tag-fedic-magazine-34-1"],"yoast_head":"<!-- This site is optimized with the Yoast SEO plugin v27.5 - https:\/\/yoast.com\/product\/yoast-seo-wordpress\/ -->\n<title>UN CONCERTO DI COLONNE SONORE - Fedic Magazine<\/title>\n<meta name=\"robots\" content=\"index, follow, max-snippet:-1, max-image-preview:large, max-video-preview:-1\" \/>\n<link rel=\"canonical\" href=\"https:\/\/fedic.it\/magazine\/un-concerto-di-colonne-sonore\/\" \/>\n<meta property=\"og:locale\" content=\"it_IT\" \/>\n<meta property=\"og:type\" content=\"article\" \/>\n<meta property=\"og:title\" content=\"UN CONCERTO DI COLONNE SONORE - Fedic Magazine\" \/>\n<meta property=\"og:description\" content=\"di Mario Gilardi Il giorno 23 Giugno 2022 presso lo stabilimento Tamerici di Montecatini Terme alle ore 21.00 \u00e8 iniziato ufficialmente il 72. Italia Film Fedic Festival. La serata inaugurale, realizzata grazie alla collaborazione con AVIS Comunale Montecatini Terme e il nuovo Cineclub FEDIC di Montecatini \u201cCine Social Valdinievole\u201d, sotto la guida di FEDIC, ha [&hellip;]\" \/>\n<meta property=\"og:url\" content=\"https:\/\/fedic.it\/magazine\/un-concerto-di-colonne-sonore\/\" \/>\n<meta property=\"og:site_name\" content=\"Fedic Magazine\" \/>\n<meta property=\"article:published_time\" content=\"2022-07-26T12:01:43+00:00\" \/>\n<meta property=\"article:modified_time\" content=\"2022-07-26T13:44:14+00:00\" \/>\n<meta property=\"og:image\" content=\"https:\/\/fedic.it\/magazine\/wp-content\/uploads\/2022\/07\/Il-cortile-delle-Terme-Tamerici-luogo-del-concerto.png\" \/>\n<meta name=\"author\" content=\"redazione\" \/>\n<meta name=\"twitter:card\" content=\"summary_large_image\" \/>\n<meta name=\"twitter:label1\" content=\"Scritto da\" \/>\n\t<meta name=\"twitter:data1\" content=\"redazione\" \/>\n\t<meta name=\"twitter:label2\" content=\"Tempo di lettura stimato\" \/>\n\t<meta name=\"twitter:data2\" content=\"6 minuti\" \/>\n<script type=\"application\/ld+json\" class=\"yoast-schema-graph\">{\"@context\":\"https:\\\/\\\/schema.org\",\"@graph\":[{\"@type\":\"Article\",\"@id\":\"https:\\\/\\\/fedic.it\\\/magazine\\\/un-concerto-di-colonne-sonore\\\/#article\",\"isPartOf\":{\"@id\":\"https:\\\/\\\/fedic.it\\\/magazine\\\/un-concerto-di-colonne-sonore\\\/\"},\"author\":{\"name\":\"redazione\",\"@id\":\"https:\\\/\\\/fedic.it\\\/magazine\\\/#\\\/schema\\\/person\\\/49d2a224aa980c875e12fa73c5601332\"},\"headline\":\"UN CONCERTO DI COLONNE SONORE\",\"datePublished\":\"2022-07-26T12:01:43+00:00\",\"dateModified\":\"2022-07-26T13:44:14+00:00\",\"mainEntityOfPage\":{\"@id\":\"https:\\\/\\\/fedic.it\\\/magazine\\\/un-concerto-di-colonne-sonore\\\/\"},\"wordCount\":903,\"publisher\":{\"@id\":\"https:\\\/\\\/fedic.it\\\/magazine\\\/#organization\"},\"image\":{\"@id\":\"https:\\\/\\\/fedic.it\\\/magazine\\\/un-concerto-di-colonne-sonore\\\/#primaryimage\"},\"thumbnailUrl\":\"https:\\\/\\\/fedic.it\\\/magazine\\\/wp-content\\\/uploads\\\/2022\\\/07\\\/Il-cortile-delle-Terme-Tamerici-luogo-del-concerto.png\",\"keywords\":[\"FEDIC Magazine 34-1\"],\"articleSection\":[\"Fedic\"],\"inLanguage\":\"it-IT\"},{\"@type\":\"WebPage\",\"@id\":\"https:\\\/\\\/fedic.it\\\/magazine\\\/un-concerto-di-colonne-sonore\\\/\",\"url\":\"https:\\\/\\\/fedic.it\\\/magazine\\\/un-concerto-di-colonne-sonore\\\/\",\"name\":\"UN CONCERTO DI COLONNE SONORE - Fedic Magazine\",\"isPartOf\":{\"@id\":\"https:\\\/\\\/fedic.it\\\/magazine\\\/#website\"},\"primaryImageOfPage\":{\"@id\":\"https:\\\/\\\/fedic.it\\\/magazine\\\/un-concerto-di-colonne-sonore\\\/#primaryimage\"},\"image\":{\"@id\":\"https:\\\/\\\/fedic.it\\\/magazine\\\/un-concerto-di-colonne-sonore\\\/#primaryimage\"},\"thumbnailUrl\":\"https:\\\/\\\/fedic.it\\\/magazine\\\/wp-content\\\/uploads\\\/2022\\\/07\\\/Il-cortile-delle-Terme-Tamerici-luogo-del-concerto.png\",\"datePublished\":\"2022-07-26T12:01:43+00:00\",\"dateModified\":\"2022-07-26T13:44:14+00:00\",\"breadcrumb\":{\"@id\":\"https:\\\/\\\/fedic.it\\\/magazine\\\/un-concerto-di-colonne-sonore\\\/#breadcrumb\"},\"inLanguage\":\"it-IT\",\"potentialAction\":[{\"@type\":\"ReadAction\",\"target\":[\"https:\\\/\\\/fedic.it\\\/magazine\\\/un-concerto-di-colonne-sonore\\\/\"]}]},{\"@type\":\"ImageObject\",\"inLanguage\":\"it-IT\",\"@id\":\"https:\\\/\\\/fedic.it\\\/magazine\\\/un-concerto-di-colonne-sonore\\\/#primaryimage\",\"url\":\"https:\\\/\\\/fedic.it\\\/magazine\\\/wp-content\\\/uploads\\\/2022\\\/07\\\/Il-cortile-delle-Terme-Tamerici-luogo-del-concerto.png\",\"contentUrl\":\"https:\\\/\\\/fedic.it\\\/magazine\\\/wp-content\\\/uploads\\\/2022\\\/07\\\/Il-cortile-delle-Terme-Tamerici-luogo-del-concerto.png\",\"width\":874,\"height\":552,\"caption\":\"Il cortile delle Terme Tamerici, luogo del concerto\"},{\"@type\":\"BreadcrumbList\",\"@id\":\"https:\\\/\\\/fedic.it\\\/magazine\\\/un-concerto-di-colonne-sonore\\\/#breadcrumb\",\"itemListElement\":[{\"@type\":\"ListItem\",\"position\":1,\"name\":\"Home\",\"item\":\"https:\\\/\\\/fedic.it\\\/magazine\\\/\"},{\"@type\":\"ListItem\",\"position\":2,\"name\":\"UN CONCERTO DI COLONNE SONORE\"}]},{\"@type\":\"WebSite\",\"@id\":\"https:\\\/\\\/fedic.it\\\/magazine\\\/#website\",\"url\":\"https:\\\/\\\/fedic.it\\\/magazine\\\/\",\"name\":\"Fedic Magazine\",\"description\":\"Il blog della Federazione Italiana dei Cineclub\",\"publisher\":{\"@id\":\"https:\\\/\\\/fedic.it\\\/magazine\\\/#organization\"},\"potentialAction\":[{\"@type\":\"SearchAction\",\"target\":{\"@type\":\"EntryPoint\",\"urlTemplate\":\"https:\\\/\\\/fedic.it\\\/magazine\\\/?s={search_term_string}\"},\"query-input\":{\"@type\":\"PropertyValueSpecification\",\"valueRequired\":true,\"valueName\":\"search_term_string\"}}],\"inLanguage\":\"it-IT\"},{\"@type\":\"Organization\",\"@id\":\"https:\\\/\\\/fedic.it\\\/magazine\\\/#organization\",\"name\":\"Fedic Magazine\",\"url\":\"https:\\\/\\\/fedic.it\\\/magazine\\\/\",\"logo\":{\"@type\":\"ImageObject\",\"inLanguage\":\"it-IT\",\"@id\":\"https:\\\/\\\/fedic.it\\\/magazine\\\/#\\\/schema\\\/logo\\\/image\\\/\",\"url\":\"https:\\\/\\\/fedic.it\\\/magazine\\\/wp-content\\\/uploads\\\/2021\\\/07\\\/logo-fedic-magazine-ok.jpg\",\"contentUrl\":\"https:\\\/\\\/fedic.it\\\/magazine\\\/wp-content\\\/uploads\\\/2021\\\/07\\\/logo-fedic-magazine-ok.jpg\",\"width\":405,\"height\":110,\"caption\":\"Fedic Magazine\"},\"image\":{\"@id\":\"https:\\\/\\\/fedic.it\\\/magazine\\\/#\\\/schema\\\/logo\\\/image\\\/\"}},{\"@type\":\"Person\",\"@id\":\"https:\\\/\\\/fedic.it\\\/magazine\\\/#\\\/schema\\\/person\\\/49d2a224aa980c875e12fa73c5601332\",\"name\":\"redazione\",\"image\":{\"@type\":\"ImageObject\",\"inLanguage\":\"it-IT\",\"@id\":\"https:\\\/\\\/secure.gravatar.com\\\/avatar\\\/3df0bdaff167c479390d8c1d9ba8338511cc6ea40b290cd3d84683663005fd1c?s=96&d=mm&r=g\",\"url\":\"https:\\\/\\\/secure.gravatar.com\\\/avatar\\\/3df0bdaff167c479390d8c1d9ba8338511cc6ea40b290cd3d84683663005fd1c?s=96&d=mm&r=g\",\"contentUrl\":\"https:\\\/\\\/secure.gravatar.com\\\/avatar\\\/3df0bdaff167c479390d8c1d9ba8338511cc6ea40b290cd3d84683663005fd1c?s=96&d=mm&r=g\",\"caption\":\"redazione\"},\"url\":\"https:\\\/\\\/fedic.it\\\/magazine\\\/author\\\/redazione\\\/\"}]}<\/script>\n<!-- \/ Yoast SEO plugin. -->","yoast_head_json":{"title":"UN CONCERTO DI COLONNE SONORE - Fedic Magazine","robots":{"index":"index","follow":"follow","max-snippet":"max-snippet:-1","max-image-preview":"max-image-preview:large","max-video-preview":"max-video-preview:-1"},"canonical":"https:\/\/fedic.it\/magazine\/un-concerto-di-colonne-sonore\/","og_locale":"it_IT","og_type":"article","og_title":"UN CONCERTO DI COLONNE SONORE - Fedic Magazine","og_description":"di Mario Gilardi Il giorno 23 Giugno 2022 presso lo stabilimento Tamerici di Montecatini Terme alle ore 21.00 \u00e8 iniziato ufficialmente il 72. Italia Film Fedic Festival. La serata inaugurale, realizzata grazie alla collaborazione con AVIS Comunale Montecatini Terme e il nuovo Cineclub FEDIC di Montecatini \u201cCine Social Valdinievole\u201d, sotto la guida di FEDIC, ha [&hellip;]","og_url":"https:\/\/fedic.it\/magazine\/un-concerto-di-colonne-sonore\/","og_site_name":"Fedic Magazine","article_published_time":"2022-07-26T12:01:43+00:00","article_modified_time":"2022-07-26T13:44:14+00:00","og_image":[{"url":"https:\/\/fedic.it\/magazine\/wp-content\/uploads\/2022\/07\/Il-cortile-delle-Terme-Tamerici-luogo-del-concerto.png","type":"","width":"","height":""}],"author":"redazione","twitter_card":"summary_large_image","twitter_misc":{"Scritto da":"redazione","Tempo di lettura stimato":"6 minuti"},"schema":{"@context":"https:\/\/schema.org","@graph":[{"@type":"Article","@id":"https:\/\/fedic.it\/magazine\/un-concerto-di-colonne-sonore\/#article","isPartOf":{"@id":"https:\/\/fedic.it\/magazine\/un-concerto-di-colonne-sonore\/"},"author":{"name":"redazione","@id":"https:\/\/fedic.it\/magazine\/#\/schema\/person\/49d2a224aa980c875e12fa73c5601332"},"headline":"UN CONCERTO DI COLONNE SONORE","datePublished":"2022-07-26T12:01:43+00:00","dateModified":"2022-07-26T13:44:14+00:00","mainEntityOfPage":{"@id":"https:\/\/fedic.it\/magazine\/un-concerto-di-colonne-sonore\/"},"wordCount":903,"publisher":{"@id":"https:\/\/fedic.it\/magazine\/#organization"},"image":{"@id":"https:\/\/fedic.it\/magazine\/un-concerto-di-colonne-sonore\/#primaryimage"},"thumbnailUrl":"https:\/\/fedic.it\/magazine\/wp-content\/uploads\/2022\/07\/Il-cortile-delle-Terme-Tamerici-luogo-del-concerto.png","keywords":["FEDIC Magazine 34-1"],"articleSection":["Fedic"],"inLanguage":"it-IT"},{"@type":"WebPage","@id":"https:\/\/fedic.it\/magazine\/un-concerto-di-colonne-sonore\/","url":"https:\/\/fedic.it\/magazine\/un-concerto-di-colonne-sonore\/","name":"UN CONCERTO DI COLONNE SONORE - Fedic Magazine","isPartOf":{"@id":"https:\/\/fedic.it\/magazine\/#website"},"primaryImageOfPage":{"@id":"https:\/\/fedic.it\/magazine\/un-concerto-di-colonne-sonore\/#primaryimage"},"image":{"@id":"https:\/\/fedic.it\/magazine\/un-concerto-di-colonne-sonore\/#primaryimage"},"thumbnailUrl":"https:\/\/fedic.it\/magazine\/wp-content\/uploads\/2022\/07\/Il-cortile-delle-Terme-Tamerici-luogo-del-concerto.png","datePublished":"2022-07-26T12:01:43+00:00","dateModified":"2022-07-26T13:44:14+00:00","breadcrumb":{"@id":"https:\/\/fedic.it\/magazine\/un-concerto-di-colonne-sonore\/#breadcrumb"},"inLanguage":"it-IT","potentialAction":[{"@type":"ReadAction","target":["https:\/\/fedic.it\/magazine\/un-concerto-di-colonne-sonore\/"]}]},{"@type":"ImageObject","inLanguage":"it-IT","@id":"https:\/\/fedic.it\/magazine\/un-concerto-di-colonne-sonore\/#primaryimage","url":"https:\/\/fedic.it\/magazine\/wp-content\/uploads\/2022\/07\/Il-cortile-delle-Terme-Tamerici-luogo-del-concerto.png","contentUrl":"https:\/\/fedic.it\/magazine\/wp-content\/uploads\/2022\/07\/Il-cortile-delle-Terme-Tamerici-luogo-del-concerto.png","width":874,"height":552,"caption":"Il cortile delle Terme Tamerici, luogo del concerto"},{"@type":"BreadcrumbList","@id":"https:\/\/fedic.it\/magazine\/un-concerto-di-colonne-sonore\/#breadcrumb","itemListElement":[{"@type":"ListItem","position":1,"name":"Home","item":"https:\/\/fedic.it\/magazine\/"},{"@type":"ListItem","position":2,"name":"UN CONCERTO DI COLONNE SONORE"}]},{"@type":"WebSite","@id":"https:\/\/fedic.it\/magazine\/#website","url":"https:\/\/fedic.it\/magazine\/","name":"Fedic Magazine","description":"Il blog della Federazione Italiana dei Cineclub","publisher":{"@id":"https:\/\/fedic.it\/magazine\/#organization"},"potentialAction":[{"@type":"SearchAction","target":{"@type":"EntryPoint","urlTemplate":"https:\/\/fedic.it\/magazine\/?s={search_term_string}"},"query-input":{"@type":"PropertyValueSpecification","valueRequired":true,"valueName":"search_term_string"}}],"inLanguage":"it-IT"},{"@type":"Organization","@id":"https:\/\/fedic.it\/magazine\/#organization","name":"Fedic Magazine","url":"https:\/\/fedic.it\/magazine\/","logo":{"@type":"ImageObject","inLanguage":"it-IT","@id":"https:\/\/fedic.it\/magazine\/#\/schema\/logo\/image\/","url":"https:\/\/fedic.it\/magazine\/wp-content\/uploads\/2021\/07\/logo-fedic-magazine-ok.jpg","contentUrl":"https:\/\/fedic.it\/magazine\/wp-content\/uploads\/2021\/07\/logo-fedic-magazine-ok.jpg","width":405,"height":110,"caption":"Fedic Magazine"},"image":{"@id":"https:\/\/fedic.it\/magazine\/#\/schema\/logo\/image\/"}},{"@type":"Person","@id":"https:\/\/fedic.it\/magazine\/#\/schema\/person\/49d2a224aa980c875e12fa73c5601332","name":"redazione","image":{"@type":"ImageObject","inLanguage":"it-IT","@id":"https:\/\/secure.gravatar.com\/avatar\/3df0bdaff167c479390d8c1d9ba8338511cc6ea40b290cd3d84683663005fd1c?s=96&d=mm&r=g","url":"https:\/\/secure.gravatar.com\/avatar\/3df0bdaff167c479390d8c1d9ba8338511cc6ea40b290cd3d84683663005fd1c?s=96&d=mm&r=g","contentUrl":"https:\/\/secure.gravatar.com\/avatar\/3df0bdaff167c479390d8c1d9ba8338511cc6ea40b290cd3d84683663005fd1c?s=96&d=mm&r=g","caption":"redazione"},"url":"https:\/\/fedic.it\/magazine\/author\/redazione\/"}]}},"jetpack_featured_media_url":"","_links":{"self":[{"href":"https:\/\/fedic.it\/magazine\/wp-json\/wp\/v2\/posts\/650","targetHints":{"allow":["GET"]}}],"collection":[{"href":"https:\/\/fedic.it\/magazine\/wp-json\/wp\/v2\/posts"}],"about":[{"href":"https:\/\/fedic.it\/magazine\/wp-json\/wp\/v2\/types\/post"}],"author":[{"embeddable":true,"href":"https:\/\/fedic.it\/magazine\/wp-json\/wp\/v2\/users\/4"}],"replies":[{"embeddable":true,"href":"https:\/\/fedic.it\/magazine\/wp-json\/wp\/v2\/comments?post=650"}],"version-history":[{"count":1,"href":"https:\/\/fedic.it\/magazine\/wp-json\/wp\/v2\/posts\/650\/revisions"}],"predecessor-version":[{"id":652,"href":"https:\/\/fedic.it\/magazine\/wp-json\/wp\/v2\/posts\/650\/revisions\/652"}],"wp:attachment":[{"href":"https:\/\/fedic.it\/magazine\/wp-json\/wp\/v2\/media?parent=650"}],"wp:term":[{"taxonomy":"category","embeddable":true,"href":"https:\/\/fedic.it\/magazine\/wp-json\/wp\/v2\/categories?post=650"},{"taxonomy":"post_tag","embeddable":true,"href":"https:\/\/fedic.it\/magazine\/wp-json\/wp\/v2\/tags?post=650"}],"curies":[{"name":"wp","href":"https:\/\/api.w.org\/{rel}","templated":true}]}}