{"id":1423,"date":"2024-05-09T09:26:11","date_gmt":"2024-05-09T09:26:11","guid":{"rendered":"https:\/\/fedic.it\/magazine\/?p=1423"},"modified":"2024-05-09T09:26:11","modified_gmt":"2024-05-09T09:26:11","slug":"la-xiv-edizione-del-mediterraneo-festival-corto-sara-dedicato-alle-donne","status":"publish","type":"post","link":"https:\/\/fedic.it\/magazine\/la-xiv-edizione-del-mediterraneo-festival-corto-sara-dedicato-alle-donne\/","title":{"rendered":"LA XIV EDIZIONE DEL MEDITERRANEO FESTIVAL CORTO SAR\u00c0 DEDICATO ALLE DONNE"},"content":{"rendered":"<p><strong>di Francesca Magurno<\/strong><\/p>\n<p>Sempre pi\u00f9 frenetici i preparativi della XIV edizione del Mediterraneo Festival Corto organizzato come sempre dal Cinecircolo Maurizio Grande con il patrocinio del Comune di Scalea e il supporto della Pro Loco Scalea.<\/p>\n<p>Il Festival si terr\u00e0 dal 3 al 7 Luglio 2024 nuovamente a Scalea, in piazza Spinelli e come gi\u00e0 annunciato la Madrina sar\u00e0 l\u2019attrice Cristina Donadio.<\/p>\n<p>Quest\u2019anno il Festival sar\u00e0 dedicato alle donne: le donne che hanno fatto la storia del Cinema e delle Nazioni, alle donne scienziate, letterate, alle donne che nel corso dei secoli si sono spese per la comunit\u00e0; a tutte le donne che incontriamo nella vita quotidiana, con le problematiche ancora oggi esistenti. Un convegno apposito sar\u00e0 l\u2019occasione per discutere di molteplici tematiche dal gender pay gap alla violenza alle difficolt\u00e0 di conciliare vita privata e lavoro.<\/p>\n<p>Saranno donne le autrici calabresi protagoniste degli incontri letterari che, come gi\u00e0 lo scorso anno, anticiperanno le serate del Festival e saranno donne le artiste e le musiciste che si esibiranno al Dopofestival, organizzato in collaborazione con Sergio Gimigliano Concerti e Peperoncino Jazz Festival.<\/p>\n<p>Non solo, quest\u2019anno il Mediterraneo Festival Corto avr\u00e0 anche importanti novit\u00e0 che saranno svelate pi\u00f9 avanti. Una delle principali novit\u00e0 coinvolger\u00e0 le studentesse e gli studenti di ben due scuole di cinematografie. Altra novit\u00e0 saranno speciali momenti di incontro tra gli ospiti del Festival e il pubblico. Non solo, ci sar\u00e0 un nuovo premio assegnato ed esposizioni \u201cda Oscar\u201d.<\/p>\n<p>Intanto si sono chiuse domenica 31 marzo le iscrizioni per la XIV edizione del Mediterraneo Festival Corto. Anche quest\u2019anno sono rappresentati tutti e cinque i Continenti poich\u00e9 gli oltre 400 cortometraggi arrivano da Armenia, Australia, Brasile, Canada, Cina, Croazia, Danimarca, Ecuador, Francia, Germania, Giappone, Giordania, Grecia, Iran, Iraq, Irlanda, Israele, Italia, Libano, Macedonia, Marocco, Messico, Palestina, Portogallo, Regno Unito, Serbia, Spagna, Sri Lanka, Stati Uniti, Svezia, Svizzera, Taiwan, Tunisia, Turchia, Ucraina.<\/p>\n<p>L\u2019appuntamento \u00e8 quindi per il 3 Luglio 2024 con la Conferenza Stampa che si terr\u00e0 come lo scorso anno dallo splendido scenario della piscina del Grand Hotel De Rose e proseguir\u00e0 nelle serate con le premiazioni del 4, 5, 6 e 7 Luglio in piazza Spinelli e all\u2019interno della corte di Palazzo Principi Spinelli per il Dopofestival.<\/p>\n<figure id=\"attachment_1418\" aria-describedby=\"caption-attachment-1418\" style=\"width: 937px\" class=\"wp-caption aligncenter\"><img loading=\"lazy\" decoding=\"async\" class=\"size-full wp-image-1418\" src=\"https:\/\/fedic.it\/magazine\/wp-content\/uploads\/2024\/05\/Un-momento-delledizione-Mediterraneo-Festival-Corto-2023.png\" alt=\"\" width=\"937\" height=\"539\" srcset=\"https:\/\/fedic.it\/magazine\/wp-content\/uploads\/2024\/05\/Un-momento-delledizione-Mediterraneo-Festival-Corto-2023.png 937w, https:\/\/fedic.it\/magazine\/wp-content\/uploads\/2024\/05\/Un-momento-delledizione-Mediterraneo-Festival-Corto-2023-300x173.png 300w, https:\/\/fedic.it\/magazine\/wp-content\/uploads\/2024\/05\/Un-momento-delledizione-Mediterraneo-Festival-Corto-2023-768x442.png 768w, https:\/\/fedic.it\/magazine\/wp-content\/uploads\/2024\/05\/Un-momento-delledizione-Mediterraneo-Festival-Corto-2023-330x191.png 330w\" sizes=\"auto, (max-width: 937px) 100vw, 937px\" \/><figcaption id=\"caption-attachment-1418\" class=\"wp-caption-text\">Un momento dell\u2019edizione Mediterraneo Festival Corto 2023<\/figcaption><\/figure>\n","protected":false},"excerpt":{"rendered":"<p>di Francesca Magurno Sempre pi\u00f9 frenetici i preparativi della XIV edizione del Mediterraneo Festival Corto organizzato come sempre dal Cinecircolo Maurizio Grande con il patrocinio del Comune di Scalea e il supporto della Pro Loco Scalea. Il Festival si terr\u00e0 dal 3 al 7 Luglio 2024 nuovamente a Scalea, in piazza Spinelli e come gi\u00e0 [&hellip;]<\/p>\n","protected":false},"author":4,"featured_media":1416,"comment_status":"closed","ping_status":"closed","sticky":false,"template":"","format":"standard","meta":{"footnotes":""},"categories":[4],"tags":[40],"class_list":["post-1423","post","type-post","status-publish","format-standard","has-post-thumbnail","hentry","category-festival","tag-fedic-magazine-49"],"yoast_head":"<!-- This site is optimized with the Yoast SEO plugin v27.5 - https:\/\/yoast.com\/product\/yoast-seo-wordpress\/ -->\n<title>LA XIV EDIZIONE DEL MEDITERRANEO FESTIVAL CORTO SAR\u00c0 DEDICATO ALLE DONNE - Fedic Magazine<\/title>\n<meta name=\"robots\" content=\"index, follow, max-snippet:-1, max-image-preview:large, max-video-preview:-1\" \/>\n<link rel=\"canonical\" href=\"https:\/\/fedic.it\/magazine\/la-xiv-edizione-del-mediterraneo-festival-corto-sara-dedicato-alle-donne\/\" \/>\n<meta property=\"og:locale\" content=\"it_IT\" \/>\n<meta property=\"og:type\" content=\"article\" \/>\n<meta property=\"og:title\" content=\"LA XIV EDIZIONE DEL MEDITERRANEO FESTIVAL CORTO SAR\u00c0 DEDICATO ALLE DONNE - Fedic Magazine\" \/>\n<meta property=\"og:description\" content=\"di Francesca Magurno Sempre pi\u00f9 frenetici i preparativi della XIV edizione del Mediterraneo Festival Corto organizzato come sempre dal Cinecircolo Maurizio Grande con il patrocinio del Comune di Scalea e il supporto della Pro Loco Scalea. Il Festival si terr\u00e0 dal 3 al 7 Luglio 2024 nuovamente a Scalea, in piazza Spinelli e come gi\u00e0 [&hellip;]\" \/>\n<meta property=\"og:url\" content=\"https:\/\/fedic.it\/magazine\/la-xiv-edizione-del-mediterraneo-festival-corto-sara-dedicato-alle-donne\/\" \/>\n<meta property=\"og:site_name\" content=\"Fedic Magazine\" \/>\n<meta property=\"article:published_time\" content=\"2024-05-09T09:26:11+00:00\" \/>\n<meta property=\"og:image\" content=\"https:\/\/fedic.it\/magazine\/wp-content\/uploads\/2024\/05\/mediterraneo-festival.png\" \/>\n\t<meta property=\"og:image:width\" content=\"356\" \/>\n\t<meta property=\"og:image:height\" content=\"356\" \/>\n\t<meta property=\"og:image:type\" content=\"image\/png\" \/>\n<meta name=\"author\" content=\"redazione\" \/>\n<meta name=\"twitter:card\" content=\"summary_large_image\" \/>\n<meta name=\"twitter:label1\" content=\"Scritto da\" \/>\n\t<meta name=\"twitter:data1\" content=\"redazione\" \/>\n\t<meta name=\"twitter:label2\" content=\"Tempo di lettura stimato\" \/>\n\t<meta name=\"twitter:data2\" content=\"3 minuti\" \/>\n<script type=\"application\/ld+json\" class=\"yoast-schema-graph\">{\"@context\":\"https:\\\/\\\/schema.org\",\"@graph\":[{\"@type\":\"Article\",\"@id\":\"https:\\\/\\\/fedic.it\\\/magazine\\\/la-xiv-edizione-del-mediterraneo-festival-corto-sara-dedicato-alle-donne\\\/#article\",\"isPartOf\":{\"@id\":\"https:\\\/\\\/fedic.it\\\/magazine\\\/la-xiv-edizione-del-mediterraneo-festival-corto-sara-dedicato-alle-donne\\\/\"},\"author\":{\"name\":\"redazione\",\"@id\":\"https:\\\/\\\/fedic.it\\\/magazine\\\/#\\\/schema\\\/person\\\/49d2a224aa980c875e12fa73c5601332\"},\"headline\":\"LA XIV EDIZIONE DEL MEDITERRANEO FESTIVAL CORTO SAR\u00c0 DEDICATO ALLE DONNE\",\"datePublished\":\"2024-05-09T09:26:11+00:00\",\"mainEntityOfPage\":{\"@id\":\"https:\\\/\\\/fedic.it\\\/magazine\\\/la-xiv-edizione-del-mediterraneo-festival-corto-sara-dedicato-alle-donne\\\/\"},\"wordCount\":388,\"publisher\":{\"@id\":\"https:\\\/\\\/fedic.it\\\/magazine\\\/#organization\"},\"image\":{\"@id\":\"https:\\\/\\\/fedic.it\\\/magazine\\\/la-xiv-edizione-del-mediterraneo-festival-corto-sara-dedicato-alle-donne\\\/#primaryimage\"},\"thumbnailUrl\":\"https:\\\/\\\/fedic.it\\\/magazine\\\/wp-content\\\/uploads\\\/2024\\\/05\\\/mediterraneo-festival.png\",\"keywords\":[\"FEDIC Magazine 49\"],\"articleSection\":[\"Festival\"],\"inLanguage\":\"it-IT\"},{\"@type\":\"WebPage\",\"@id\":\"https:\\\/\\\/fedic.it\\\/magazine\\\/la-xiv-edizione-del-mediterraneo-festival-corto-sara-dedicato-alle-donne\\\/\",\"url\":\"https:\\\/\\\/fedic.it\\\/magazine\\\/la-xiv-edizione-del-mediterraneo-festival-corto-sara-dedicato-alle-donne\\\/\",\"name\":\"LA XIV EDIZIONE DEL MEDITERRANEO FESTIVAL CORTO SAR\u00c0 DEDICATO ALLE DONNE - Fedic Magazine\",\"isPartOf\":{\"@id\":\"https:\\\/\\\/fedic.it\\\/magazine\\\/#website\"},\"primaryImageOfPage\":{\"@id\":\"https:\\\/\\\/fedic.it\\\/magazine\\\/la-xiv-edizione-del-mediterraneo-festival-corto-sara-dedicato-alle-donne\\\/#primaryimage\"},\"image\":{\"@id\":\"https:\\\/\\\/fedic.it\\\/magazine\\\/la-xiv-edizione-del-mediterraneo-festival-corto-sara-dedicato-alle-donne\\\/#primaryimage\"},\"thumbnailUrl\":\"https:\\\/\\\/fedic.it\\\/magazine\\\/wp-content\\\/uploads\\\/2024\\\/05\\\/mediterraneo-festival.png\",\"datePublished\":\"2024-05-09T09:26:11+00:00\",\"breadcrumb\":{\"@id\":\"https:\\\/\\\/fedic.it\\\/magazine\\\/la-xiv-edizione-del-mediterraneo-festival-corto-sara-dedicato-alle-donne\\\/#breadcrumb\"},\"inLanguage\":\"it-IT\",\"potentialAction\":[{\"@type\":\"ReadAction\",\"target\":[\"https:\\\/\\\/fedic.it\\\/magazine\\\/la-xiv-edizione-del-mediterraneo-festival-corto-sara-dedicato-alle-donne\\\/\"]}]},{\"@type\":\"ImageObject\",\"inLanguage\":\"it-IT\",\"@id\":\"https:\\\/\\\/fedic.it\\\/magazine\\\/la-xiv-edizione-del-mediterraneo-festival-corto-sara-dedicato-alle-donne\\\/#primaryimage\",\"url\":\"https:\\\/\\\/fedic.it\\\/magazine\\\/wp-content\\\/uploads\\\/2024\\\/05\\\/mediterraneo-festival.png\",\"contentUrl\":\"https:\\\/\\\/fedic.it\\\/magazine\\\/wp-content\\\/uploads\\\/2024\\\/05\\\/mediterraneo-festival.png\",\"width\":356,\"height\":356},{\"@type\":\"BreadcrumbList\",\"@id\":\"https:\\\/\\\/fedic.it\\\/magazine\\\/la-xiv-edizione-del-mediterraneo-festival-corto-sara-dedicato-alle-donne\\\/#breadcrumb\",\"itemListElement\":[{\"@type\":\"ListItem\",\"position\":1,\"name\":\"Home\",\"item\":\"https:\\\/\\\/fedic.it\\\/magazine\\\/\"},{\"@type\":\"ListItem\",\"position\":2,\"name\":\"LA XIV EDIZIONE DEL MEDITERRANEO FESTIVAL CORTO SAR\u00c0 DEDICATO ALLE DONNE\"}]},{\"@type\":\"WebSite\",\"@id\":\"https:\\\/\\\/fedic.it\\\/magazine\\\/#website\",\"url\":\"https:\\\/\\\/fedic.it\\\/magazine\\\/\",\"name\":\"Fedic Magazine\",\"description\":\"Il blog della Federazione Italiana dei Cineclub\",\"publisher\":{\"@id\":\"https:\\\/\\\/fedic.it\\\/magazine\\\/#organization\"},\"potentialAction\":[{\"@type\":\"SearchAction\",\"target\":{\"@type\":\"EntryPoint\",\"urlTemplate\":\"https:\\\/\\\/fedic.it\\\/magazine\\\/?s={search_term_string}\"},\"query-input\":{\"@type\":\"PropertyValueSpecification\",\"valueRequired\":true,\"valueName\":\"search_term_string\"}}],\"inLanguage\":\"it-IT\"},{\"@type\":\"Organization\",\"@id\":\"https:\\\/\\\/fedic.it\\\/magazine\\\/#organization\",\"name\":\"Fedic Magazine\",\"url\":\"https:\\\/\\\/fedic.it\\\/magazine\\\/\",\"logo\":{\"@type\":\"ImageObject\",\"inLanguage\":\"it-IT\",\"@id\":\"https:\\\/\\\/fedic.it\\\/magazine\\\/#\\\/schema\\\/logo\\\/image\\\/\",\"url\":\"https:\\\/\\\/fedic.it\\\/magazine\\\/wp-content\\\/uploads\\\/2021\\\/07\\\/logo-fedic-magazine-ok.jpg\",\"contentUrl\":\"https:\\\/\\\/fedic.it\\\/magazine\\\/wp-content\\\/uploads\\\/2021\\\/07\\\/logo-fedic-magazine-ok.jpg\",\"width\":405,\"height\":110,\"caption\":\"Fedic Magazine\"},\"image\":{\"@id\":\"https:\\\/\\\/fedic.it\\\/magazine\\\/#\\\/schema\\\/logo\\\/image\\\/\"}},{\"@type\":\"Person\",\"@id\":\"https:\\\/\\\/fedic.it\\\/magazine\\\/#\\\/schema\\\/person\\\/49d2a224aa980c875e12fa73c5601332\",\"name\":\"redazione\",\"image\":{\"@type\":\"ImageObject\",\"inLanguage\":\"it-IT\",\"@id\":\"https:\\\/\\\/secure.gravatar.com\\\/avatar\\\/3df0bdaff167c479390d8c1d9ba8338511cc6ea40b290cd3d84683663005fd1c?s=96&d=mm&r=g\",\"url\":\"https:\\\/\\\/secure.gravatar.com\\\/avatar\\\/3df0bdaff167c479390d8c1d9ba8338511cc6ea40b290cd3d84683663005fd1c?s=96&d=mm&r=g\",\"contentUrl\":\"https:\\\/\\\/secure.gravatar.com\\\/avatar\\\/3df0bdaff167c479390d8c1d9ba8338511cc6ea40b290cd3d84683663005fd1c?s=96&d=mm&r=g\",\"caption\":\"redazione\"},\"url\":\"https:\\\/\\\/fedic.it\\\/magazine\\\/author\\\/redazione\\\/\"}]}<\/script>\n<!-- \/ Yoast SEO plugin. -->","yoast_head_json":{"title":"LA XIV EDIZIONE DEL MEDITERRANEO FESTIVAL CORTO SAR\u00c0 DEDICATO ALLE DONNE - Fedic Magazine","robots":{"index":"index","follow":"follow","max-snippet":"max-snippet:-1","max-image-preview":"max-image-preview:large","max-video-preview":"max-video-preview:-1"},"canonical":"https:\/\/fedic.it\/magazine\/la-xiv-edizione-del-mediterraneo-festival-corto-sara-dedicato-alle-donne\/","og_locale":"it_IT","og_type":"article","og_title":"LA XIV EDIZIONE DEL MEDITERRANEO FESTIVAL CORTO SAR\u00c0 DEDICATO ALLE DONNE - Fedic Magazine","og_description":"di Francesca Magurno Sempre pi\u00f9 frenetici i preparativi della XIV edizione del Mediterraneo Festival Corto organizzato come sempre dal Cinecircolo Maurizio Grande con il patrocinio del Comune di Scalea e il supporto della Pro Loco Scalea. Il Festival si terr\u00e0 dal 3 al 7 Luglio 2024 nuovamente a Scalea, in piazza Spinelli e come gi\u00e0 [&hellip;]","og_url":"https:\/\/fedic.it\/magazine\/la-xiv-edizione-del-mediterraneo-festival-corto-sara-dedicato-alle-donne\/","og_site_name":"Fedic Magazine","article_published_time":"2024-05-09T09:26:11+00:00","og_image":[{"width":356,"height":356,"url":"https:\/\/fedic.it\/magazine\/wp-content\/uploads\/2024\/05\/mediterraneo-festival.png","type":"image\/png"}],"author":"redazione","twitter_card":"summary_large_image","twitter_misc":{"Scritto da":"redazione","Tempo di lettura stimato":"3 minuti"},"schema":{"@context":"https:\/\/schema.org","@graph":[{"@type":"Article","@id":"https:\/\/fedic.it\/magazine\/la-xiv-edizione-del-mediterraneo-festival-corto-sara-dedicato-alle-donne\/#article","isPartOf":{"@id":"https:\/\/fedic.it\/magazine\/la-xiv-edizione-del-mediterraneo-festival-corto-sara-dedicato-alle-donne\/"},"author":{"name":"redazione","@id":"https:\/\/fedic.it\/magazine\/#\/schema\/person\/49d2a224aa980c875e12fa73c5601332"},"headline":"LA XIV EDIZIONE DEL MEDITERRANEO FESTIVAL CORTO SAR\u00c0 DEDICATO ALLE DONNE","datePublished":"2024-05-09T09:26:11+00:00","mainEntityOfPage":{"@id":"https:\/\/fedic.it\/magazine\/la-xiv-edizione-del-mediterraneo-festival-corto-sara-dedicato-alle-donne\/"},"wordCount":388,"publisher":{"@id":"https:\/\/fedic.it\/magazine\/#organization"},"image":{"@id":"https:\/\/fedic.it\/magazine\/la-xiv-edizione-del-mediterraneo-festival-corto-sara-dedicato-alle-donne\/#primaryimage"},"thumbnailUrl":"https:\/\/fedic.it\/magazine\/wp-content\/uploads\/2024\/05\/mediterraneo-festival.png","keywords":["FEDIC Magazine 49"],"articleSection":["Festival"],"inLanguage":"it-IT"},{"@type":"WebPage","@id":"https:\/\/fedic.it\/magazine\/la-xiv-edizione-del-mediterraneo-festival-corto-sara-dedicato-alle-donne\/","url":"https:\/\/fedic.it\/magazine\/la-xiv-edizione-del-mediterraneo-festival-corto-sara-dedicato-alle-donne\/","name":"LA XIV EDIZIONE DEL MEDITERRANEO FESTIVAL CORTO SAR\u00c0 DEDICATO ALLE DONNE - Fedic Magazine","isPartOf":{"@id":"https:\/\/fedic.it\/magazine\/#website"},"primaryImageOfPage":{"@id":"https:\/\/fedic.it\/magazine\/la-xiv-edizione-del-mediterraneo-festival-corto-sara-dedicato-alle-donne\/#primaryimage"},"image":{"@id":"https:\/\/fedic.it\/magazine\/la-xiv-edizione-del-mediterraneo-festival-corto-sara-dedicato-alle-donne\/#primaryimage"},"thumbnailUrl":"https:\/\/fedic.it\/magazine\/wp-content\/uploads\/2024\/05\/mediterraneo-festival.png","datePublished":"2024-05-09T09:26:11+00:00","breadcrumb":{"@id":"https:\/\/fedic.it\/magazine\/la-xiv-edizione-del-mediterraneo-festival-corto-sara-dedicato-alle-donne\/#breadcrumb"},"inLanguage":"it-IT","potentialAction":[{"@type":"ReadAction","target":["https:\/\/fedic.it\/magazine\/la-xiv-edizione-del-mediterraneo-festival-corto-sara-dedicato-alle-donne\/"]}]},{"@type":"ImageObject","inLanguage":"it-IT","@id":"https:\/\/fedic.it\/magazine\/la-xiv-edizione-del-mediterraneo-festival-corto-sara-dedicato-alle-donne\/#primaryimage","url":"https:\/\/fedic.it\/magazine\/wp-content\/uploads\/2024\/05\/mediterraneo-festival.png","contentUrl":"https:\/\/fedic.it\/magazine\/wp-content\/uploads\/2024\/05\/mediterraneo-festival.png","width":356,"height":356},{"@type":"BreadcrumbList","@id":"https:\/\/fedic.it\/magazine\/la-xiv-edizione-del-mediterraneo-festival-corto-sara-dedicato-alle-donne\/#breadcrumb","itemListElement":[{"@type":"ListItem","position":1,"name":"Home","item":"https:\/\/fedic.it\/magazine\/"},{"@type":"ListItem","position":2,"name":"LA XIV EDIZIONE DEL MEDITERRANEO FESTIVAL CORTO SAR\u00c0 DEDICATO ALLE DONNE"}]},{"@type":"WebSite","@id":"https:\/\/fedic.it\/magazine\/#website","url":"https:\/\/fedic.it\/magazine\/","name":"Fedic Magazine","description":"Il blog della Federazione Italiana dei Cineclub","publisher":{"@id":"https:\/\/fedic.it\/magazine\/#organization"},"potentialAction":[{"@type":"SearchAction","target":{"@type":"EntryPoint","urlTemplate":"https:\/\/fedic.it\/magazine\/?s={search_term_string}"},"query-input":{"@type":"PropertyValueSpecification","valueRequired":true,"valueName":"search_term_string"}}],"inLanguage":"it-IT"},{"@type":"Organization","@id":"https:\/\/fedic.it\/magazine\/#organization","name":"Fedic Magazine","url":"https:\/\/fedic.it\/magazine\/","logo":{"@type":"ImageObject","inLanguage":"it-IT","@id":"https:\/\/fedic.it\/magazine\/#\/schema\/logo\/image\/","url":"https:\/\/fedic.it\/magazine\/wp-content\/uploads\/2021\/07\/logo-fedic-magazine-ok.jpg","contentUrl":"https:\/\/fedic.it\/magazine\/wp-content\/uploads\/2021\/07\/logo-fedic-magazine-ok.jpg","width":405,"height":110,"caption":"Fedic Magazine"},"image":{"@id":"https:\/\/fedic.it\/magazine\/#\/schema\/logo\/image\/"}},{"@type":"Person","@id":"https:\/\/fedic.it\/magazine\/#\/schema\/person\/49d2a224aa980c875e12fa73c5601332","name":"redazione","image":{"@type":"ImageObject","inLanguage":"it-IT","@id":"https:\/\/secure.gravatar.com\/avatar\/3df0bdaff167c479390d8c1d9ba8338511cc6ea40b290cd3d84683663005fd1c?s=96&d=mm&r=g","url":"https:\/\/secure.gravatar.com\/avatar\/3df0bdaff167c479390d8c1d9ba8338511cc6ea40b290cd3d84683663005fd1c?s=96&d=mm&r=g","contentUrl":"https:\/\/secure.gravatar.com\/avatar\/3df0bdaff167c479390d8c1d9ba8338511cc6ea40b290cd3d84683663005fd1c?s=96&d=mm&r=g","caption":"redazione"},"url":"https:\/\/fedic.it\/magazine\/author\/redazione\/"}]}},"jetpack_featured_media_url":"https:\/\/fedic.it\/magazine\/wp-content\/uploads\/2024\/05\/mediterraneo-festival.png","_links":{"self":[{"href":"https:\/\/fedic.it\/magazine\/wp-json\/wp\/v2\/posts\/1423","targetHints":{"allow":["GET"]}}],"collection":[{"href":"https:\/\/fedic.it\/magazine\/wp-json\/wp\/v2\/posts"}],"about":[{"href":"https:\/\/fedic.it\/magazine\/wp-json\/wp\/v2\/types\/post"}],"author":[{"embeddable":true,"href":"https:\/\/fedic.it\/magazine\/wp-json\/wp\/v2\/users\/4"}],"replies":[{"embeddable":true,"href":"https:\/\/fedic.it\/magazine\/wp-json\/wp\/v2\/comments?post=1423"}],"version-history":[{"count":1,"href":"https:\/\/fedic.it\/magazine\/wp-json\/wp\/v2\/posts\/1423\/revisions"}],"predecessor-version":[{"id":1424,"href":"https:\/\/fedic.it\/magazine\/wp-json\/wp\/v2\/posts\/1423\/revisions\/1424"}],"wp:featuredmedia":[{"embeddable":true,"href":"https:\/\/fedic.it\/magazine\/wp-json\/wp\/v2\/media\/1416"}],"wp:attachment":[{"href":"https:\/\/fedic.it\/magazine\/wp-json\/wp\/v2\/media?parent=1423"}],"wp:term":[{"taxonomy":"category","embeddable":true,"href":"https:\/\/fedic.it\/magazine\/wp-json\/wp\/v2\/categories?post=1423"},{"taxonomy":"post_tag","embeddable":true,"href":"https:\/\/fedic.it\/magazine\/wp-json\/wp\/v2\/tags?post=1423"}],"curies":[{"name":"wp","href":"https:\/\/api.w.org\/{rel}","templated":true}]}}