{"id":1389,"date":"2024-03-25T10:41:51","date_gmt":"2024-03-25T10:41:51","guid":{"rendered":"https:\/\/fedic.it\/magazine\/?p=1389"},"modified":"2024-03-25T10:41:51","modified_gmt":"2024-03-25T10:41:51","slug":"marco-risi-a-ospitaletto-in-provincia-di-brescia-per-la-proiezione-del-film-il-punto-di-rugiada-con-agenda-cinema-in-sala-erica-blanc","status":"publish","type":"post","link":"https:\/\/fedic.it\/magazine\/marco-risi-a-ospitaletto-in-provincia-di-brescia-per-la-proiezione-del-film-il-punto-di-rugiada-con-agenda-cinema-in-sala-erica-blanc\/","title":{"rendered":"MARCO RISI A OSPITALETTO, IN PROVINCIA DI BRESCIA, PER LA PROIEZIONE DEL FILM \u201cIL PUNTO DI RUGIADA\u201d. CON AGENDA CINEMA. IN SALA ERICA BLANC"},"content":{"rendered":"<p><strong>di Laura Forcella Iascone<\/strong><\/p>\n<p>La proiezione pubblica del film \u201c<em>Il punto di rugiada\u201d<\/em> di Marco Risi per il cineclub AGEnda Cinema si \u00e8 imposta naturale e necessaria: una delle sue protagoniste \u00e8 Erica Blanc, l\u2019attrice che il cineclub di Brescia ha omaggiato con due autonome produzioni cinematografiche, un video di tre minuti di Giulia Bertoletti e un corto di 51 minuti di Maurizio Pasetti. Erica Blanc interpreta nel film una delle vecchie ospiti della casa di riposo \u201cVilla Bianca\u201d dove si ambienta la storia.<\/p>\n<figure id=\"attachment_1370\" aria-describedby=\"caption-attachment-1370\" style=\"width: 735px\" class=\"wp-caption aligncenter\"><img loading=\"lazy\" decoding=\"async\" class=\"size-full wp-image-1370\" src=\"https:\/\/fedic.it\/magazine\/wp-content\/uploads\/2024\/03\/Un-momento-dellincontro.png\" alt=\"\" width=\"735\" height=\"491\" srcset=\"https:\/\/fedic.it\/magazine\/wp-content\/uploads\/2024\/03\/Un-momento-dellincontro.png 735w, https:\/\/fedic.it\/magazine\/wp-content\/uploads\/2024\/03\/Un-momento-dellincontro-300x200.png 300w, https:\/\/fedic.it\/magazine\/wp-content\/uploads\/2024\/03\/Un-momento-dellincontro-360x241.png 360w\" sizes=\"auto, (max-width: 735px) 100vw, 735px\" \/><figcaption id=\"caption-attachment-1370\" class=\"wp-caption-text\">Un momento dell\u2019incontro<\/figcaption><\/figure>\n<p>Ad aggiungere valore alla proiezione, che si \u00e8 tenuta nella serata del 22 febbraio al cinema Agor\u00e0 di Ospitaletto, \u00e8 stata la prestigiosa presenza dello stesso regista Marco Risi organizzata da Giovanni Scolari e Massimo Morelli, i due critici cinematografici di AGEnda, insieme a don Adriano che gestisce la sala e ne decide la programmazione con l\u2019intento di favorire scambi di pensiero e confronti emozionali.<\/p>\n<p>Il film si \u00e8 prestato benissimo a questo intento grazie anche all\u2019intervista rivolta al regista condotta dai due critici. Marco Risi ha dichiarato di avere ripreso un soggetto nato da un\u2019idea che coltiva da quindici anni e con il quale ha voluto raccontare molto di suo padre, qualcosa anche di sua madre e di registi come Monicelli che ha conosciuto fin da piccolo. Il pubblico ha apprezzato come questo approccio cos\u00ec intimo conviva con un respiro universale che mette in scena la fragilit\u00e0 dell\u2019essere umano. I vecchi -cos\u00ec vuole chiamarli Risi che stigmatizza il formale <em>ospiti<\/em> imposto dal direttore della casa di riposo- costituiscono un microcosmo di diverse personalit\u00e0, tutte che fanno i conti con dolore e fallimento, ma che non perdono guizzi di ilarit\u00e0 e leggerezza o almeno di autentico dialogo. Depositari di un modello di comunicazione lontano da quello dei giovani che si incontrano in discoteche rumorose e buie dove il consumo di alcool e di droga \u00e8 accettato come normalit\u00e0, appaiono interessanti punti di riferimento per Carlo e Manuel, interpretati da Alessandro Fella e da Roberto Gudese che, diversi per estrazione sociale, storia e indole, si trovano a condividere l\u2019esperienza del lavoro socialmente utile nella casa di riposo come pena sostitutiva al carcere. \u00c8 la loro relazione con i vecchi e le vecchie a farli maturare e anche avvicinare fino a costruire un rapporto di amicizia tra loro e con gli ospiti.<\/p>\n<figure id=\"attachment_1369\" aria-describedby=\"caption-attachment-1369\" style=\"width: 679px\" class=\"wp-caption aligncenter\"><img loading=\"lazy\" decoding=\"async\" class=\"size-full wp-image-1369\" src=\"https:\/\/fedic.it\/magazine\/wp-content\/uploads\/2024\/03\/Marco-Risi-intervista-Erica-Blanc.png\" alt=\"\" width=\"679\" height=\"381\" srcset=\"https:\/\/fedic.it\/magazine\/wp-content\/uploads\/2024\/03\/Marco-Risi-intervista-Erica-Blanc.png 679w, https:\/\/fedic.it\/magazine\/wp-content\/uploads\/2024\/03\/Marco-Risi-intervista-Erica-Blanc-300x168.png 300w, https:\/\/fedic.it\/magazine\/wp-content\/uploads\/2024\/03\/Marco-Risi-intervista-Erica-Blanc-360x202.png 360w\" sizes=\"auto, (max-width: 679px) 100vw, 679px\" \/><figcaption id=\"caption-attachment-1369\" class=\"wp-caption-text\">Marco Risi intervista Erica Blanc<\/figcaption><\/figure>\n<p>Il regista ha confermato che il suo non \u00e8 un film sulla vecchiaia, ma sulla relazione tra le generazioni. Solo se ci si guarda negli occhi, staccando il viso dal cellulare che monopolizza invadente fantasia ed energia, si riesce a essere umani come i vecchi di \u201cVilla Bianca\u201d, un nome di finzione che non \u00e8 casuale.<\/p>\n<p>La prova di regia \u00e8 nel saper mescolare il lirismo con la commedia e, senza mai scadere nel sentimentalismo, far interpretare agli attori se stessi o parti a loro congeniali. Erica Blanc \u00e8 un\u2019ex attrice che assiste in televisione alla riproposizione di un suo vecchio film nell\u2019indifferenza quasi generale. La macchina da presa indugia sul suo volto con la maestria del <em>voyeur<\/em> che \u00e8 sempre ogni buon regista ed esprime, insieme, malinconia, soddisfazione, stupore. Eros Pagni, nella parte di un colonnello aspirante generale senza mai esserci riuscito, regala una prova intensa d\u2019attore.<\/p>\n<p>Il pubblico ha applaudito a lungo il film e anche il regista che ne ha raccontato la genesi con sincerit\u00e0 e naturalezza concedendo argute battute di spirito ed esilaranti aneddoti. Deciso a rivendicare la sua autonomia autoriale non ha, per\u00f2, negato il suo debito nei confronti della cinematografia del padre Dino e ha dedicato parole d\u2019affetto a Erica Blanc che ha visto il film, per la prima volta, a Ospitaletto tenendogli la mano. \u201c<em>Il punto di rugiada\u201d<\/em>, titolo poetico che allude all\u2019incontro, si \u00e8 realizzato anche in sala.<\/p>\n","protected":false},"excerpt":{"rendered":"<p>di Laura Forcella Iascone La proiezione pubblica del film \u201cIl punto di rugiada\u201d di Marco Risi per il cineclub AGEnda Cinema si \u00e8 imposta naturale e necessaria: una delle sue protagoniste \u00e8 Erica Blanc, l\u2019attrice che il cineclub di Brescia ha omaggiato con due autonome produzioni cinematografiche, un video di tre minuti di Giulia Bertoletti [&hellip;]<\/p>\n","protected":false},"author":4,"featured_media":1368,"comment_status":"closed","ping_status":"closed","sticky":false,"template":"","format":"standard","meta":{"footnotes":""},"categories":[1],"tags":[39],"class_list":["post-1389","post","type-post","status-publish","format-standard","has-post-thumbnail","hentry","category-news","tag-fedic-magazine-48"],"yoast_head":"<!-- This site is optimized with the Yoast SEO plugin v27.4 - https:\/\/yoast.com\/product\/yoast-seo-wordpress\/ -->\n<title>MARCO RISI A OSPITALETTO, IN PROVINCIA DI BRESCIA, PER LA PROIEZIONE DEL FILM \u201cIL PUNTO DI RUGIADA\u201d. CON AGENDA CINEMA. IN SALA ERICA BLANC - Fedic Magazine<\/title>\n<meta name=\"robots\" content=\"index, follow, max-snippet:-1, max-image-preview:large, max-video-preview:-1\" \/>\n<link rel=\"canonical\" href=\"https:\/\/fedic.it\/magazine\/marco-risi-a-ospitaletto-in-provincia-di-brescia-per-la-proiezione-del-film-il-punto-di-rugiada-con-agenda-cinema-in-sala-erica-blanc\/\" \/>\n<meta property=\"og:locale\" content=\"it_IT\" \/>\n<meta property=\"og:type\" content=\"article\" \/>\n<meta property=\"og:title\" content=\"MARCO RISI A OSPITALETTO, IN PROVINCIA DI BRESCIA, PER LA PROIEZIONE DEL FILM \u201cIL PUNTO DI RUGIADA\u201d. CON AGENDA CINEMA. IN SALA ERICA BLANC - Fedic Magazine\" \/>\n<meta property=\"og:description\" content=\"di Laura Forcella Iascone La proiezione pubblica del film \u201cIl punto di rugiada\u201d di Marco Risi per il cineclub AGEnda Cinema si \u00e8 imposta naturale e necessaria: una delle sue protagoniste \u00e8 Erica Blanc, l\u2019attrice che il cineclub di Brescia ha omaggiato con due autonome produzioni cinematografiche, un video di tre minuti di Giulia Bertoletti [&hellip;]\" \/>\n<meta property=\"og:url\" content=\"https:\/\/fedic.it\/magazine\/marco-risi-a-ospitaletto-in-provincia-di-brescia-per-la-proiezione-del-film-il-punto-di-rugiada-con-agenda-cinema-in-sala-erica-blanc\/\" \/>\n<meta property=\"og:site_name\" content=\"Fedic Magazine\" \/>\n<meta property=\"article:published_time\" content=\"2024-03-25T10:41:51+00:00\" \/>\n<meta property=\"og:image\" content=\"https:\/\/fedic.it\/magazine\/wp-content\/uploads\/2024\/03\/3.png\" \/>\n\t<meta property=\"og:image:width\" content=\"720\" \/>\n\t<meta property=\"og:image:height\" content=\"481\" \/>\n\t<meta property=\"og:image:type\" content=\"image\/png\" \/>\n<meta name=\"author\" content=\"redazione\" \/>\n<meta name=\"twitter:card\" content=\"summary_large_image\" \/>\n<meta name=\"twitter:label1\" content=\"Scritto da\" \/>\n\t<meta name=\"twitter:data1\" content=\"redazione\" \/>\n\t<meta name=\"twitter:label2\" content=\"Tempo di lettura stimato\" \/>\n\t<meta name=\"twitter:data2\" content=\"4 minuti\" \/>\n<script type=\"application\/ld+json\" class=\"yoast-schema-graph\">{\"@context\":\"https:\\\/\\\/schema.org\",\"@graph\":[{\"@type\":\"Article\",\"@id\":\"https:\\\/\\\/fedic.it\\\/magazine\\\/marco-risi-a-ospitaletto-in-provincia-di-brescia-per-la-proiezione-del-film-il-punto-di-rugiada-con-agenda-cinema-in-sala-erica-blanc\\\/#article\",\"isPartOf\":{\"@id\":\"https:\\\/\\\/fedic.it\\\/magazine\\\/marco-risi-a-ospitaletto-in-provincia-di-brescia-per-la-proiezione-del-film-il-punto-di-rugiada-con-agenda-cinema-in-sala-erica-blanc\\\/\"},\"author\":{\"name\":\"redazione\",\"@id\":\"https:\\\/\\\/fedic.it\\\/magazine\\\/#\\\/schema\\\/person\\\/49d2a224aa980c875e12fa73c5601332\"},\"headline\":\"MARCO RISI A OSPITALETTO, IN PROVINCIA DI BRESCIA, PER LA PROIEZIONE DEL FILM \u201cIL PUNTO DI RUGIADA\u201d. CON AGENDA CINEMA. IN SALA ERICA BLANC\",\"datePublished\":\"2024-03-25T10:41:51+00:00\",\"mainEntityOfPage\":{\"@id\":\"https:\\\/\\\/fedic.it\\\/magazine\\\/marco-risi-a-ospitaletto-in-provincia-di-brescia-per-la-proiezione-del-film-il-punto-di-rugiada-con-agenda-cinema-in-sala-erica-blanc\\\/\"},\"wordCount\":663,\"publisher\":{\"@id\":\"https:\\\/\\\/fedic.it\\\/magazine\\\/#organization\"},\"image\":{\"@id\":\"https:\\\/\\\/fedic.it\\\/magazine\\\/marco-risi-a-ospitaletto-in-provincia-di-brescia-per-la-proiezione-del-film-il-punto-di-rugiada-con-agenda-cinema-in-sala-erica-blanc\\\/#primaryimage\"},\"thumbnailUrl\":\"https:\\\/\\\/fedic.it\\\/magazine\\\/wp-content\\\/uploads\\\/2024\\\/03\\\/3.png\",\"keywords\":[\"FEDIC Magazine 48\"],\"articleSection\":[\"News\"],\"inLanguage\":\"it-IT\"},{\"@type\":\"WebPage\",\"@id\":\"https:\\\/\\\/fedic.it\\\/magazine\\\/marco-risi-a-ospitaletto-in-provincia-di-brescia-per-la-proiezione-del-film-il-punto-di-rugiada-con-agenda-cinema-in-sala-erica-blanc\\\/\",\"url\":\"https:\\\/\\\/fedic.it\\\/magazine\\\/marco-risi-a-ospitaletto-in-provincia-di-brescia-per-la-proiezione-del-film-il-punto-di-rugiada-con-agenda-cinema-in-sala-erica-blanc\\\/\",\"name\":\"MARCO RISI A OSPITALETTO, IN PROVINCIA DI BRESCIA, PER LA PROIEZIONE DEL FILM \u201cIL PUNTO DI RUGIADA\u201d. CON AGENDA CINEMA. IN SALA ERICA BLANC - Fedic Magazine\",\"isPartOf\":{\"@id\":\"https:\\\/\\\/fedic.it\\\/magazine\\\/#website\"},\"primaryImageOfPage\":{\"@id\":\"https:\\\/\\\/fedic.it\\\/magazine\\\/marco-risi-a-ospitaletto-in-provincia-di-brescia-per-la-proiezione-del-film-il-punto-di-rugiada-con-agenda-cinema-in-sala-erica-blanc\\\/#primaryimage\"},\"image\":{\"@id\":\"https:\\\/\\\/fedic.it\\\/magazine\\\/marco-risi-a-ospitaletto-in-provincia-di-brescia-per-la-proiezione-del-film-il-punto-di-rugiada-con-agenda-cinema-in-sala-erica-blanc\\\/#primaryimage\"},\"thumbnailUrl\":\"https:\\\/\\\/fedic.it\\\/magazine\\\/wp-content\\\/uploads\\\/2024\\\/03\\\/3.png\",\"datePublished\":\"2024-03-25T10:41:51+00:00\",\"breadcrumb\":{\"@id\":\"https:\\\/\\\/fedic.it\\\/magazine\\\/marco-risi-a-ospitaletto-in-provincia-di-brescia-per-la-proiezione-del-film-il-punto-di-rugiada-con-agenda-cinema-in-sala-erica-blanc\\\/#breadcrumb\"},\"inLanguage\":\"it-IT\",\"potentialAction\":[{\"@type\":\"ReadAction\",\"target\":[\"https:\\\/\\\/fedic.it\\\/magazine\\\/marco-risi-a-ospitaletto-in-provincia-di-brescia-per-la-proiezione-del-film-il-punto-di-rugiada-con-agenda-cinema-in-sala-erica-blanc\\\/\"]}]},{\"@type\":\"ImageObject\",\"inLanguage\":\"it-IT\",\"@id\":\"https:\\\/\\\/fedic.it\\\/magazine\\\/marco-risi-a-ospitaletto-in-provincia-di-brescia-per-la-proiezione-del-film-il-punto-di-rugiada-con-agenda-cinema-in-sala-erica-blanc\\\/#primaryimage\",\"url\":\"https:\\\/\\\/fedic.it\\\/magazine\\\/wp-content\\\/uploads\\\/2024\\\/03\\\/3.png\",\"contentUrl\":\"https:\\\/\\\/fedic.it\\\/magazine\\\/wp-content\\\/uploads\\\/2024\\\/03\\\/3.png\",\"width\":720,\"height\":481},{\"@type\":\"BreadcrumbList\",\"@id\":\"https:\\\/\\\/fedic.it\\\/magazine\\\/marco-risi-a-ospitaletto-in-provincia-di-brescia-per-la-proiezione-del-film-il-punto-di-rugiada-con-agenda-cinema-in-sala-erica-blanc\\\/#breadcrumb\",\"itemListElement\":[{\"@type\":\"ListItem\",\"position\":1,\"name\":\"Home\",\"item\":\"https:\\\/\\\/fedic.it\\\/magazine\\\/\"},{\"@type\":\"ListItem\",\"position\":2,\"name\":\"MARCO RISI A OSPITALETTO, IN PROVINCIA DI BRESCIA, PER LA PROIEZIONE DEL FILM \u201cIL PUNTO DI RUGIADA\u201d. CON AGENDA CINEMA. IN SALA ERICA BLANC\"}]},{\"@type\":\"WebSite\",\"@id\":\"https:\\\/\\\/fedic.it\\\/magazine\\\/#website\",\"url\":\"https:\\\/\\\/fedic.it\\\/magazine\\\/\",\"name\":\"Fedic Magazine\",\"description\":\"Il blog della Federazione Italiana dei Cineclub\",\"publisher\":{\"@id\":\"https:\\\/\\\/fedic.it\\\/magazine\\\/#organization\"},\"potentialAction\":[{\"@type\":\"SearchAction\",\"target\":{\"@type\":\"EntryPoint\",\"urlTemplate\":\"https:\\\/\\\/fedic.it\\\/magazine\\\/?s={search_term_string}\"},\"query-input\":{\"@type\":\"PropertyValueSpecification\",\"valueRequired\":true,\"valueName\":\"search_term_string\"}}],\"inLanguage\":\"it-IT\"},{\"@type\":\"Organization\",\"@id\":\"https:\\\/\\\/fedic.it\\\/magazine\\\/#organization\",\"name\":\"Fedic Magazine\",\"url\":\"https:\\\/\\\/fedic.it\\\/magazine\\\/\",\"logo\":{\"@type\":\"ImageObject\",\"inLanguage\":\"it-IT\",\"@id\":\"https:\\\/\\\/fedic.it\\\/magazine\\\/#\\\/schema\\\/logo\\\/image\\\/\",\"url\":\"https:\\\/\\\/fedic.it\\\/magazine\\\/wp-content\\\/uploads\\\/2021\\\/07\\\/logo-fedic-magazine-ok.jpg\",\"contentUrl\":\"https:\\\/\\\/fedic.it\\\/magazine\\\/wp-content\\\/uploads\\\/2021\\\/07\\\/logo-fedic-magazine-ok.jpg\",\"width\":405,\"height\":110,\"caption\":\"Fedic Magazine\"},\"image\":{\"@id\":\"https:\\\/\\\/fedic.it\\\/magazine\\\/#\\\/schema\\\/logo\\\/image\\\/\"}},{\"@type\":\"Person\",\"@id\":\"https:\\\/\\\/fedic.it\\\/magazine\\\/#\\\/schema\\\/person\\\/49d2a224aa980c875e12fa73c5601332\",\"name\":\"redazione\",\"image\":{\"@type\":\"ImageObject\",\"inLanguage\":\"it-IT\",\"@id\":\"https:\\\/\\\/secure.gravatar.com\\\/avatar\\\/3df0bdaff167c479390d8c1d9ba8338511cc6ea40b290cd3d84683663005fd1c?s=96&d=mm&r=g\",\"url\":\"https:\\\/\\\/secure.gravatar.com\\\/avatar\\\/3df0bdaff167c479390d8c1d9ba8338511cc6ea40b290cd3d84683663005fd1c?s=96&d=mm&r=g\",\"contentUrl\":\"https:\\\/\\\/secure.gravatar.com\\\/avatar\\\/3df0bdaff167c479390d8c1d9ba8338511cc6ea40b290cd3d84683663005fd1c?s=96&d=mm&r=g\",\"caption\":\"redazione\"},\"url\":\"https:\\\/\\\/fedic.it\\\/magazine\\\/author\\\/redazione\\\/\"}]}<\/script>\n<!-- \/ Yoast SEO plugin. -->","yoast_head_json":{"title":"MARCO RISI A OSPITALETTO, IN PROVINCIA DI BRESCIA, PER LA PROIEZIONE DEL FILM \u201cIL PUNTO DI RUGIADA\u201d. CON AGENDA CINEMA. IN SALA ERICA BLANC - Fedic Magazine","robots":{"index":"index","follow":"follow","max-snippet":"max-snippet:-1","max-image-preview":"max-image-preview:large","max-video-preview":"max-video-preview:-1"},"canonical":"https:\/\/fedic.it\/magazine\/marco-risi-a-ospitaletto-in-provincia-di-brescia-per-la-proiezione-del-film-il-punto-di-rugiada-con-agenda-cinema-in-sala-erica-blanc\/","og_locale":"it_IT","og_type":"article","og_title":"MARCO RISI A OSPITALETTO, IN PROVINCIA DI BRESCIA, PER LA PROIEZIONE DEL FILM \u201cIL PUNTO DI RUGIADA\u201d. CON AGENDA CINEMA. IN SALA ERICA BLANC - Fedic Magazine","og_description":"di Laura Forcella Iascone La proiezione pubblica del film \u201cIl punto di rugiada\u201d di Marco Risi per il cineclub AGEnda Cinema si \u00e8 imposta naturale e necessaria: una delle sue protagoniste \u00e8 Erica Blanc, l\u2019attrice che il cineclub di Brescia ha omaggiato con due autonome produzioni cinematografiche, un video di tre minuti di Giulia Bertoletti [&hellip;]","og_url":"https:\/\/fedic.it\/magazine\/marco-risi-a-ospitaletto-in-provincia-di-brescia-per-la-proiezione-del-film-il-punto-di-rugiada-con-agenda-cinema-in-sala-erica-blanc\/","og_site_name":"Fedic Magazine","article_published_time":"2024-03-25T10:41:51+00:00","og_image":[{"width":720,"height":481,"url":"https:\/\/fedic.it\/magazine\/wp-content\/uploads\/2024\/03\/3.png","type":"image\/png"}],"author":"redazione","twitter_card":"summary_large_image","twitter_misc":{"Scritto da":"redazione","Tempo di lettura stimato":"4 minuti"},"schema":{"@context":"https:\/\/schema.org","@graph":[{"@type":"Article","@id":"https:\/\/fedic.it\/magazine\/marco-risi-a-ospitaletto-in-provincia-di-brescia-per-la-proiezione-del-film-il-punto-di-rugiada-con-agenda-cinema-in-sala-erica-blanc\/#article","isPartOf":{"@id":"https:\/\/fedic.it\/magazine\/marco-risi-a-ospitaletto-in-provincia-di-brescia-per-la-proiezione-del-film-il-punto-di-rugiada-con-agenda-cinema-in-sala-erica-blanc\/"},"author":{"name":"redazione","@id":"https:\/\/fedic.it\/magazine\/#\/schema\/person\/49d2a224aa980c875e12fa73c5601332"},"headline":"MARCO RISI A OSPITALETTO, IN PROVINCIA DI BRESCIA, PER LA PROIEZIONE DEL FILM \u201cIL PUNTO DI RUGIADA\u201d. CON AGENDA CINEMA. IN SALA ERICA BLANC","datePublished":"2024-03-25T10:41:51+00:00","mainEntityOfPage":{"@id":"https:\/\/fedic.it\/magazine\/marco-risi-a-ospitaletto-in-provincia-di-brescia-per-la-proiezione-del-film-il-punto-di-rugiada-con-agenda-cinema-in-sala-erica-blanc\/"},"wordCount":663,"publisher":{"@id":"https:\/\/fedic.it\/magazine\/#organization"},"image":{"@id":"https:\/\/fedic.it\/magazine\/marco-risi-a-ospitaletto-in-provincia-di-brescia-per-la-proiezione-del-film-il-punto-di-rugiada-con-agenda-cinema-in-sala-erica-blanc\/#primaryimage"},"thumbnailUrl":"https:\/\/fedic.it\/magazine\/wp-content\/uploads\/2024\/03\/3.png","keywords":["FEDIC Magazine 48"],"articleSection":["News"],"inLanguage":"it-IT"},{"@type":"WebPage","@id":"https:\/\/fedic.it\/magazine\/marco-risi-a-ospitaletto-in-provincia-di-brescia-per-la-proiezione-del-film-il-punto-di-rugiada-con-agenda-cinema-in-sala-erica-blanc\/","url":"https:\/\/fedic.it\/magazine\/marco-risi-a-ospitaletto-in-provincia-di-brescia-per-la-proiezione-del-film-il-punto-di-rugiada-con-agenda-cinema-in-sala-erica-blanc\/","name":"MARCO RISI A OSPITALETTO, IN PROVINCIA DI BRESCIA, PER LA PROIEZIONE DEL FILM \u201cIL PUNTO DI RUGIADA\u201d. CON AGENDA CINEMA. IN SALA ERICA BLANC - Fedic Magazine","isPartOf":{"@id":"https:\/\/fedic.it\/magazine\/#website"},"primaryImageOfPage":{"@id":"https:\/\/fedic.it\/magazine\/marco-risi-a-ospitaletto-in-provincia-di-brescia-per-la-proiezione-del-film-il-punto-di-rugiada-con-agenda-cinema-in-sala-erica-blanc\/#primaryimage"},"image":{"@id":"https:\/\/fedic.it\/magazine\/marco-risi-a-ospitaletto-in-provincia-di-brescia-per-la-proiezione-del-film-il-punto-di-rugiada-con-agenda-cinema-in-sala-erica-blanc\/#primaryimage"},"thumbnailUrl":"https:\/\/fedic.it\/magazine\/wp-content\/uploads\/2024\/03\/3.png","datePublished":"2024-03-25T10:41:51+00:00","breadcrumb":{"@id":"https:\/\/fedic.it\/magazine\/marco-risi-a-ospitaletto-in-provincia-di-brescia-per-la-proiezione-del-film-il-punto-di-rugiada-con-agenda-cinema-in-sala-erica-blanc\/#breadcrumb"},"inLanguage":"it-IT","potentialAction":[{"@type":"ReadAction","target":["https:\/\/fedic.it\/magazine\/marco-risi-a-ospitaletto-in-provincia-di-brescia-per-la-proiezione-del-film-il-punto-di-rugiada-con-agenda-cinema-in-sala-erica-blanc\/"]}]},{"@type":"ImageObject","inLanguage":"it-IT","@id":"https:\/\/fedic.it\/magazine\/marco-risi-a-ospitaletto-in-provincia-di-brescia-per-la-proiezione-del-film-il-punto-di-rugiada-con-agenda-cinema-in-sala-erica-blanc\/#primaryimage","url":"https:\/\/fedic.it\/magazine\/wp-content\/uploads\/2024\/03\/3.png","contentUrl":"https:\/\/fedic.it\/magazine\/wp-content\/uploads\/2024\/03\/3.png","width":720,"height":481},{"@type":"BreadcrumbList","@id":"https:\/\/fedic.it\/magazine\/marco-risi-a-ospitaletto-in-provincia-di-brescia-per-la-proiezione-del-film-il-punto-di-rugiada-con-agenda-cinema-in-sala-erica-blanc\/#breadcrumb","itemListElement":[{"@type":"ListItem","position":1,"name":"Home","item":"https:\/\/fedic.it\/magazine\/"},{"@type":"ListItem","position":2,"name":"MARCO RISI A OSPITALETTO, IN PROVINCIA DI BRESCIA, PER LA PROIEZIONE DEL FILM \u201cIL PUNTO DI RUGIADA\u201d. CON AGENDA CINEMA. IN SALA ERICA BLANC"}]},{"@type":"WebSite","@id":"https:\/\/fedic.it\/magazine\/#website","url":"https:\/\/fedic.it\/magazine\/","name":"Fedic Magazine","description":"Il blog della Federazione Italiana dei Cineclub","publisher":{"@id":"https:\/\/fedic.it\/magazine\/#organization"},"potentialAction":[{"@type":"SearchAction","target":{"@type":"EntryPoint","urlTemplate":"https:\/\/fedic.it\/magazine\/?s={search_term_string}"},"query-input":{"@type":"PropertyValueSpecification","valueRequired":true,"valueName":"search_term_string"}}],"inLanguage":"it-IT"},{"@type":"Organization","@id":"https:\/\/fedic.it\/magazine\/#organization","name":"Fedic Magazine","url":"https:\/\/fedic.it\/magazine\/","logo":{"@type":"ImageObject","inLanguage":"it-IT","@id":"https:\/\/fedic.it\/magazine\/#\/schema\/logo\/image\/","url":"https:\/\/fedic.it\/magazine\/wp-content\/uploads\/2021\/07\/logo-fedic-magazine-ok.jpg","contentUrl":"https:\/\/fedic.it\/magazine\/wp-content\/uploads\/2021\/07\/logo-fedic-magazine-ok.jpg","width":405,"height":110,"caption":"Fedic Magazine"},"image":{"@id":"https:\/\/fedic.it\/magazine\/#\/schema\/logo\/image\/"}},{"@type":"Person","@id":"https:\/\/fedic.it\/magazine\/#\/schema\/person\/49d2a224aa980c875e12fa73c5601332","name":"redazione","image":{"@type":"ImageObject","inLanguage":"it-IT","@id":"https:\/\/secure.gravatar.com\/avatar\/3df0bdaff167c479390d8c1d9ba8338511cc6ea40b290cd3d84683663005fd1c?s=96&d=mm&r=g","url":"https:\/\/secure.gravatar.com\/avatar\/3df0bdaff167c479390d8c1d9ba8338511cc6ea40b290cd3d84683663005fd1c?s=96&d=mm&r=g","contentUrl":"https:\/\/secure.gravatar.com\/avatar\/3df0bdaff167c479390d8c1d9ba8338511cc6ea40b290cd3d84683663005fd1c?s=96&d=mm&r=g","caption":"redazione"},"url":"https:\/\/fedic.it\/magazine\/author\/redazione\/"}]}},"jetpack_featured_media_url":"https:\/\/fedic.it\/magazine\/wp-content\/uploads\/2024\/03\/3.png","_links":{"self":[{"href":"https:\/\/fedic.it\/magazine\/wp-json\/wp\/v2\/posts\/1389","targetHints":{"allow":["GET"]}}],"collection":[{"href":"https:\/\/fedic.it\/magazine\/wp-json\/wp\/v2\/posts"}],"about":[{"href":"https:\/\/fedic.it\/magazine\/wp-json\/wp\/v2\/types\/post"}],"author":[{"embeddable":true,"href":"https:\/\/fedic.it\/magazine\/wp-json\/wp\/v2\/users\/4"}],"replies":[{"embeddable":true,"href":"https:\/\/fedic.it\/magazine\/wp-json\/wp\/v2\/comments?post=1389"}],"version-history":[{"count":1,"href":"https:\/\/fedic.it\/magazine\/wp-json\/wp\/v2\/posts\/1389\/revisions"}],"predecessor-version":[{"id":1390,"href":"https:\/\/fedic.it\/magazine\/wp-json\/wp\/v2\/posts\/1389\/revisions\/1390"}],"wp:featuredmedia":[{"embeddable":true,"href":"https:\/\/fedic.it\/magazine\/wp-json\/wp\/v2\/media\/1368"}],"wp:attachment":[{"href":"https:\/\/fedic.it\/magazine\/wp-json\/wp\/v2\/media?parent=1389"}],"wp:term":[{"taxonomy":"category","embeddable":true,"href":"https:\/\/fedic.it\/magazine\/wp-json\/wp\/v2\/categories?post=1389"},{"taxonomy":"post_tag","embeddable":true,"href":"https:\/\/fedic.it\/magazine\/wp-json\/wp\/v2\/tags?post=1389"}],"curies":[{"name":"wp","href":"https:\/\/api.w.org\/{rel}","templated":true}]}}