{"id":1351,"date":"2024-03-25T10:11:47","date_gmt":"2024-03-25T10:11:47","guid":{"rendered":"https:\/\/fedic.it\/magazine\/?p=1351"},"modified":"2024-03-25T10:11:47","modified_gmt":"2024-03-25T10:11:47","slug":"addio-a-quattro-amici-della-fedic","status":"publish","type":"post","link":"https:\/\/fedic.it\/magazine\/addio-a-quattro-amici-della-fedic\/","title":{"rendered":"ADDIO A QUATTRO AMICI DELLA FEDIC"},"content":{"rendered":"<p><strong>di Paolo Micalizzi<\/strong><\/p>\n<p>&nbsp;<\/p>\n<p>Tra la fine del 2023 e gli inizi del 2024 la FEDIC deve\u00a0 purtroppo registrare la scomparsa di quattro personaggi del cinema che hanno animato la sua attivit\u00e0 culturale. Il 22 dicembre dell\u2019anno scorso \u00e8 scomparso all\u2019et\u00e0 di 91 anni il regista e critico cinematografico Ernesto G. Laura, una figura importante del cinema italiano che \u00e8 stato anche Direttore(1969 e 1970) della Mostra di Venezia e Direttore del Centro Sperimentale di Cinematografia di Roma( dal 1982 al 2001) Ernesto ha seguito sin dagli inizi la FEDIC\u00a0\u00a0 come critico cinematografico pubblicando poi articoli su alcune riviste specializzate sulla Mostra del cinema di Montecatini, facendo parte di Giurie ed infine, da 1997 al 2001 dirigendola insieme a Claudio Bertieri. Una direzione caratterizzata da un alto livello culturale dovuto alla profonda conoscenza che essi avevano del cinema e che, d\u2019intesa, riportavano nella articolazione \u00a0della Mostra. Un grande apporto Ernesto G. Laura ha dato anche a \u201cValdarno Cinema Fedic\u201d ricoprendo un utile ruolo in Giuria ma anche conducendo intervenendo nei dibattiti con gli Autori e in alcuni Convegni che ho organizzato. Suoi interventi si possono leggere negli Atti dei Convegni FEDIC (1999 \u2013 2004) da me curati e pubblicati \u00a0nel 2022.<\/p>\n<figure id=\"attachment_1355\" aria-describedby=\"caption-attachment-1355\" style=\"width: 502px\" class=\"wp-caption aligncenter\"><img loading=\"lazy\" decoding=\"async\" class=\"size-full wp-image-1355\" src=\"https:\/\/fedic.it\/magazine\/wp-content\/uploads\/2024\/03\/Ernesto-G.-Laura.png\" alt=\"\" width=\"502\" height=\"366\" srcset=\"https:\/\/fedic.it\/magazine\/wp-content\/uploads\/2024\/03\/Ernesto-G.-Laura.png 502w, https:\/\/fedic.it\/magazine\/wp-content\/uploads\/2024\/03\/Ernesto-G.-Laura-300x219.png 300w, https:\/\/fedic.it\/magazine\/wp-content\/uploads\/2024\/03\/Ernesto-G.-Laura-330x241.png 330w\" sizes=\"auto, (max-width: 502px) 100vw, 502px\" \/><figcaption id=\"caption-attachment-1355\" class=\"wp-caption-text\">Ernesto G. Laura<\/figcaption><\/figure>\n<p>&nbsp;<\/p>\n<figure id=\"attachment_1354\" aria-describedby=\"caption-attachment-1354\" style=\"width: 447px\" class=\"wp-caption aligncenter\"><img loading=\"lazy\" decoding=\"async\" class=\"size-full wp-image-1354\" src=\"https:\/\/fedic.it\/magazine\/wp-content\/uploads\/2024\/03\/Paolo-Taviani-.png\" alt=\"\" width=\"447\" height=\"366\" srcset=\"https:\/\/fedic.it\/magazine\/wp-content\/uploads\/2024\/03\/Paolo-Taviani-.png 447w, https:\/\/fedic.it\/magazine\/wp-content\/uploads\/2024\/03\/Paolo-Taviani--300x246.png 300w\" sizes=\"auto, (max-width: 447px) 100vw, 447px\" \/><figcaption id=\"caption-attachment-1354\" class=\"wp-caption-text\">Paolo Taviani<\/figcaption><\/figure>\n<p>Con Ernesto c\u2019era una perfetta intesa , gli diedi alcune informazioni(tanto che mi ha inserito tra le persone da ringraziare) per il suo libro, pubblicato \u00a0nel 1986 da ANCCI, \u201c L\u2019immagine bugiarda\u201d che ha come sottotitolo \u201cMass \u2013 Media e spettacolo nella Repubblica di Sal\u00f2\u201d(1943 -1945) e ader\u00ec volentieri quando gli \u00a0chiesi di far parte della Giuria ( e per qualche anno l\u2019ha anche presieduta) del Premio FEDIC alla Mostra del Cinema di Venezia. \u00a0Da anni risiedeva in una Casa per anziani di Roma e l\u2019ultima volta che l\u2019ho sentito mi diceva con molta serenit\u00e0 che anche l\u00ec organizzava un Cineforum. Un critico fino all\u2019ultimo momento della vita, che per\u00f2 era ormai, ingiustamente, dimenticato tanto che la sua morte \u00e8 passata in silenzio sui giornali e riviste specializzate. \u00c8 scomparso anche Paolo Taviani. Accett\u00f2 ben volentieri l\u2019invito a ricevere il \u201cPremio Marzocco alla carriera\u201d\u00a0 che grazie all\u2019interessamento dell\u2019amico Sergio Micheli gli rivolsi nel 1997. Un Premio per lui e per il fratello Vittorio, coppia affiatatissima, ma che venne a ritirare da solo per l\u2019impossibilit\u00e0 del fratello ad essere presente. \u201cPremio Marzocco alla carriera\u201d anche per l\u2019attrice Sandra Milo che Federico Fellini chiamava affettuosamente Sandrocchia.<\/p>\n<figure id=\"attachment_1353\" aria-describedby=\"caption-attachment-1353\" style=\"width: 464px\" class=\"wp-caption aligncenter\"><img loading=\"lazy\" decoding=\"async\" class=\"size-full wp-image-1353\" src=\"https:\/\/fedic.it\/magazine\/wp-content\/uploads\/2024\/03\/Sandra-Milo-insieme-a-Michele-Placido.png\" alt=\"\" width=\"464\" height=\"400\" srcset=\"https:\/\/fedic.it\/magazine\/wp-content\/uploads\/2024\/03\/Sandra-Milo-insieme-a-Michele-Placido.png 464w, https:\/\/fedic.it\/magazine\/wp-content\/uploads\/2024\/03\/Sandra-Milo-insieme-a-Michele-Placido-300x259.png 300w\" sizes=\"auto, (max-width: 464px) 100vw, 464px\" \/><figcaption id=\"caption-attachment-1353\" class=\"wp-caption-text\">Sandra Milo insieme a Michele Placido<\/figcaption><\/figure>\n<p>&nbsp;<\/p>\n<figure id=\"attachment_1352\" aria-describedby=\"caption-attachment-1352\" style=\"width: 460px\" class=\"wp-caption aligncenter\"><img loading=\"lazy\" decoding=\"async\" class=\"size-full wp-image-1352\" src=\"https:\/\/fedic.it\/magazine\/wp-content\/uploads\/2024\/03\/Daniele-Segre-.png\" alt=\"\" width=\"460\" height=\"397\" srcset=\"https:\/\/fedic.it\/magazine\/wp-content\/uploads\/2024\/03\/Daniele-Segre-.png 460w, https:\/\/fedic.it\/magazine\/wp-content\/uploads\/2024\/03\/Daniele-Segre--300x259.png 300w\" sizes=\"auto, (max-width: 460px) 100vw, 460px\" \/><figcaption id=\"caption-attachment-1352\" class=\"wp-caption-text\">Daniele Segre<\/figcaption><\/figure>\n<p>Quando glielo proposi \u00a0accett\u00f2 con un bel sorriso. L\u2019avevo vista sulla terrazza dell\u2019Hotel Excelsior insieme al press-agent Matteo Spinola, che conoscevo, e ad un\u2019altra persona. Pensai che sarebbe stato bello poterla avere a San Giovanni Valdarno per consegnargli quel massimo riconoscimento di \u201cValdarno Cinema Fedic\u201d, di cui ero Direttore Artistico. Ma esitavo a farlo per via del compenso che immaginavo mi avrebbe chiesto. Approfittai della conoscenza di Matteo Spinola e quando lo vidi un po&#8217; distanziato dagli altri, mi avvicinai e gli espressi il mio desiderio, dicendogli anche \u201cchiss\u00e0 quanti soldi mi chieder\u00e0\u201d. Matteo, sorridendo, mi disse: \u201cvieni con me, lei sa a chi deve chiedere soldi\u201d. Me la present\u00f2 e quando gli feci la proposta sorridendo mi disse: l\u2019accetto\u00a0 ben volentieri perch\u00e9 questo \u00e8 il primo premio cinematografico che mi viene proposto. Di premi ne ho ricevuti tantissimi, ma non come attrice cinematografica, bens\u00ec come Testimonial\u201d. \u00a0E quando fu il momento, nel maggio del 1999, lei si present\u00f2 a San Giovanni Valdarno accolta molto calorosamente. Ed il pubblico l\u2019apprezz\u00f2, oltre per la sua popolarit\u00e0, anche come attrice vedendo il film \u201cLa visita\u201d(1963) di Antonio Pietrangeli\u00a0 in cui interpreta il ruolo di una zitella, una nubile che vive in un paese del Po, che incontra un commesso di una libreria romana conosciuto attraverso un annuncio matrimoniale. Di quell\u2019episodio Sandra Milo aveva ancora un bel ricordo, cos\u00ec come ebbe modo di dirmi in altre occasioni (Venezia, Spoleto, Roma, in cui ebbi occasione d\u2019incontrarla). Ci ha lasciati anche un altro amico FEDIC, il regista Daniele Segre. Fu presente a \u201cValdarno Cinema Fedic\u201d nello stesso anno di Sandra Milo. Lo invitai a presentare il suo film \u201dSto lavorando?\u201d che aveva come protagonisti due giovani albanesi legati da rapporti di parentela che sono divisi da profonde differenze caratteriali. Il film ne racconta le vicende nel breve spazio di una calda estate. Daniele Segre si<\/p>\n","protected":false},"excerpt":{"rendered":"<p>di Paolo Micalizzi &nbsp; Tra la fine del 2023 e gli inizi del 2024 la FEDIC deve\u00a0 purtroppo registrare la scomparsa di quattro personaggi del cinema che hanno animato la sua attivit\u00e0 culturale. Il 22 dicembre dell\u2019anno scorso \u00e8 scomparso all\u2019et\u00e0 di 91 anni il regista e critico cinematografico Ernesto G. Laura, una figura importante [&hellip;]<\/p>\n","protected":false},"author":4,"featured_media":0,"comment_status":"closed","ping_status":"closed","sticky":false,"template":"","format":"standard","meta":{"footnotes":""},"categories":[10],"tags":[39],"class_list":["post-1351","post","type-post","status-publish","format-standard","hentry","category-persone","tag-fedic-magazine-48"],"yoast_head":"<!-- This site is optimized with the Yoast SEO plugin v27.4 - https:\/\/yoast.com\/product\/yoast-seo-wordpress\/ -->\n<title>ADDIO A QUATTRO AMICI DELLA FEDIC - Fedic Magazine<\/title>\n<meta name=\"robots\" content=\"index, follow, max-snippet:-1, max-image-preview:large, max-video-preview:-1\" \/>\n<link rel=\"canonical\" href=\"https:\/\/fedic.it\/magazine\/addio-a-quattro-amici-della-fedic\/\" \/>\n<meta property=\"og:locale\" content=\"it_IT\" \/>\n<meta property=\"og:type\" content=\"article\" \/>\n<meta property=\"og:title\" content=\"ADDIO A QUATTRO AMICI DELLA FEDIC - Fedic Magazine\" \/>\n<meta property=\"og:description\" content=\"di Paolo Micalizzi &nbsp; Tra la fine del 2023 e gli inizi del 2024 la FEDIC deve\u00a0 purtroppo registrare la scomparsa di quattro personaggi del cinema che hanno animato la sua attivit\u00e0 culturale. Il 22 dicembre dell\u2019anno scorso \u00e8 scomparso all\u2019et\u00e0 di 91 anni il regista e critico cinematografico Ernesto G. Laura, una figura importante [&hellip;]\" \/>\n<meta property=\"og:url\" content=\"https:\/\/fedic.it\/magazine\/addio-a-quattro-amici-della-fedic\/\" \/>\n<meta property=\"og:site_name\" content=\"Fedic Magazine\" \/>\n<meta property=\"article:published_time\" content=\"2024-03-25T10:11:47+00:00\" \/>\n<meta property=\"og:image\" content=\"https:\/\/fedic.it\/magazine\/wp-content\/uploads\/2024\/03\/Ernesto-G.-Laura.png\" \/>\n<meta name=\"author\" content=\"redazione\" \/>\n<meta name=\"twitter:card\" content=\"summary_large_image\" \/>\n<meta name=\"twitter:label1\" content=\"Scritto da\" \/>\n\t<meta name=\"twitter:data1\" content=\"redazione\" \/>\n\t<meta name=\"twitter:label2\" content=\"Tempo di lettura stimato\" \/>\n\t<meta name=\"twitter:data2\" content=\"5 minuti\" \/>\n<script type=\"application\/ld+json\" class=\"yoast-schema-graph\">{\"@context\":\"https:\\\/\\\/schema.org\",\"@graph\":[{\"@type\":\"Article\",\"@id\":\"https:\\\/\\\/fedic.it\\\/magazine\\\/addio-a-quattro-amici-della-fedic\\\/#article\",\"isPartOf\":{\"@id\":\"https:\\\/\\\/fedic.it\\\/magazine\\\/addio-a-quattro-amici-della-fedic\\\/\"},\"author\":{\"name\":\"redazione\",\"@id\":\"https:\\\/\\\/fedic.it\\\/magazine\\\/#\\\/schema\\\/person\\\/49d2a224aa980c875e12fa73c5601332\"},\"headline\":\"ADDIO A QUATTRO AMICI DELLA FEDIC\",\"datePublished\":\"2024-03-25T10:11:47+00:00\",\"mainEntityOfPage\":{\"@id\":\"https:\\\/\\\/fedic.it\\\/magazine\\\/addio-a-quattro-amici-della-fedic\\\/\"},\"wordCount\":751,\"publisher\":{\"@id\":\"https:\\\/\\\/fedic.it\\\/magazine\\\/#organization\"},\"image\":{\"@id\":\"https:\\\/\\\/fedic.it\\\/magazine\\\/addio-a-quattro-amici-della-fedic\\\/#primaryimage\"},\"thumbnailUrl\":\"https:\\\/\\\/fedic.it\\\/magazine\\\/wp-content\\\/uploads\\\/2024\\\/03\\\/Ernesto-G.-Laura.png\",\"keywords\":[\"FEDIC Magazine 48\"],\"articleSection\":[\"Persone\"],\"inLanguage\":\"it-IT\"},{\"@type\":\"WebPage\",\"@id\":\"https:\\\/\\\/fedic.it\\\/magazine\\\/addio-a-quattro-amici-della-fedic\\\/\",\"url\":\"https:\\\/\\\/fedic.it\\\/magazine\\\/addio-a-quattro-amici-della-fedic\\\/\",\"name\":\"ADDIO A QUATTRO AMICI DELLA FEDIC - Fedic Magazine\",\"isPartOf\":{\"@id\":\"https:\\\/\\\/fedic.it\\\/magazine\\\/#website\"},\"primaryImageOfPage\":{\"@id\":\"https:\\\/\\\/fedic.it\\\/magazine\\\/addio-a-quattro-amici-della-fedic\\\/#primaryimage\"},\"image\":{\"@id\":\"https:\\\/\\\/fedic.it\\\/magazine\\\/addio-a-quattro-amici-della-fedic\\\/#primaryimage\"},\"thumbnailUrl\":\"https:\\\/\\\/fedic.it\\\/magazine\\\/wp-content\\\/uploads\\\/2024\\\/03\\\/Ernesto-G.-Laura.png\",\"datePublished\":\"2024-03-25T10:11:47+00:00\",\"breadcrumb\":{\"@id\":\"https:\\\/\\\/fedic.it\\\/magazine\\\/addio-a-quattro-amici-della-fedic\\\/#breadcrumb\"},\"inLanguage\":\"it-IT\",\"potentialAction\":[{\"@type\":\"ReadAction\",\"target\":[\"https:\\\/\\\/fedic.it\\\/magazine\\\/addio-a-quattro-amici-della-fedic\\\/\"]}]},{\"@type\":\"ImageObject\",\"inLanguage\":\"it-IT\",\"@id\":\"https:\\\/\\\/fedic.it\\\/magazine\\\/addio-a-quattro-amici-della-fedic\\\/#primaryimage\",\"url\":\"https:\\\/\\\/fedic.it\\\/magazine\\\/wp-content\\\/uploads\\\/2024\\\/03\\\/Ernesto-G.-Laura.png\",\"contentUrl\":\"https:\\\/\\\/fedic.it\\\/magazine\\\/wp-content\\\/uploads\\\/2024\\\/03\\\/Ernesto-G.-Laura.png\",\"width\":502,\"height\":366,\"caption\":\"Ernesto G. Laura\"},{\"@type\":\"BreadcrumbList\",\"@id\":\"https:\\\/\\\/fedic.it\\\/magazine\\\/addio-a-quattro-amici-della-fedic\\\/#breadcrumb\",\"itemListElement\":[{\"@type\":\"ListItem\",\"position\":1,\"name\":\"Home\",\"item\":\"https:\\\/\\\/fedic.it\\\/magazine\\\/\"},{\"@type\":\"ListItem\",\"position\":2,\"name\":\"ADDIO A QUATTRO AMICI DELLA FEDIC\"}]},{\"@type\":\"WebSite\",\"@id\":\"https:\\\/\\\/fedic.it\\\/magazine\\\/#website\",\"url\":\"https:\\\/\\\/fedic.it\\\/magazine\\\/\",\"name\":\"Fedic Magazine\",\"description\":\"Il blog della Federazione Italiana dei Cineclub\",\"publisher\":{\"@id\":\"https:\\\/\\\/fedic.it\\\/magazine\\\/#organization\"},\"potentialAction\":[{\"@type\":\"SearchAction\",\"target\":{\"@type\":\"EntryPoint\",\"urlTemplate\":\"https:\\\/\\\/fedic.it\\\/magazine\\\/?s={search_term_string}\"},\"query-input\":{\"@type\":\"PropertyValueSpecification\",\"valueRequired\":true,\"valueName\":\"search_term_string\"}}],\"inLanguage\":\"it-IT\"},{\"@type\":\"Organization\",\"@id\":\"https:\\\/\\\/fedic.it\\\/magazine\\\/#organization\",\"name\":\"Fedic Magazine\",\"url\":\"https:\\\/\\\/fedic.it\\\/magazine\\\/\",\"logo\":{\"@type\":\"ImageObject\",\"inLanguage\":\"it-IT\",\"@id\":\"https:\\\/\\\/fedic.it\\\/magazine\\\/#\\\/schema\\\/logo\\\/image\\\/\",\"url\":\"https:\\\/\\\/fedic.it\\\/magazine\\\/wp-content\\\/uploads\\\/2021\\\/07\\\/logo-fedic-magazine-ok.jpg\",\"contentUrl\":\"https:\\\/\\\/fedic.it\\\/magazine\\\/wp-content\\\/uploads\\\/2021\\\/07\\\/logo-fedic-magazine-ok.jpg\",\"width\":405,\"height\":110,\"caption\":\"Fedic Magazine\"},\"image\":{\"@id\":\"https:\\\/\\\/fedic.it\\\/magazine\\\/#\\\/schema\\\/logo\\\/image\\\/\"}},{\"@type\":\"Person\",\"@id\":\"https:\\\/\\\/fedic.it\\\/magazine\\\/#\\\/schema\\\/person\\\/49d2a224aa980c875e12fa73c5601332\",\"name\":\"redazione\",\"image\":{\"@type\":\"ImageObject\",\"inLanguage\":\"it-IT\",\"@id\":\"https:\\\/\\\/secure.gravatar.com\\\/avatar\\\/3df0bdaff167c479390d8c1d9ba8338511cc6ea40b290cd3d84683663005fd1c?s=96&d=mm&r=g\",\"url\":\"https:\\\/\\\/secure.gravatar.com\\\/avatar\\\/3df0bdaff167c479390d8c1d9ba8338511cc6ea40b290cd3d84683663005fd1c?s=96&d=mm&r=g\",\"contentUrl\":\"https:\\\/\\\/secure.gravatar.com\\\/avatar\\\/3df0bdaff167c479390d8c1d9ba8338511cc6ea40b290cd3d84683663005fd1c?s=96&d=mm&r=g\",\"caption\":\"redazione\"},\"url\":\"https:\\\/\\\/fedic.it\\\/magazine\\\/author\\\/redazione\\\/\"}]}<\/script>\n<!-- \/ Yoast SEO plugin. -->","yoast_head_json":{"title":"ADDIO A QUATTRO AMICI DELLA FEDIC - Fedic Magazine","robots":{"index":"index","follow":"follow","max-snippet":"max-snippet:-1","max-image-preview":"max-image-preview:large","max-video-preview":"max-video-preview:-1"},"canonical":"https:\/\/fedic.it\/magazine\/addio-a-quattro-amici-della-fedic\/","og_locale":"it_IT","og_type":"article","og_title":"ADDIO A QUATTRO AMICI DELLA FEDIC - Fedic Magazine","og_description":"di Paolo Micalizzi &nbsp; Tra la fine del 2023 e gli inizi del 2024 la FEDIC deve\u00a0 purtroppo registrare la scomparsa di quattro personaggi del cinema che hanno animato la sua attivit\u00e0 culturale. Il 22 dicembre dell\u2019anno scorso \u00e8 scomparso all\u2019et\u00e0 di 91 anni il regista e critico cinematografico Ernesto G. Laura, una figura importante [&hellip;]","og_url":"https:\/\/fedic.it\/magazine\/addio-a-quattro-amici-della-fedic\/","og_site_name":"Fedic Magazine","article_published_time":"2024-03-25T10:11:47+00:00","og_image":[{"url":"https:\/\/fedic.it\/magazine\/wp-content\/uploads\/2024\/03\/Ernesto-G.-Laura.png","type":"","width":"","height":""}],"author":"redazione","twitter_card":"summary_large_image","twitter_misc":{"Scritto da":"redazione","Tempo di lettura stimato":"5 minuti"},"schema":{"@context":"https:\/\/schema.org","@graph":[{"@type":"Article","@id":"https:\/\/fedic.it\/magazine\/addio-a-quattro-amici-della-fedic\/#article","isPartOf":{"@id":"https:\/\/fedic.it\/magazine\/addio-a-quattro-amici-della-fedic\/"},"author":{"name":"redazione","@id":"https:\/\/fedic.it\/magazine\/#\/schema\/person\/49d2a224aa980c875e12fa73c5601332"},"headline":"ADDIO A QUATTRO AMICI DELLA FEDIC","datePublished":"2024-03-25T10:11:47+00:00","mainEntityOfPage":{"@id":"https:\/\/fedic.it\/magazine\/addio-a-quattro-amici-della-fedic\/"},"wordCount":751,"publisher":{"@id":"https:\/\/fedic.it\/magazine\/#organization"},"image":{"@id":"https:\/\/fedic.it\/magazine\/addio-a-quattro-amici-della-fedic\/#primaryimage"},"thumbnailUrl":"https:\/\/fedic.it\/magazine\/wp-content\/uploads\/2024\/03\/Ernesto-G.-Laura.png","keywords":["FEDIC Magazine 48"],"articleSection":["Persone"],"inLanguage":"it-IT"},{"@type":"WebPage","@id":"https:\/\/fedic.it\/magazine\/addio-a-quattro-amici-della-fedic\/","url":"https:\/\/fedic.it\/magazine\/addio-a-quattro-amici-della-fedic\/","name":"ADDIO A QUATTRO AMICI DELLA FEDIC - Fedic Magazine","isPartOf":{"@id":"https:\/\/fedic.it\/magazine\/#website"},"primaryImageOfPage":{"@id":"https:\/\/fedic.it\/magazine\/addio-a-quattro-amici-della-fedic\/#primaryimage"},"image":{"@id":"https:\/\/fedic.it\/magazine\/addio-a-quattro-amici-della-fedic\/#primaryimage"},"thumbnailUrl":"https:\/\/fedic.it\/magazine\/wp-content\/uploads\/2024\/03\/Ernesto-G.-Laura.png","datePublished":"2024-03-25T10:11:47+00:00","breadcrumb":{"@id":"https:\/\/fedic.it\/magazine\/addio-a-quattro-amici-della-fedic\/#breadcrumb"},"inLanguage":"it-IT","potentialAction":[{"@type":"ReadAction","target":["https:\/\/fedic.it\/magazine\/addio-a-quattro-amici-della-fedic\/"]}]},{"@type":"ImageObject","inLanguage":"it-IT","@id":"https:\/\/fedic.it\/magazine\/addio-a-quattro-amici-della-fedic\/#primaryimage","url":"https:\/\/fedic.it\/magazine\/wp-content\/uploads\/2024\/03\/Ernesto-G.-Laura.png","contentUrl":"https:\/\/fedic.it\/magazine\/wp-content\/uploads\/2024\/03\/Ernesto-G.-Laura.png","width":502,"height":366,"caption":"Ernesto G. Laura"},{"@type":"BreadcrumbList","@id":"https:\/\/fedic.it\/magazine\/addio-a-quattro-amici-della-fedic\/#breadcrumb","itemListElement":[{"@type":"ListItem","position":1,"name":"Home","item":"https:\/\/fedic.it\/magazine\/"},{"@type":"ListItem","position":2,"name":"ADDIO A QUATTRO AMICI DELLA FEDIC"}]},{"@type":"WebSite","@id":"https:\/\/fedic.it\/magazine\/#website","url":"https:\/\/fedic.it\/magazine\/","name":"Fedic Magazine","description":"Il blog della Federazione Italiana dei Cineclub","publisher":{"@id":"https:\/\/fedic.it\/magazine\/#organization"},"potentialAction":[{"@type":"SearchAction","target":{"@type":"EntryPoint","urlTemplate":"https:\/\/fedic.it\/magazine\/?s={search_term_string}"},"query-input":{"@type":"PropertyValueSpecification","valueRequired":true,"valueName":"search_term_string"}}],"inLanguage":"it-IT"},{"@type":"Organization","@id":"https:\/\/fedic.it\/magazine\/#organization","name":"Fedic Magazine","url":"https:\/\/fedic.it\/magazine\/","logo":{"@type":"ImageObject","inLanguage":"it-IT","@id":"https:\/\/fedic.it\/magazine\/#\/schema\/logo\/image\/","url":"https:\/\/fedic.it\/magazine\/wp-content\/uploads\/2021\/07\/logo-fedic-magazine-ok.jpg","contentUrl":"https:\/\/fedic.it\/magazine\/wp-content\/uploads\/2021\/07\/logo-fedic-magazine-ok.jpg","width":405,"height":110,"caption":"Fedic Magazine"},"image":{"@id":"https:\/\/fedic.it\/magazine\/#\/schema\/logo\/image\/"}},{"@type":"Person","@id":"https:\/\/fedic.it\/magazine\/#\/schema\/person\/49d2a224aa980c875e12fa73c5601332","name":"redazione","image":{"@type":"ImageObject","inLanguage":"it-IT","@id":"https:\/\/secure.gravatar.com\/avatar\/3df0bdaff167c479390d8c1d9ba8338511cc6ea40b290cd3d84683663005fd1c?s=96&d=mm&r=g","url":"https:\/\/secure.gravatar.com\/avatar\/3df0bdaff167c479390d8c1d9ba8338511cc6ea40b290cd3d84683663005fd1c?s=96&d=mm&r=g","contentUrl":"https:\/\/secure.gravatar.com\/avatar\/3df0bdaff167c479390d8c1d9ba8338511cc6ea40b290cd3d84683663005fd1c?s=96&d=mm&r=g","caption":"redazione"},"url":"https:\/\/fedic.it\/magazine\/author\/redazione\/"}]}},"jetpack_featured_media_url":"","_links":{"self":[{"href":"https:\/\/fedic.it\/magazine\/wp-json\/wp\/v2\/posts\/1351","targetHints":{"allow":["GET"]}}],"collection":[{"href":"https:\/\/fedic.it\/magazine\/wp-json\/wp\/v2\/posts"}],"about":[{"href":"https:\/\/fedic.it\/magazine\/wp-json\/wp\/v2\/types\/post"}],"author":[{"embeddable":true,"href":"https:\/\/fedic.it\/magazine\/wp-json\/wp\/v2\/users\/4"}],"replies":[{"embeddable":true,"href":"https:\/\/fedic.it\/magazine\/wp-json\/wp\/v2\/comments?post=1351"}],"version-history":[{"count":1,"href":"https:\/\/fedic.it\/magazine\/wp-json\/wp\/v2\/posts\/1351\/revisions"}],"predecessor-version":[{"id":1373,"href":"https:\/\/fedic.it\/magazine\/wp-json\/wp\/v2\/posts\/1351\/revisions\/1373"}],"wp:attachment":[{"href":"https:\/\/fedic.it\/magazine\/wp-json\/wp\/v2\/media?parent=1351"}],"wp:term":[{"taxonomy":"category","embeddable":true,"href":"https:\/\/fedic.it\/magazine\/wp-json\/wp\/v2\/categories?post=1351"},{"taxonomy":"post_tag","embeddable":true,"href":"https:\/\/fedic.it\/magazine\/wp-json\/wp\/v2\/tags?post=1351"}],"curies":[{"name":"wp","href":"https:\/\/api.w.org\/{rel}","templated":true}]}}