{"id":1296,"date":"2023-11-06T09:44:40","date_gmt":"2023-11-06T09:44:40","guid":{"rendered":"https:\/\/fedic.it\/magazine\/?p=1296"},"modified":"2023-11-06T09:44:40","modified_gmt":"2023-11-06T09:44:40","slug":"tutti-i-vincitori-e-le-motivazioni-della-20a-edizione-di-sedicicorto-forli-international-film-festival","status":"publish","type":"post","link":"https:\/\/fedic.it\/magazine\/tutti-i-vincitori-e-le-motivazioni-della-20a-edizione-di-sedicicorto-forli-international-film-festival\/","title":{"rendered":"Tutti i vincitori e le motivazioni della 20a edizione di Sedicicorto Forl\u00ec International Film Festival"},"content":{"rendered":"<p>di Gianluca Castellini<\/p>\n<p>Si \u00e8 conclusa con successo la 20a edizione del Sedicicorto Forl\u00ec International Film Festival. Sabato 14 ottobre si \u00e8 svolta, nella sala gremita del cinema San Luigi, la cerimonia di premiazione. I 4 Lumin\u00f2r &#8211; ovvero i premi principali &#8211; sono stati assegnati come segue: il vincitore della sezione Movie \u00e8 risultato il film I promise you Paradise del regista egiziano Morad Mostafa, gi\u00e0 vincitore nel 2021 con l\u2019opera What we don\u2019t know about Mariam. Il cineasta \u00e8 riuscito ancora una volta a colpire la sensibilit\u00e0 della giuria e del pubblico, grazie ad una storia raccontata con intensit\u00e0 e sentimenti reali.<\/p>\n<p>Anche per il film vincitore della sezione Animalab, The Black Promegranate, ci troviamo di fronte ad un dramma esistenziale, grazie alla scrupolosa ricostruzione sperimentale del regista iraniano Ali Zare Ghanatnowi. Un film che la giuria ha dichiarato come opera indispensabile per non perdere il contatto con il dramma legato alla negazione dei diritti di una giornalista.<\/p>\n<p>Per la sezione Cortitalia, riservata alle opere Nazionali, si \u00e8 aggiudicato il primo premio il film In tutte le ore e nessuna di Davide Minotti e Valeria Miracapillo. Anche qui ci troviamo di fronte alla privazione di libert\u00e0 della scrittrice e attivista turca, Asli Erdogan. Un racconto toccante su alcune delle tappe pi\u00f9 importanti della sua travagliata vita.<\/p>\n<p>Il premio per la migliore opera della sezione Cortinloco, riservata alla cinematografia della Regione Emilia Romagna, \u00e8 stato assegnato a Claudio Casazza, per il film Cicciolina Pocket, racconto nostalgico e divertente di quattro adolescenti che vivono in un piccolo paese di periferia.<\/p>\n<p>In tutto sono stati assegnati 20 premi e riconoscimenti per un valore di oltre 4.000\u20ac.<br \/>\nSedicicorto ha assegnato un Premio alla carriera Cinemaitaliano.info al noto attore Silvio Orlando ed il Premio Generazione G, per l\u2019attrice del futuro, a Mila Damato, convincente protagonista del film Estasi di Domenico Laddaga.<br \/>\nIl Premio Fedic va, invece, a La Musica nel sangue di AlessandroZaffanella.<br \/>\nRiportiamo le motivazioni dei premi sopra indicati:<\/p>\n<p>I promise you paradise &#8211; Perch\u00e9, attraverso immagini come quadri, il regista descrive, con rara sensibilit\u00e0 e precisione, una periferia del mondo e dell&#8217;anima, che prende lavia migrante del mare come l&#8217;ultimo dei paradisi sperati e continuamente perduti.<br \/>\nThe Black Promegranade &#8211; &#8220;L&#8217;animazione \u00e8 sempre pi\u00f9 il linguaggio privilegiato dai cineasti per raccontare la realt\u00e0. Lungi dal limitarsi a &#8216;decorare&#8217; le immagini dal vero, essa le esalta, le trasfigura, conferisce loro una potenza e una universalit\u00e0 che superano le barriere emotive e ideologiche dello spettatore, giungendo, per sua stessa natura, a ridare corpo &#8211; e vita &#8211; a quanti ne sono stati privati ingiustamente. La voce &#8211; e gli occhi &#8211; della protagonista di questo film riemergono per lanciare un grido insopprimibile contro la tirannide che nemmeno la morte pu\u00f2 zittire, e rappresentano un monito necessario per questi tempi smemorati e indifferenti. Il premio ANIMALAB 2023 viene assegnato dalla giuria a &#8220;La grenade noire&#8221; (The Black Pomegranate) di Ali Zare Ghanatnowi.<br \/>\nIn tutte le ore e nessuna &#8211; Il premio come miglior cortometraggio va a &#8220;In tutte le ore e nessuna&#8221; per la vivacit\u00e0 e la cura con cui sviluppa l&#8217;idea del collage visivo, capace di valorizzare al massimo le immagini d&#8217;archivio confermando l&#8217;opportunit\u00e0 di un&#8217;attualizzazione sempre possibile. Un lavoro pieno di invenzioni, visive e sonore, mai fini a loro stesse ma anzi funzionali a rendere il messaggio pi\u00f9 efficace, il coinvolgimento pi\u00f9 completo. Interessante in particolare la trovata della voce, quale &#8220;eco che parla in te&#8221;.<br \/>\nCicciolina Pocket &#8211; Per la spontanea autenticit\u00e0, portando in vita un momento delicato e privato della giovinezza, come l&#8217;acquisto di una rivista hard. Un&#8217;opera che cattura la vita dei giovani di una volta con cura e leggerezza, regalandoci un&#8217;emozione sincera che ci ricorda la bellezza della vita.<br \/>\nPremio alla Carriera Cinemaitaliano.info a Silvio Orlando: Per la spontanea ed empatica presenza dell&#8217;uomo della porta accanto, capace d&#8217;interpretare personaggi contrastanti. Un uomo che con naturalezza trascina sul set una carica di emotiva affabilit\u00e0. Un uomo che vorremmo vedere, come protagonista, nel nostro prossimo film del cuore.<br \/>\nPremio Generazione G a Mila Damato: Una giovane attrice, capace di esprimere i sentimenti pi\u00f9 nascosti, con una enorme forza espressiva e padronanza del set. Riteniamo Mina una delle pi\u00f9autorevoli interpreti di cui la scena del cinema Italiano avr\u00e0 in futuro bisogno.<br \/>\nPremio Fedic: Per avere creato una parodia divertente ed efficace, a partire da una frase estremamente popolare che rende l&#8217;idea di come un individuo non possa fare a meno della musicalit\u00e0, anche a costo di perdere la propria vitalit\u00e0. La musica accompagna la nostra vita ed il protagonista ne \u00e8 un parodistico testimone.<br \/>\nBilancio di partecipazione molto positivo, con un pubblico molto partecipativo in tutti i 34 programmi di proiezione del palinsesto. Buon successo anche della mostra dedicata al Film Vacanze Romane in collaborazione con Fedic e Cinit.<\/p>\n<figure id=\"attachment_1280\" aria-describedby=\"caption-attachment-1280\" style=\"width: 1004px\" class=\"wp-caption aligncenter\"><img loading=\"lazy\" decoding=\"async\" class=\"size-full wp-image-1280\" src=\"https:\/\/fedic.it\/magazine\/wp-content\/uploads\/2023\/11\/Il-Presidente-Lorenzo-Caravello-e-Gianluca-Castellini-con-alcuni-premiati-al-Sedicicorto-Film-Festival.png\" alt=\"\" width=\"1004\" height=\"654\" srcset=\"https:\/\/fedic.it\/magazine\/wp-content\/uploads\/2023\/11\/Il-Presidente-Lorenzo-Caravello-e-Gianluca-Castellini-con-alcuni-premiati-al-Sedicicorto-Film-Festival.png 1004w, https:\/\/fedic.it\/magazine\/wp-content\/uploads\/2023\/11\/Il-Presidente-Lorenzo-Caravello-e-Gianluca-Castellini-con-alcuni-premiati-al-Sedicicorto-Film-Festival-300x195.png 300w, https:\/\/fedic.it\/magazine\/wp-content\/uploads\/2023\/11\/Il-Presidente-Lorenzo-Caravello-e-Gianluca-Castellini-con-alcuni-premiati-al-Sedicicorto-Film-Festival-768x500.png 768w\" sizes=\"auto, (max-width: 1004px) 100vw, 1004px\" \/><figcaption id=\"caption-attachment-1280\" class=\"wp-caption-text\"><br \/>Il Presidente Lorenzo Caravello e Gianluca Castellini con alcuni premiati al Sedicicorto Film Festival<\/figcaption><\/figure>\n<p>&nbsp;<\/p>\n<p>&nbsp;<\/p>\n","protected":false},"excerpt":{"rendered":"<p>di Gianluca Castellini Si \u00e8 conclusa con successo la 20a edizione del Sedicicorto Forl\u00ec International Film Festival. Sabato 14 ottobre si \u00e8 svolta, nella sala gremita del cinema San Luigi, la cerimonia di premiazione. I 4 Lumin\u00f2r &#8211; ovvero i premi principali &#8211; sono stati assegnati come segue: il vincitore della sezione Movie \u00e8 risultato [&hellip;]<\/p>\n","protected":false},"author":4,"featured_media":1281,"comment_status":"closed","ping_status":"closed","sticky":false,"template":"","format":"standard","meta":{"footnotes":""},"categories":[4],"tags":[37],"class_list":["post-1296","post","type-post","status-publish","format-standard","has-post-thumbnail","hentry","category-festival","tag-fedic-magazine-46"],"yoast_head":"<!-- This site is optimized with the Yoast SEO plugin v27.5 - https:\/\/yoast.com\/product\/yoast-seo-wordpress\/ -->\n<title>Tutti i vincitori e le motivazioni della 20a edizione di Sedicicorto Forl\u00ec International Film Festival - Fedic Magazine<\/title>\n<meta name=\"robots\" content=\"index, follow, max-snippet:-1, max-image-preview:large, max-video-preview:-1\" \/>\n<link rel=\"canonical\" href=\"https:\/\/fedic.it\/magazine\/tutti-i-vincitori-e-le-motivazioni-della-20a-edizione-di-sedicicorto-forli-international-film-festival\/\" \/>\n<meta property=\"og:locale\" content=\"it_IT\" \/>\n<meta property=\"og:type\" content=\"article\" \/>\n<meta property=\"og:title\" content=\"Tutti i vincitori e le motivazioni della 20a edizione di Sedicicorto Forl\u00ec International Film Festival - Fedic Magazine\" \/>\n<meta property=\"og:description\" content=\"di Gianluca Castellini Si \u00e8 conclusa con successo la 20a edizione del Sedicicorto Forl\u00ec International Film Festival. Sabato 14 ottobre si \u00e8 svolta, nella sala gremita del cinema San Luigi, la cerimonia di premiazione. I 4 Lumin\u00f2r &#8211; ovvero i premi principali &#8211; sono stati assegnati come segue: il vincitore della sezione Movie \u00e8 risultato [&hellip;]\" \/>\n<meta property=\"og:url\" content=\"https:\/\/fedic.it\/magazine\/tutti-i-vincitori-e-le-motivazioni-della-20a-edizione-di-sedicicorto-forli-international-film-festival\/\" \/>\n<meta property=\"og:site_name\" content=\"Fedic Magazine\" \/>\n<meta property=\"article:published_time\" content=\"2023-11-06T09:44:40+00:00\" \/>\n<meta property=\"og:image\" content=\"https:\/\/fedic.it\/magazine\/wp-content\/uploads\/2023\/11\/4.png\" \/>\n\t<meta property=\"og:image:width\" content=\"1004\" \/>\n\t<meta property=\"og:image:height\" content=\"670\" \/>\n\t<meta property=\"og:image:type\" content=\"image\/png\" \/>\n<meta name=\"author\" content=\"redazione\" \/>\n<meta name=\"twitter:card\" content=\"summary_large_image\" \/>\n<meta name=\"twitter:label1\" content=\"Scritto da\" \/>\n\t<meta name=\"twitter:data1\" content=\"redazione\" \/>\n\t<meta name=\"twitter:label2\" content=\"Tempo di lettura stimato\" \/>\n\t<meta name=\"twitter:data2\" content=\"5 minuti\" \/>\n<script type=\"application\/ld+json\" class=\"yoast-schema-graph\">{\"@context\":\"https:\\\/\\\/schema.org\",\"@graph\":[{\"@type\":\"Article\",\"@id\":\"https:\\\/\\\/fedic.it\\\/magazine\\\/tutti-i-vincitori-e-le-motivazioni-della-20a-edizione-di-sedicicorto-forli-international-film-festival\\\/#article\",\"isPartOf\":{\"@id\":\"https:\\\/\\\/fedic.it\\\/magazine\\\/tutti-i-vincitori-e-le-motivazioni-della-20a-edizione-di-sedicicorto-forli-international-film-festival\\\/\"},\"author\":{\"name\":\"redazione\",\"@id\":\"https:\\\/\\\/fedic.it\\\/magazine\\\/#\\\/schema\\\/person\\\/49d2a224aa980c875e12fa73c5601332\"},\"headline\":\"Tutti i vincitori e le motivazioni della 20a edizione di Sedicicorto Forl\u00ec International Film Festival\",\"datePublished\":\"2023-11-06T09:44:40+00:00\",\"mainEntityOfPage\":{\"@id\":\"https:\\\/\\\/fedic.it\\\/magazine\\\/tutti-i-vincitori-e-le-motivazioni-della-20a-edizione-di-sedicicorto-forli-international-film-festival\\\/\"},\"wordCount\":841,\"publisher\":{\"@id\":\"https:\\\/\\\/fedic.it\\\/magazine\\\/#organization\"},\"image\":{\"@id\":\"https:\\\/\\\/fedic.it\\\/magazine\\\/tutti-i-vincitori-e-le-motivazioni-della-20a-edizione-di-sedicicorto-forli-international-film-festival\\\/#primaryimage\"},\"thumbnailUrl\":\"https:\\\/\\\/fedic.it\\\/magazine\\\/wp-content\\\/uploads\\\/2023\\\/11\\\/4.png\",\"keywords\":[\"FEDIC Magazine 46\"],\"articleSection\":[\"Festival\"],\"inLanguage\":\"it-IT\"},{\"@type\":\"WebPage\",\"@id\":\"https:\\\/\\\/fedic.it\\\/magazine\\\/tutti-i-vincitori-e-le-motivazioni-della-20a-edizione-di-sedicicorto-forli-international-film-festival\\\/\",\"url\":\"https:\\\/\\\/fedic.it\\\/magazine\\\/tutti-i-vincitori-e-le-motivazioni-della-20a-edizione-di-sedicicorto-forli-international-film-festival\\\/\",\"name\":\"Tutti i vincitori e le motivazioni della 20a edizione di Sedicicorto Forl\u00ec International Film Festival - Fedic Magazine\",\"isPartOf\":{\"@id\":\"https:\\\/\\\/fedic.it\\\/magazine\\\/#website\"},\"primaryImageOfPage\":{\"@id\":\"https:\\\/\\\/fedic.it\\\/magazine\\\/tutti-i-vincitori-e-le-motivazioni-della-20a-edizione-di-sedicicorto-forli-international-film-festival\\\/#primaryimage\"},\"image\":{\"@id\":\"https:\\\/\\\/fedic.it\\\/magazine\\\/tutti-i-vincitori-e-le-motivazioni-della-20a-edizione-di-sedicicorto-forli-international-film-festival\\\/#primaryimage\"},\"thumbnailUrl\":\"https:\\\/\\\/fedic.it\\\/magazine\\\/wp-content\\\/uploads\\\/2023\\\/11\\\/4.png\",\"datePublished\":\"2023-11-06T09:44:40+00:00\",\"breadcrumb\":{\"@id\":\"https:\\\/\\\/fedic.it\\\/magazine\\\/tutti-i-vincitori-e-le-motivazioni-della-20a-edizione-di-sedicicorto-forli-international-film-festival\\\/#breadcrumb\"},\"inLanguage\":\"it-IT\",\"potentialAction\":[{\"@type\":\"ReadAction\",\"target\":[\"https:\\\/\\\/fedic.it\\\/magazine\\\/tutti-i-vincitori-e-le-motivazioni-della-20a-edizione-di-sedicicorto-forli-international-film-festival\\\/\"]}]},{\"@type\":\"ImageObject\",\"inLanguage\":\"it-IT\",\"@id\":\"https:\\\/\\\/fedic.it\\\/magazine\\\/tutti-i-vincitori-e-le-motivazioni-della-20a-edizione-di-sedicicorto-forli-international-film-festival\\\/#primaryimage\",\"url\":\"https:\\\/\\\/fedic.it\\\/magazine\\\/wp-content\\\/uploads\\\/2023\\\/11\\\/4.png\",\"contentUrl\":\"https:\\\/\\\/fedic.it\\\/magazine\\\/wp-content\\\/uploads\\\/2023\\\/11\\\/4.png\",\"width\":1004,\"height\":670},{\"@type\":\"BreadcrumbList\",\"@id\":\"https:\\\/\\\/fedic.it\\\/magazine\\\/tutti-i-vincitori-e-le-motivazioni-della-20a-edizione-di-sedicicorto-forli-international-film-festival\\\/#breadcrumb\",\"itemListElement\":[{\"@type\":\"ListItem\",\"position\":1,\"name\":\"Home\",\"item\":\"https:\\\/\\\/fedic.it\\\/magazine\\\/\"},{\"@type\":\"ListItem\",\"position\":2,\"name\":\"Tutti i vincitori e le motivazioni della 20a edizione di Sedicicorto Forl\u00ec International Film Festival\"}]},{\"@type\":\"WebSite\",\"@id\":\"https:\\\/\\\/fedic.it\\\/magazine\\\/#website\",\"url\":\"https:\\\/\\\/fedic.it\\\/magazine\\\/\",\"name\":\"Fedic Magazine\",\"description\":\"Il blog della Federazione Italiana dei Cineclub\",\"publisher\":{\"@id\":\"https:\\\/\\\/fedic.it\\\/magazine\\\/#organization\"},\"potentialAction\":[{\"@type\":\"SearchAction\",\"target\":{\"@type\":\"EntryPoint\",\"urlTemplate\":\"https:\\\/\\\/fedic.it\\\/magazine\\\/?s={search_term_string}\"},\"query-input\":{\"@type\":\"PropertyValueSpecification\",\"valueRequired\":true,\"valueName\":\"search_term_string\"}}],\"inLanguage\":\"it-IT\"},{\"@type\":\"Organization\",\"@id\":\"https:\\\/\\\/fedic.it\\\/magazine\\\/#organization\",\"name\":\"Fedic Magazine\",\"url\":\"https:\\\/\\\/fedic.it\\\/magazine\\\/\",\"logo\":{\"@type\":\"ImageObject\",\"inLanguage\":\"it-IT\",\"@id\":\"https:\\\/\\\/fedic.it\\\/magazine\\\/#\\\/schema\\\/logo\\\/image\\\/\",\"url\":\"https:\\\/\\\/fedic.it\\\/magazine\\\/wp-content\\\/uploads\\\/2021\\\/07\\\/logo-fedic-magazine-ok.jpg\",\"contentUrl\":\"https:\\\/\\\/fedic.it\\\/magazine\\\/wp-content\\\/uploads\\\/2021\\\/07\\\/logo-fedic-magazine-ok.jpg\",\"width\":405,\"height\":110,\"caption\":\"Fedic Magazine\"},\"image\":{\"@id\":\"https:\\\/\\\/fedic.it\\\/magazine\\\/#\\\/schema\\\/logo\\\/image\\\/\"}},{\"@type\":\"Person\",\"@id\":\"https:\\\/\\\/fedic.it\\\/magazine\\\/#\\\/schema\\\/person\\\/49d2a224aa980c875e12fa73c5601332\",\"name\":\"redazione\",\"image\":{\"@type\":\"ImageObject\",\"inLanguage\":\"it-IT\",\"@id\":\"https:\\\/\\\/secure.gravatar.com\\\/avatar\\\/3df0bdaff167c479390d8c1d9ba8338511cc6ea40b290cd3d84683663005fd1c?s=96&d=mm&r=g\",\"url\":\"https:\\\/\\\/secure.gravatar.com\\\/avatar\\\/3df0bdaff167c479390d8c1d9ba8338511cc6ea40b290cd3d84683663005fd1c?s=96&d=mm&r=g\",\"contentUrl\":\"https:\\\/\\\/secure.gravatar.com\\\/avatar\\\/3df0bdaff167c479390d8c1d9ba8338511cc6ea40b290cd3d84683663005fd1c?s=96&d=mm&r=g\",\"caption\":\"redazione\"},\"url\":\"https:\\\/\\\/fedic.it\\\/magazine\\\/author\\\/redazione\\\/\"}]}<\/script>\n<!-- \/ Yoast SEO plugin. -->","yoast_head_json":{"title":"Tutti i vincitori e le motivazioni della 20a edizione di Sedicicorto Forl\u00ec International Film Festival - Fedic Magazine","robots":{"index":"index","follow":"follow","max-snippet":"max-snippet:-1","max-image-preview":"max-image-preview:large","max-video-preview":"max-video-preview:-1"},"canonical":"https:\/\/fedic.it\/magazine\/tutti-i-vincitori-e-le-motivazioni-della-20a-edizione-di-sedicicorto-forli-international-film-festival\/","og_locale":"it_IT","og_type":"article","og_title":"Tutti i vincitori e le motivazioni della 20a edizione di Sedicicorto Forl\u00ec International Film Festival - Fedic Magazine","og_description":"di Gianluca Castellini Si \u00e8 conclusa con successo la 20a edizione del Sedicicorto Forl\u00ec International Film Festival. Sabato 14 ottobre si \u00e8 svolta, nella sala gremita del cinema San Luigi, la cerimonia di premiazione. I 4 Lumin\u00f2r &#8211; ovvero i premi principali &#8211; sono stati assegnati come segue: il vincitore della sezione Movie \u00e8 risultato [&hellip;]","og_url":"https:\/\/fedic.it\/magazine\/tutti-i-vincitori-e-le-motivazioni-della-20a-edizione-di-sedicicorto-forli-international-film-festival\/","og_site_name":"Fedic Magazine","article_published_time":"2023-11-06T09:44:40+00:00","og_image":[{"width":1004,"height":670,"url":"https:\/\/fedic.it\/magazine\/wp-content\/uploads\/2023\/11\/4.png","type":"image\/png"}],"author":"redazione","twitter_card":"summary_large_image","twitter_misc":{"Scritto da":"redazione","Tempo di lettura stimato":"5 minuti"},"schema":{"@context":"https:\/\/schema.org","@graph":[{"@type":"Article","@id":"https:\/\/fedic.it\/magazine\/tutti-i-vincitori-e-le-motivazioni-della-20a-edizione-di-sedicicorto-forli-international-film-festival\/#article","isPartOf":{"@id":"https:\/\/fedic.it\/magazine\/tutti-i-vincitori-e-le-motivazioni-della-20a-edizione-di-sedicicorto-forli-international-film-festival\/"},"author":{"name":"redazione","@id":"https:\/\/fedic.it\/magazine\/#\/schema\/person\/49d2a224aa980c875e12fa73c5601332"},"headline":"Tutti i vincitori e le motivazioni della 20a edizione di Sedicicorto Forl\u00ec International Film Festival","datePublished":"2023-11-06T09:44:40+00:00","mainEntityOfPage":{"@id":"https:\/\/fedic.it\/magazine\/tutti-i-vincitori-e-le-motivazioni-della-20a-edizione-di-sedicicorto-forli-international-film-festival\/"},"wordCount":841,"publisher":{"@id":"https:\/\/fedic.it\/magazine\/#organization"},"image":{"@id":"https:\/\/fedic.it\/magazine\/tutti-i-vincitori-e-le-motivazioni-della-20a-edizione-di-sedicicorto-forli-international-film-festival\/#primaryimage"},"thumbnailUrl":"https:\/\/fedic.it\/magazine\/wp-content\/uploads\/2023\/11\/4.png","keywords":["FEDIC Magazine 46"],"articleSection":["Festival"],"inLanguage":"it-IT"},{"@type":"WebPage","@id":"https:\/\/fedic.it\/magazine\/tutti-i-vincitori-e-le-motivazioni-della-20a-edizione-di-sedicicorto-forli-international-film-festival\/","url":"https:\/\/fedic.it\/magazine\/tutti-i-vincitori-e-le-motivazioni-della-20a-edizione-di-sedicicorto-forli-international-film-festival\/","name":"Tutti i vincitori e le motivazioni della 20a edizione di Sedicicorto Forl\u00ec International Film Festival - Fedic Magazine","isPartOf":{"@id":"https:\/\/fedic.it\/magazine\/#website"},"primaryImageOfPage":{"@id":"https:\/\/fedic.it\/magazine\/tutti-i-vincitori-e-le-motivazioni-della-20a-edizione-di-sedicicorto-forli-international-film-festival\/#primaryimage"},"image":{"@id":"https:\/\/fedic.it\/magazine\/tutti-i-vincitori-e-le-motivazioni-della-20a-edizione-di-sedicicorto-forli-international-film-festival\/#primaryimage"},"thumbnailUrl":"https:\/\/fedic.it\/magazine\/wp-content\/uploads\/2023\/11\/4.png","datePublished":"2023-11-06T09:44:40+00:00","breadcrumb":{"@id":"https:\/\/fedic.it\/magazine\/tutti-i-vincitori-e-le-motivazioni-della-20a-edizione-di-sedicicorto-forli-international-film-festival\/#breadcrumb"},"inLanguage":"it-IT","potentialAction":[{"@type":"ReadAction","target":["https:\/\/fedic.it\/magazine\/tutti-i-vincitori-e-le-motivazioni-della-20a-edizione-di-sedicicorto-forli-international-film-festival\/"]}]},{"@type":"ImageObject","inLanguage":"it-IT","@id":"https:\/\/fedic.it\/magazine\/tutti-i-vincitori-e-le-motivazioni-della-20a-edizione-di-sedicicorto-forli-international-film-festival\/#primaryimage","url":"https:\/\/fedic.it\/magazine\/wp-content\/uploads\/2023\/11\/4.png","contentUrl":"https:\/\/fedic.it\/magazine\/wp-content\/uploads\/2023\/11\/4.png","width":1004,"height":670},{"@type":"BreadcrumbList","@id":"https:\/\/fedic.it\/magazine\/tutti-i-vincitori-e-le-motivazioni-della-20a-edizione-di-sedicicorto-forli-international-film-festival\/#breadcrumb","itemListElement":[{"@type":"ListItem","position":1,"name":"Home","item":"https:\/\/fedic.it\/magazine\/"},{"@type":"ListItem","position":2,"name":"Tutti i vincitori e le motivazioni della 20a edizione di Sedicicorto Forl\u00ec International Film Festival"}]},{"@type":"WebSite","@id":"https:\/\/fedic.it\/magazine\/#website","url":"https:\/\/fedic.it\/magazine\/","name":"Fedic Magazine","description":"Il blog della Federazione Italiana dei Cineclub","publisher":{"@id":"https:\/\/fedic.it\/magazine\/#organization"},"potentialAction":[{"@type":"SearchAction","target":{"@type":"EntryPoint","urlTemplate":"https:\/\/fedic.it\/magazine\/?s={search_term_string}"},"query-input":{"@type":"PropertyValueSpecification","valueRequired":true,"valueName":"search_term_string"}}],"inLanguage":"it-IT"},{"@type":"Organization","@id":"https:\/\/fedic.it\/magazine\/#organization","name":"Fedic Magazine","url":"https:\/\/fedic.it\/magazine\/","logo":{"@type":"ImageObject","inLanguage":"it-IT","@id":"https:\/\/fedic.it\/magazine\/#\/schema\/logo\/image\/","url":"https:\/\/fedic.it\/magazine\/wp-content\/uploads\/2021\/07\/logo-fedic-magazine-ok.jpg","contentUrl":"https:\/\/fedic.it\/magazine\/wp-content\/uploads\/2021\/07\/logo-fedic-magazine-ok.jpg","width":405,"height":110,"caption":"Fedic Magazine"},"image":{"@id":"https:\/\/fedic.it\/magazine\/#\/schema\/logo\/image\/"}},{"@type":"Person","@id":"https:\/\/fedic.it\/magazine\/#\/schema\/person\/49d2a224aa980c875e12fa73c5601332","name":"redazione","image":{"@type":"ImageObject","inLanguage":"it-IT","@id":"https:\/\/secure.gravatar.com\/avatar\/3df0bdaff167c479390d8c1d9ba8338511cc6ea40b290cd3d84683663005fd1c?s=96&d=mm&r=g","url":"https:\/\/secure.gravatar.com\/avatar\/3df0bdaff167c479390d8c1d9ba8338511cc6ea40b290cd3d84683663005fd1c?s=96&d=mm&r=g","contentUrl":"https:\/\/secure.gravatar.com\/avatar\/3df0bdaff167c479390d8c1d9ba8338511cc6ea40b290cd3d84683663005fd1c?s=96&d=mm&r=g","caption":"redazione"},"url":"https:\/\/fedic.it\/magazine\/author\/redazione\/"}]}},"jetpack_featured_media_url":"https:\/\/fedic.it\/magazine\/wp-content\/uploads\/2023\/11\/4.png","_links":{"self":[{"href":"https:\/\/fedic.it\/magazine\/wp-json\/wp\/v2\/posts\/1296","targetHints":{"allow":["GET"]}}],"collection":[{"href":"https:\/\/fedic.it\/magazine\/wp-json\/wp\/v2\/posts"}],"about":[{"href":"https:\/\/fedic.it\/magazine\/wp-json\/wp\/v2\/types\/post"}],"author":[{"embeddable":true,"href":"https:\/\/fedic.it\/magazine\/wp-json\/wp\/v2\/users\/4"}],"replies":[{"embeddable":true,"href":"https:\/\/fedic.it\/magazine\/wp-json\/wp\/v2\/comments?post=1296"}],"version-history":[{"count":1,"href":"https:\/\/fedic.it\/magazine\/wp-json\/wp\/v2\/posts\/1296\/revisions"}],"predecessor-version":[{"id":1297,"href":"https:\/\/fedic.it\/magazine\/wp-json\/wp\/v2\/posts\/1296\/revisions\/1297"}],"wp:featuredmedia":[{"embeddable":true,"href":"https:\/\/fedic.it\/magazine\/wp-json\/wp\/v2\/media\/1281"}],"wp:attachment":[{"href":"https:\/\/fedic.it\/magazine\/wp-json\/wp\/v2\/media?parent=1296"}],"wp:term":[{"taxonomy":"category","embeddable":true,"href":"https:\/\/fedic.it\/magazine\/wp-json\/wp\/v2\/categories?post=1296"},{"taxonomy":"post_tag","embeddable":true,"href":"https:\/\/fedic.it\/magazine\/wp-json\/wp\/v2\/tags?post=1296"}],"curies":[{"name":"wp","href":"https:\/\/api.w.org\/{rel}","templated":true}]}}