{"id":1254,"date":"2023-10-18T12:13:26","date_gmt":"2023-10-18T12:13:26","guid":{"rendered":"https:\/\/fedic.it\/magazine\/?p=1254"},"modified":"2023-10-18T12:13:26","modified_gmt":"2023-10-18T12:13:26","slug":"considerazioni-sullunica-di-comacchio","status":"publish","type":"post","link":"https:\/\/fedic.it\/magazine\/considerazioni-sullunica-di-comacchio\/","title":{"rendered":"Considerazioni sull&#8217;UNICA di Comacchio"},"content":{"rendered":"<p><strong>di Carlo Menegatti<\/strong><\/p>\n<p>Alcune considerazioni sono opportune nel momento in cui facciamo un consuntivo sul festival UNICA appena concluso.<\/p>\n<p>All\u2019impegno organizzativo per la competizione cinematografica, Comacchio ha messo in campo tutte le necessarie azioni per garantire un\u2019eccellente accoglienza. Gli aspetti relativi alla promozione turistica e ricettivit\u00e0 sono stati curati da Po Delta Tourism che, insieme a noi, ha lavorato per sostenere l\u2019indotto turistico generato dal Festival, cos\u00ec da garantire convenzioni con ristoranti, hotel e camping village.<\/p>\n<p><img loading=\"lazy\" decoding=\"async\" class=\"aligncenter size-full wp-image-1247\" src=\"https:\/\/fedic.it\/magazine\/wp-content\/uploads\/2023\/10\/2.png\" alt=\"\" width=\"895\" height=\"597\" srcset=\"https:\/\/fedic.it\/magazine\/wp-content\/uploads\/2023\/10\/2.png 895w, https:\/\/fedic.it\/magazine\/wp-content\/uploads\/2023\/10\/2-300x200.png 300w, https:\/\/fedic.it\/magazine\/wp-content\/uploads\/2023\/10\/2-768x512.png 768w, https:\/\/fedic.it\/magazine\/wp-content\/uploads\/2023\/10\/2-360x241.png 360w\" sizes=\"auto, (max-width: 895px) 100vw, 895px\" \/><\/p>\n<p>Tra le importanti iniziative organizzate all\u2019interno del Festival Internazionale UNICA meritano menzione la prima edizione del Premio Folco Quilici, dedicato a corti di natura e ambiente, la mostra fotografica su Pier Paolo Pasolini &#8220;Riflessi emiliano-romagnoli&#8221; che \u00e8 stata inaugurata il 10 settembre ed \u00e8 rimasta visitabile alla Galleria d\u2019Arte di Palazzo Bellini, anche oltre il festival, fino al 2 ottobre ed infine il Premio Speciale del\u00a0Rotary Club\u00a0di Comacchio Codigoro e Terre Pomposiane dedicato ad ambiente e territorio, nel contesto del Premio Folco Quilici, alla presenza di Brando, figlio dell\u2019artista.<\/p>\n<p>E&#8217; stato prodotto un grande lavoro organizzativo e\u00a0 di assistenza tecnico-operativa, molti sono stati i soci del Cineclub che hanno partecipato alle attivit\u00e0, dalla organizzazione della mostra fotografica a tutte le giornate di festival, ai momenti di difficolt\u00e0 a quelli di festa. Una prova riuscita che grazie a tutti i soci che hanno collaborato \u00e8 stata apprezzata da tutti i partecipanti.<\/p>\n<p>Grazie anche a Fedic che ha partecipato con numerosi soci, che ci ha fornito supporto e assistenza, un aiuto che ci ha dato sicurezza, e grazie a Giuseppe Mallozzi per la parte di mostra su Pasolini che abbiamo allestito insieme.<\/p>\n<p>Posso concludere che il risultato non era scontato, abbiamo dovuto prenderci delle responsabilit\u00e0 che non avevamo previsto, \u00e8 andato tutto bene!<\/p>\n<p>Quello che rimane di pi\u00f9 importante \u00e8 che abbiamo verificato una perfetta collaborazione fra il Cineclub Delta del Po e il Rolf Mandolesi Filmclub Merano, frutto di una lunga amicizia e coesione di intenti.<\/p>\n","protected":false},"excerpt":{"rendered":"<p>di Carlo Menegatti Alcune considerazioni sono opportune nel momento in cui facciamo un consuntivo sul festival UNICA appena concluso. All\u2019impegno organizzativo per la competizione cinematografica, Comacchio ha messo in campo tutte le necessarie azioni per garantire un\u2019eccellente accoglienza. Gli aspetti relativi alla promozione turistica e ricettivit\u00e0 sono stati curati da Po Delta Tourism che, insieme [&hellip;]<\/p>\n","protected":false},"author":4,"featured_media":0,"comment_status":"closed","ping_status":"closed","sticky":false,"template":"","format":"standard","meta":{"footnotes":""},"categories":[4],"tags":[36],"class_list":["post-1254","post","type-post","status-publish","format-standard","hentry","category-festival","tag-fedic-magazine-45"],"yoast_head":"<!-- This site is optimized with the Yoast SEO plugin v27.4 - https:\/\/yoast.com\/product\/yoast-seo-wordpress\/ -->\n<title>Considerazioni sull&#039;UNICA di Comacchio - Fedic Magazine<\/title>\n<meta name=\"robots\" content=\"index, follow, max-snippet:-1, max-image-preview:large, max-video-preview:-1\" \/>\n<link rel=\"canonical\" href=\"https:\/\/fedic.it\/magazine\/considerazioni-sullunica-di-comacchio\/\" \/>\n<meta property=\"og:locale\" content=\"it_IT\" \/>\n<meta property=\"og:type\" content=\"article\" \/>\n<meta property=\"og:title\" content=\"Considerazioni sull&#039;UNICA di Comacchio - Fedic Magazine\" \/>\n<meta property=\"og:description\" content=\"di Carlo Menegatti Alcune considerazioni sono opportune nel momento in cui facciamo un consuntivo sul festival UNICA appena concluso. All\u2019impegno organizzativo per la competizione cinematografica, Comacchio ha messo in campo tutte le necessarie azioni per garantire un\u2019eccellente accoglienza. Gli aspetti relativi alla promozione turistica e ricettivit\u00e0 sono stati curati da Po Delta Tourism che, insieme [&hellip;]\" \/>\n<meta property=\"og:url\" content=\"https:\/\/fedic.it\/magazine\/considerazioni-sullunica-di-comacchio\/\" \/>\n<meta property=\"og:site_name\" content=\"Fedic Magazine\" \/>\n<meta property=\"article:published_time\" content=\"2023-10-18T12:13:26+00:00\" \/>\n<meta property=\"og:image\" content=\"https:\/\/fedic.it\/magazine\/wp-content\/uploads\/2023\/10\/2.png\" \/>\n<meta name=\"author\" content=\"redazione\" \/>\n<meta name=\"twitter:card\" content=\"summary_large_image\" \/>\n<meta name=\"twitter:label1\" content=\"Scritto da\" \/>\n\t<meta name=\"twitter:data1\" content=\"redazione\" \/>\n\t<meta name=\"twitter:label2\" content=\"Tempo di lettura stimato\" \/>\n\t<meta name=\"twitter:data2\" content=\"2 minuti\" \/>\n<script type=\"application\/ld+json\" class=\"yoast-schema-graph\">{\"@context\":\"https:\\\/\\\/schema.org\",\"@graph\":[{\"@type\":\"Article\",\"@id\":\"https:\\\/\\\/fedic.it\\\/magazine\\\/considerazioni-sullunica-di-comacchio\\\/#article\",\"isPartOf\":{\"@id\":\"https:\\\/\\\/fedic.it\\\/magazine\\\/considerazioni-sullunica-di-comacchio\\\/\"},\"author\":{\"name\":\"redazione\",\"@id\":\"https:\\\/\\\/fedic.it\\\/magazine\\\/#\\\/schema\\\/person\\\/49d2a224aa980c875e12fa73c5601332\"},\"headline\":\"Considerazioni sull&#8217;UNICA di Comacchio\",\"datePublished\":\"2023-10-18T12:13:26+00:00\",\"mainEntityOfPage\":{\"@id\":\"https:\\\/\\\/fedic.it\\\/magazine\\\/considerazioni-sullunica-di-comacchio\\\/\"},\"wordCount\":327,\"publisher\":{\"@id\":\"https:\\\/\\\/fedic.it\\\/magazine\\\/#organization\"},\"image\":{\"@id\":\"https:\\\/\\\/fedic.it\\\/magazine\\\/considerazioni-sullunica-di-comacchio\\\/#primaryimage\"},\"thumbnailUrl\":\"https:\\\/\\\/fedic.it\\\/magazine\\\/wp-content\\\/uploads\\\/2023\\\/10\\\/2.png\",\"keywords\":[\"FEDIC Magazine 45\"],\"articleSection\":[\"Festival\"],\"inLanguage\":\"it-IT\"},{\"@type\":\"WebPage\",\"@id\":\"https:\\\/\\\/fedic.it\\\/magazine\\\/considerazioni-sullunica-di-comacchio\\\/\",\"url\":\"https:\\\/\\\/fedic.it\\\/magazine\\\/considerazioni-sullunica-di-comacchio\\\/\",\"name\":\"Considerazioni sull'UNICA di Comacchio - Fedic Magazine\",\"isPartOf\":{\"@id\":\"https:\\\/\\\/fedic.it\\\/magazine\\\/#website\"},\"primaryImageOfPage\":{\"@id\":\"https:\\\/\\\/fedic.it\\\/magazine\\\/considerazioni-sullunica-di-comacchio\\\/#primaryimage\"},\"image\":{\"@id\":\"https:\\\/\\\/fedic.it\\\/magazine\\\/considerazioni-sullunica-di-comacchio\\\/#primaryimage\"},\"thumbnailUrl\":\"https:\\\/\\\/fedic.it\\\/magazine\\\/wp-content\\\/uploads\\\/2023\\\/10\\\/2.png\",\"datePublished\":\"2023-10-18T12:13:26+00:00\",\"breadcrumb\":{\"@id\":\"https:\\\/\\\/fedic.it\\\/magazine\\\/considerazioni-sullunica-di-comacchio\\\/#breadcrumb\"},\"inLanguage\":\"it-IT\",\"potentialAction\":[{\"@type\":\"ReadAction\",\"target\":[\"https:\\\/\\\/fedic.it\\\/magazine\\\/considerazioni-sullunica-di-comacchio\\\/\"]}]},{\"@type\":\"ImageObject\",\"inLanguage\":\"it-IT\",\"@id\":\"https:\\\/\\\/fedic.it\\\/magazine\\\/considerazioni-sullunica-di-comacchio\\\/#primaryimage\",\"url\":\"https:\\\/\\\/fedic.it\\\/magazine\\\/wp-content\\\/uploads\\\/2023\\\/10\\\/2.png\",\"contentUrl\":\"https:\\\/\\\/fedic.it\\\/magazine\\\/wp-content\\\/uploads\\\/2023\\\/10\\\/2.png\",\"width\":895,\"height\":597},{\"@type\":\"BreadcrumbList\",\"@id\":\"https:\\\/\\\/fedic.it\\\/magazine\\\/considerazioni-sullunica-di-comacchio\\\/#breadcrumb\",\"itemListElement\":[{\"@type\":\"ListItem\",\"position\":1,\"name\":\"Home\",\"item\":\"https:\\\/\\\/fedic.it\\\/magazine\\\/\"},{\"@type\":\"ListItem\",\"position\":2,\"name\":\"Considerazioni sull&#8217;UNICA di Comacchio\"}]},{\"@type\":\"WebSite\",\"@id\":\"https:\\\/\\\/fedic.it\\\/magazine\\\/#website\",\"url\":\"https:\\\/\\\/fedic.it\\\/magazine\\\/\",\"name\":\"Fedic Magazine\",\"description\":\"Il blog della Federazione Italiana dei Cineclub\",\"publisher\":{\"@id\":\"https:\\\/\\\/fedic.it\\\/magazine\\\/#organization\"},\"potentialAction\":[{\"@type\":\"SearchAction\",\"target\":{\"@type\":\"EntryPoint\",\"urlTemplate\":\"https:\\\/\\\/fedic.it\\\/magazine\\\/?s={search_term_string}\"},\"query-input\":{\"@type\":\"PropertyValueSpecification\",\"valueRequired\":true,\"valueName\":\"search_term_string\"}}],\"inLanguage\":\"it-IT\"},{\"@type\":\"Organization\",\"@id\":\"https:\\\/\\\/fedic.it\\\/magazine\\\/#organization\",\"name\":\"Fedic Magazine\",\"url\":\"https:\\\/\\\/fedic.it\\\/magazine\\\/\",\"logo\":{\"@type\":\"ImageObject\",\"inLanguage\":\"it-IT\",\"@id\":\"https:\\\/\\\/fedic.it\\\/magazine\\\/#\\\/schema\\\/logo\\\/image\\\/\",\"url\":\"https:\\\/\\\/fedic.it\\\/magazine\\\/wp-content\\\/uploads\\\/2021\\\/07\\\/logo-fedic-magazine-ok.jpg\",\"contentUrl\":\"https:\\\/\\\/fedic.it\\\/magazine\\\/wp-content\\\/uploads\\\/2021\\\/07\\\/logo-fedic-magazine-ok.jpg\",\"width\":405,\"height\":110,\"caption\":\"Fedic Magazine\"},\"image\":{\"@id\":\"https:\\\/\\\/fedic.it\\\/magazine\\\/#\\\/schema\\\/logo\\\/image\\\/\"}},{\"@type\":\"Person\",\"@id\":\"https:\\\/\\\/fedic.it\\\/magazine\\\/#\\\/schema\\\/person\\\/49d2a224aa980c875e12fa73c5601332\",\"name\":\"redazione\",\"image\":{\"@type\":\"ImageObject\",\"inLanguage\":\"it-IT\",\"@id\":\"https:\\\/\\\/secure.gravatar.com\\\/avatar\\\/3df0bdaff167c479390d8c1d9ba8338511cc6ea40b290cd3d84683663005fd1c?s=96&d=mm&r=g\",\"url\":\"https:\\\/\\\/secure.gravatar.com\\\/avatar\\\/3df0bdaff167c479390d8c1d9ba8338511cc6ea40b290cd3d84683663005fd1c?s=96&d=mm&r=g\",\"contentUrl\":\"https:\\\/\\\/secure.gravatar.com\\\/avatar\\\/3df0bdaff167c479390d8c1d9ba8338511cc6ea40b290cd3d84683663005fd1c?s=96&d=mm&r=g\",\"caption\":\"redazione\"},\"url\":\"https:\\\/\\\/fedic.it\\\/magazine\\\/author\\\/redazione\\\/\"}]}<\/script>\n<!-- \/ Yoast SEO plugin. -->","yoast_head_json":{"title":"Considerazioni sull'UNICA di Comacchio - Fedic Magazine","robots":{"index":"index","follow":"follow","max-snippet":"max-snippet:-1","max-image-preview":"max-image-preview:large","max-video-preview":"max-video-preview:-1"},"canonical":"https:\/\/fedic.it\/magazine\/considerazioni-sullunica-di-comacchio\/","og_locale":"it_IT","og_type":"article","og_title":"Considerazioni sull'UNICA di Comacchio - Fedic Magazine","og_description":"di Carlo Menegatti Alcune considerazioni sono opportune nel momento in cui facciamo un consuntivo sul festival UNICA appena concluso. All\u2019impegno organizzativo per la competizione cinematografica, Comacchio ha messo in campo tutte le necessarie azioni per garantire un\u2019eccellente accoglienza. Gli aspetti relativi alla promozione turistica e ricettivit\u00e0 sono stati curati da Po Delta Tourism che, insieme [&hellip;]","og_url":"https:\/\/fedic.it\/magazine\/considerazioni-sullunica-di-comacchio\/","og_site_name":"Fedic Magazine","article_published_time":"2023-10-18T12:13:26+00:00","og_image":[{"url":"https:\/\/fedic.it\/magazine\/wp-content\/uploads\/2023\/10\/2.png","type":"","width":"","height":""}],"author":"redazione","twitter_card":"summary_large_image","twitter_misc":{"Scritto da":"redazione","Tempo di lettura stimato":"2 minuti"},"schema":{"@context":"https:\/\/schema.org","@graph":[{"@type":"Article","@id":"https:\/\/fedic.it\/magazine\/considerazioni-sullunica-di-comacchio\/#article","isPartOf":{"@id":"https:\/\/fedic.it\/magazine\/considerazioni-sullunica-di-comacchio\/"},"author":{"name":"redazione","@id":"https:\/\/fedic.it\/magazine\/#\/schema\/person\/49d2a224aa980c875e12fa73c5601332"},"headline":"Considerazioni sull&#8217;UNICA di Comacchio","datePublished":"2023-10-18T12:13:26+00:00","mainEntityOfPage":{"@id":"https:\/\/fedic.it\/magazine\/considerazioni-sullunica-di-comacchio\/"},"wordCount":327,"publisher":{"@id":"https:\/\/fedic.it\/magazine\/#organization"},"image":{"@id":"https:\/\/fedic.it\/magazine\/considerazioni-sullunica-di-comacchio\/#primaryimage"},"thumbnailUrl":"https:\/\/fedic.it\/magazine\/wp-content\/uploads\/2023\/10\/2.png","keywords":["FEDIC Magazine 45"],"articleSection":["Festival"],"inLanguage":"it-IT"},{"@type":"WebPage","@id":"https:\/\/fedic.it\/magazine\/considerazioni-sullunica-di-comacchio\/","url":"https:\/\/fedic.it\/magazine\/considerazioni-sullunica-di-comacchio\/","name":"Considerazioni sull'UNICA di Comacchio - Fedic Magazine","isPartOf":{"@id":"https:\/\/fedic.it\/magazine\/#website"},"primaryImageOfPage":{"@id":"https:\/\/fedic.it\/magazine\/considerazioni-sullunica-di-comacchio\/#primaryimage"},"image":{"@id":"https:\/\/fedic.it\/magazine\/considerazioni-sullunica-di-comacchio\/#primaryimage"},"thumbnailUrl":"https:\/\/fedic.it\/magazine\/wp-content\/uploads\/2023\/10\/2.png","datePublished":"2023-10-18T12:13:26+00:00","breadcrumb":{"@id":"https:\/\/fedic.it\/magazine\/considerazioni-sullunica-di-comacchio\/#breadcrumb"},"inLanguage":"it-IT","potentialAction":[{"@type":"ReadAction","target":["https:\/\/fedic.it\/magazine\/considerazioni-sullunica-di-comacchio\/"]}]},{"@type":"ImageObject","inLanguage":"it-IT","@id":"https:\/\/fedic.it\/magazine\/considerazioni-sullunica-di-comacchio\/#primaryimage","url":"https:\/\/fedic.it\/magazine\/wp-content\/uploads\/2023\/10\/2.png","contentUrl":"https:\/\/fedic.it\/magazine\/wp-content\/uploads\/2023\/10\/2.png","width":895,"height":597},{"@type":"BreadcrumbList","@id":"https:\/\/fedic.it\/magazine\/considerazioni-sullunica-di-comacchio\/#breadcrumb","itemListElement":[{"@type":"ListItem","position":1,"name":"Home","item":"https:\/\/fedic.it\/magazine\/"},{"@type":"ListItem","position":2,"name":"Considerazioni sull&#8217;UNICA di Comacchio"}]},{"@type":"WebSite","@id":"https:\/\/fedic.it\/magazine\/#website","url":"https:\/\/fedic.it\/magazine\/","name":"Fedic Magazine","description":"Il blog della Federazione Italiana dei Cineclub","publisher":{"@id":"https:\/\/fedic.it\/magazine\/#organization"},"potentialAction":[{"@type":"SearchAction","target":{"@type":"EntryPoint","urlTemplate":"https:\/\/fedic.it\/magazine\/?s={search_term_string}"},"query-input":{"@type":"PropertyValueSpecification","valueRequired":true,"valueName":"search_term_string"}}],"inLanguage":"it-IT"},{"@type":"Organization","@id":"https:\/\/fedic.it\/magazine\/#organization","name":"Fedic Magazine","url":"https:\/\/fedic.it\/magazine\/","logo":{"@type":"ImageObject","inLanguage":"it-IT","@id":"https:\/\/fedic.it\/magazine\/#\/schema\/logo\/image\/","url":"https:\/\/fedic.it\/magazine\/wp-content\/uploads\/2021\/07\/logo-fedic-magazine-ok.jpg","contentUrl":"https:\/\/fedic.it\/magazine\/wp-content\/uploads\/2021\/07\/logo-fedic-magazine-ok.jpg","width":405,"height":110,"caption":"Fedic Magazine"},"image":{"@id":"https:\/\/fedic.it\/magazine\/#\/schema\/logo\/image\/"}},{"@type":"Person","@id":"https:\/\/fedic.it\/magazine\/#\/schema\/person\/49d2a224aa980c875e12fa73c5601332","name":"redazione","image":{"@type":"ImageObject","inLanguage":"it-IT","@id":"https:\/\/secure.gravatar.com\/avatar\/3df0bdaff167c479390d8c1d9ba8338511cc6ea40b290cd3d84683663005fd1c?s=96&d=mm&r=g","url":"https:\/\/secure.gravatar.com\/avatar\/3df0bdaff167c479390d8c1d9ba8338511cc6ea40b290cd3d84683663005fd1c?s=96&d=mm&r=g","contentUrl":"https:\/\/secure.gravatar.com\/avatar\/3df0bdaff167c479390d8c1d9ba8338511cc6ea40b290cd3d84683663005fd1c?s=96&d=mm&r=g","caption":"redazione"},"url":"https:\/\/fedic.it\/magazine\/author\/redazione\/"}]}},"jetpack_featured_media_url":"","_links":{"self":[{"href":"https:\/\/fedic.it\/magazine\/wp-json\/wp\/v2\/posts\/1254","targetHints":{"allow":["GET"]}}],"collection":[{"href":"https:\/\/fedic.it\/magazine\/wp-json\/wp\/v2\/posts"}],"about":[{"href":"https:\/\/fedic.it\/magazine\/wp-json\/wp\/v2\/types\/post"}],"author":[{"embeddable":true,"href":"https:\/\/fedic.it\/magazine\/wp-json\/wp\/v2\/users\/4"}],"replies":[{"embeddable":true,"href":"https:\/\/fedic.it\/magazine\/wp-json\/wp\/v2\/comments?post=1254"}],"version-history":[{"count":1,"href":"https:\/\/fedic.it\/magazine\/wp-json\/wp\/v2\/posts\/1254\/revisions"}],"predecessor-version":[{"id":1255,"href":"https:\/\/fedic.it\/magazine\/wp-json\/wp\/v2\/posts\/1254\/revisions\/1255"}],"wp:attachment":[{"href":"https:\/\/fedic.it\/magazine\/wp-json\/wp\/v2\/media?parent=1254"}],"wp:term":[{"taxonomy":"category","embeddable":true,"href":"https:\/\/fedic.it\/magazine\/wp-json\/wp\/v2\/categories?post=1254"},{"taxonomy":"post_tag","embeddable":true,"href":"https:\/\/fedic.it\/magazine\/wp-json\/wp\/v2\/tags?post=1254"}],"curies":[{"name":"wp","href":"https:\/\/api.w.org\/{rel}","templated":true}]}}