{"id":1028,"date":"2023-06-01T10:19:35","date_gmt":"2023-06-01T10:19:35","guid":{"rendered":"https:\/\/fedic.it\/magazine\/?p=1028"},"modified":"2023-06-01T10:19:35","modified_gmt":"2023-06-01T10:19:35","slug":"sono-certo-che-mi-manchera","status":"publish","type":"post","link":"https:\/\/fedic.it\/magazine\/sono-certo-che-mi-manchera\/","title":{"rendered":"\u201cSONO CERTO CHE MI MANCHER\u00c0\u201d"},"content":{"rendered":"<p><strong>di Giorgio Ricci<\/strong><\/p>\n<p>Oggi, 19 aprile 2023 alle 16 e 30, Agostino Vincenzi, ci ha lasciati.\u00a0 E lo ha fatto con il rispetto per il prossimo che ha sempre avuto, dandoci il tempo di abituarci alla sua mancanza. Era malato da tempo e durante le ultime telefonate non faceva mistero della sua preoccupante situazione.<\/p>\n<p>Ho conosciuto Agostino, Cicci per gli amici, nel 1965 al Cineclub Pesaro nel quale era entrato qualche anno prima di me. Era amante del cinema sin da bambino quando andava sotto le finestre della sala di proiezione del cinema Nuovo Fiore a raccogliere gli spezzoni di pellicola in 35 millimetri e poi \u201cproiettarli\u201d a casa. Mi raccont\u00f2 che una volta un farmacista chiam\u00f2 i genitori di Cicci preoccupato perch\u00e9 Cicci si era presentato, aveva s\u00ec e no 10 anni, in farmacia con un fiasco per acquistare acetone.\u00a0 Aveva saputo che gli spezzoni di pellicole si attaccavano con l\u2019acetone e\u00a0 ne voleva due litri (!) perch\u00e9 lui di spezzoni ne aveva tanti e voleva attaccarli per fare un film da vedere in casa\u00a0 con un proiettore che si era fabbricato con una scatola delle scarpe, una lampadina e una lente rimediata non so dove.<\/p>\n<p>Un bambino con una passione per il cinema smisurata che le maschere dei cinema di Pesaro conoscevano bene e lo facevano entrare senza pagare il biglietto.<\/p>\n<p>Aveva fatto studi d\u2019arte e Arte insegnava al Carcere Minorile di Pesaro e poi all\u2019Istituto d\u2019Arte della stessa citt\u00e0. Frequentava sua moglie Stefania, la scuola e i cinema e ben presto fu affascinato da Antonioni.<\/p>\n<p>Dalla scuola e dalle sue frequentazioni ha tratto il suo modo di fare cinema. Mi diceva, durante le lunghe passeggiate che per quasi venti anni abbiamo fatto quotidianamente per le vie della vecchia Pesaro nelle ore in cui il sole produce ombre lunghe, che tutti i suoi cortometraggi raccontano storie vere, che gli erano state raccontate dai suoi alunni o direttamente vissute all\u2019interno della scuola.<\/p>\n<p>Il suo carattere mite, portato all\u2019ascolto, sempre rispettoso delle idee altrui, pronto ad aiutare, leale, sincero, unito alla sua passione per il cinema aveva portato Cesare Pandolfi &#8211; unico rivenditore di Cineprese a Pesaro, iniziatore della cinematografia amatoriale a Pesaro e maestro di quei \u201cragazzi\u201d che poi fondarono il Cineclub Pesaro &#8211; ad offrire a Cicci l\u2019opportunit\u00e0 di acquistare una Palliard Bolex da 16 mm a rate non appena aveva saputo che Cicci aveva cominciato ad insegnare. L\u2019occasione Cicci non se la lasci\u00f2 sfuggire e con quella cinepresa inizi\u00f2 a dare corpo a tutte le sceneggiature che aveva nel frattempo scritto e a frequentare la FEDIC e il Festival di Montecatini. Ben presto ebbe successo al punto da rappresentare, giovanissimo, l\u2019Italia al Festival dell\u2019UNICA.<\/p>\n<p>Paolo Micalizzi lo ha ricordato nel secondo volume scritto sugli autori FEDIC e io lo ricorder\u00f2 sempre come amico leale di tanti viaggi fatti insieme per frequentare i Festival di Cortometraggi e di tante ore trascorse nella nostra vita a camminare parlando di cortometraggi.<\/p>\n<p>Sono certo che mi mancher\u00e0.<\/p>\n","protected":false},"excerpt":{"rendered":"<p>di Giorgio Ricci Oggi, 19 aprile 2023 alle 16 e 30, Agostino Vincenzi, ci ha lasciati.\u00a0 E lo ha fatto con il rispetto per il prossimo che ha sempre avuto, dandoci il tempo di abituarci alla sua mancanza. Era malato da tempo e durante le ultime telefonate non faceva mistero della sua preoccupante situazione. Ho [&hellip;]<\/p>\n","protected":false},"author":4,"featured_media":1008,"comment_status":"closed","ping_status":"closed","sticky":false,"template":"","format":"standard","meta":{"footnotes":""},"categories":[11,10],"tags":[29],"class_list":["post-1028","post","type-post","status-publish","format-standard","has-post-thumbnail","hentry","category-fedic","category-persone","tag-fedic-magazine-41"],"yoast_head":"<!-- This site is optimized with the Yoast SEO plugin v27.5 - https:\/\/yoast.com\/product\/yoast-seo-wordpress\/ -->\n<title>\u201cSONO CERTO CHE MI MANCHER\u00c0\u201d - Fedic Magazine<\/title>\n<meta name=\"robots\" content=\"index, follow, max-snippet:-1, max-image-preview:large, max-video-preview:-1\" \/>\n<link rel=\"canonical\" href=\"https:\/\/fedic.it\/magazine\/sono-certo-che-mi-manchera\/\" \/>\n<meta property=\"og:locale\" content=\"it_IT\" \/>\n<meta property=\"og:type\" content=\"article\" \/>\n<meta property=\"og:title\" content=\"\u201cSONO CERTO CHE MI MANCHER\u00c0\u201d - Fedic Magazine\" \/>\n<meta property=\"og:description\" content=\"di Giorgio Ricci Oggi, 19 aprile 2023 alle 16 e 30, Agostino Vincenzi, ci ha lasciati.\u00a0 E lo ha fatto con il rispetto per il prossimo che ha sempre avuto, dandoci il tempo di abituarci alla sua mancanza. Era malato da tempo e durante le ultime telefonate non faceva mistero della sua preoccupante situazione. Ho [&hellip;]\" \/>\n<meta property=\"og:url\" content=\"https:\/\/fedic.it\/magazine\/sono-certo-che-mi-manchera\/\" \/>\n<meta property=\"og:site_name\" content=\"Fedic Magazine\" \/>\n<meta property=\"article:published_time\" content=\"2023-06-01T10:19:35+00:00\" \/>\n<meta property=\"og:image\" content=\"https:\/\/fedic.it\/magazine\/wp-content\/uploads\/2023\/06\/5.png\" \/>\n\t<meta property=\"og:image:width\" content=\"1004\" \/>\n\t<meta property=\"og:image:height\" content=\"754\" \/>\n\t<meta property=\"og:image:type\" content=\"image\/png\" \/>\n<meta name=\"author\" content=\"redazione\" \/>\n<meta name=\"twitter:card\" content=\"summary_large_image\" \/>\n<meta name=\"twitter:label1\" content=\"Scritto da\" \/>\n\t<meta name=\"twitter:data1\" content=\"redazione\" \/>\n\t<meta name=\"twitter:label2\" content=\"Tempo di lettura stimato\" \/>\n\t<meta name=\"twitter:data2\" content=\"3 minuti\" \/>\n<script type=\"application\/ld+json\" class=\"yoast-schema-graph\">{\"@context\":\"https:\\\/\\\/schema.org\",\"@graph\":[{\"@type\":\"Article\",\"@id\":\"https:\\\/\\\/fedic.it\\\/magazine\\\/sono-certo-che-mi-manchera\\\/#article\",\"isPartOf\":{\"@id\":\"https:\\\/\\\/fedic.it\\\/magazine\\\/sono-certo-che-mi-manchera\\\/\"},\"author\":{\"name\":\"redazione\",\"@id\":\"https:\\\/\\\/fedic.it\\\/magazine\\\/#\\\/schema\\\/person\\\/49d2a224aa980c875e12fa73c5601332\"},\"headline\":\"\u201cSONO CERTO CHE MI MANCHER\u00c0\u201d\",\"datePublished\":\"2023-06-01T10:19:35+00:00\",\"mainEntityOfPage\":{\"@id\":\"https:\\\/\\\/fedic.it\\\/magazine\\\/sono-certo-che-mi-manchera\\\/\"},\"wordCount\":502,\"publisher\":{\"@id\":\"https:\\\/\\\/fedic.it\\\/magazine\\\/#organization\"},\"image\":{\"@id\":\"https:\\\/\\\/fedic.it\\\/magazine\\\/sono-certo-che-mi-manchera\\\/#primaryimage\"},\"thumbnailUrl\":\"https:\\\/\\\/fedic.it\\\/magazine\\\/wp-content\\\/uploads\\\/2023\\\/06\\\/5.png\",\"keywords\":[\"FEDIC Magazine 41\"],\"articleSection\":[\"Fedic\",\"Persone\"],\"inLanguage\":\"it-IT\"},{\"@type\":\"WebPage\",\"@id\":\"https:\\\/\\\/fedic.it\\\/magazine\\\/sono-certo-che-mi-manchera\\\/\",\"url\":\"https:\\\/\\\/fedic.it\\\/magazine\\\/sono-certo-che-mi-manchera\\\/\",\"name\":\"\u201cSONO CERTO CHE MI MANCHER\u00c0\u201d - Fedic Magazine\",\"isPartOf\":{\"@id\":\"https:\\\/\\\/fedic.it\\\/magazine\\\/#website\"},\"primaryImageOfPage\":{\"@id\":\"https:\\\/\\\/fedic.it\\\/magazine\\\/sono-certo-che-mi-manchera\\\/#primaryimage\"},\"image\":{\"@id\":\"https:\\\/\\\/fedic.it\\\/magazine\\\/sono-certo-che-mi-manchera\\\/#primaryimage\"},\"thumbnailUrl\":\"https:\\\/\\\/fedic.it\\\/magazine\\\/wp-content\\\/uploads\\\/2023\\\/06\\\/5.png\",\"datePublished\":\"2023-06-01T10:19:35+00:00\",\"breadcrumb\":{\"@id\":\"https:\\\/\\\/fedic.it\\\/magazine\\\/sono-certo-che-mi-manchera\\\/#breadcrumb\"},\"inLanguage\":\"it-IT\",\"potentialAction\":[{\"@type\":\"ReadAction\",\"target\":[\"https:\\\/\\\/fedic.it\\\/magazine\\\/sono-certo-che-mi-manchera\\\/\"]}]},{\"@type\":\"ImageObject\",\"inLanguage\":\"it-IT\",\"@id\":\"https:\\\/\\\/fedic.it\\\/magazine\\\/sono-certo-che-mi-manchera\\\/#primaryimage\",\"url\":\"https:\\\/\\\/fedic.it\\\/magazine\\\/wp-content\\\/uploads\\\/2023\\\/06\\\/5.png\",\"contentUrl\":\"https:\\\/\\\/fedic.it\\\/magazine\\\/wp-content\\\/uploads\\\/2023\\\/06\\\/5.png\",\"width\":1004,\"height\":754},{\"@type\":\"BreadcrumbList\",\"@id\":\"https:\\\/\\\/fedic.it\\\/magazine\\\/sono-certo-che-mi-manchera\\\/#breadcrumb\",\"itemListElement\":[{\"@type\":\"ListItem\",\"position\":1,\"name\":\"Home\",\"item\":\"https:\\\/\\\/fedic.it\\\/magazine\\\/\"},{\"@type\":\"ListItem\",\"position\":2,\"name\":\"\u201cSONO CERTO CHE MI MANCHER\u00c0\u201d\"}]},{\"@type\":\"WebSite\",\"@id\":\"https:\\\/\\\/fedic.it\\\/magazine\\\/#website\",\"url\":\"https:\\\/\\\/fedic.it\\\/magazine\\\/\",\"name\":\"Fedic Magazine\",\"description\":\"Il blog della Federazione Italiana dei Cineclub\",\"publisher\":{\"@id\":\"https:\\\/\\\/fedic.it\\\/magazine\\\/#organization\"},\"potentialAction\":[{\"@type\":\"SearchAction\",\"target\":{\"@type\":\"EntryPoint\",\"urlTemplate\":\"https:\\\/\\\/fedic.it\\\/magazine\\\/?s={search_term_string}\"},\"query-input\":{\"@type\":\"PropertyValueSpecification\",\"valueRequired\":true,\"valueName\":\"search_term_string\"}}],\"inLanguage\":\"it-IT\"},{\"@type\":\"Organization\",\"@id\":\"https:\\\/\\\/fedic.it\\\/magazine\\\/#organization\",\"name\":\"Fedic Magazine\",\"url\":\"https:\\\/\\\/fedic.it\\\/magazine\\\/\",\"logo\":{\"@type\":\"ImageObject\",\"inLanguage\":\"it-IT\",\"@id\":\"https:\\\/\\\/fedic.it\\\/magazine\\\/#\\\/schema\\\/logo\\\/image\\\/\",\"url\":\"https:\\\/\\\/fedic.it\\\/magazine\\\/wp-content\\\/uploads\\\/2021\\\/07\\\/logo-fedic-magazine-ok.jpg\",\"contentUrl\":\"https:\\\/\\\/fedic.it\\\/magazine\\\/wp-content\\\/uploads\\\/2021\\\/07\\\/logo-fedic-magazine-ok.jpg\",\"width\":405,\"height\":110,\"caption\":\"Fedic Magazine\"},\"image\":{\"@id\":\"https:\\\/\\\/fedic.it\\\/magazine\\\/#\\\/schema\\\/logo\\\/image\\\/\"}},{\"@type\":\"Person\",\"@id\":\"https:\\\/\\\/fedic.it\\\/magazine\\\/#\\\/schema\\\/person\\\/49d2a224aa980c875e12fa73c5601332\",\"name\":\"redazione\",\"image\":{\"@type\":\"ImageObject\",\"inLanguage\":\"it-IT\",\"@id\":\"https:\\\/\\\/secure.gravatar.com\\\/avatar\\\/3df0bdaff167c479390d8c1d9ba8338511cc6ea40b290cd3d84683663005fd1c?s=96&d=mm&r=g\",\"url\":\"https:\\\/\\\/secure.gravatar.com\\\/avatar\\\/3df0bdaff167c479390d8c1d9ba8338511cc6ea40b290cd3d84683663005fd1c?s=96&d=mm&r=g\",\"contentUrl\":\"https:\\\/\\\/secure.gravatar.com\\\/avatar\\\/3df0bdaff167c479390d8c1d9ba8338511cc6ea40b290cd3d84683663005fd1c?s=96&d=mm&r=g\",\"caption\":\"redazione\"},\"url\":\"https:\\\/\\\/fedic.it\\\/magazine\\\/author\\\/redazione\\\/\"}]}<\/script>\n<!-- \/ Yoast SEO plugin. -->","yoast_head_json":{"title":"\u201cSONO CERTO CHE MI MANCHER\u00c0\u201d - Fedic Magazine","robots":{"index":"index","follow":"follow","max-snippet":"max-snippet:-1","max-image-preview":"max-image-preview:large","max-video-preview":"max-video-preview:-1"},"canonical":"https:\/\/fedic.it\/magazine\/sono-certo-che-mi-manchera\/","og_locale":"it_IT","og_type":"article","og_title":"\u201cSONO CERTO CHE MI MANCHER\u00c0\u201d - Fedic Magazine","og_description":"di Giorgio Ricci Oggi, 19 aprile 2023 alle 16 e 30, Agostino Vincenzi, ci ha lasciati.\u00a0 E lo ha fatto con il rispetto per il prossimo che ha sempre avuto, dandoci il tempo di abituarci alla sua mancanza. Era malato da tempo e durante le ultime telefonate non faceva mistero della sua preoccupante situazione. Ho [&hellip;]","og_url":"https:\/\/fedic.it\/magazine\/sono-certo-che-mi-manchera\/","og_site_name":"Fedic Magazine","article_published_time":"2023-06-01T10:19:35+00:00","og_image":[{"width":1004,"height":754,"url":"https:\/\/fedic.it\/magazine\/wp-content\/uploads\/2023\/06\/5.png","type":"image\/png"}],"author":"redazione","twitter_card":"summary_large_image","twitter_misc":{"Scritto da":"redazione","Tempo di lettura stimato":"3 minuti"},"schema":{"@context":"https:\/\/schema.org","@graph":[{"@type":"Article","@id":"https:\/\/fedic.it\/magazine\/sono-certo-che-mi-manchera\/#article","isPartOf":{"@id":"https:\/\/fedic.it\/magazine\/sono-certo-che-mi-manchera\/"},"author":{"name":"redazione","@id":"https:\/\/fedic.it\/magazine\/#\/schema\/person\/49d2a224aa980c875e12fa73c5601332"},"headline":"\u201cSONO CERTO CHE MI MANCHER\u00c0\u201d","datePublished":"2023-06-01T10:19:35+00:00","mainEntityOfPage":{"@id":"https:\/\/fedic.it\/magazine\/sono-certo-che-mi-manchera\/"},"wordCount":502,"publisher":{"@id":"https:\/\/fedic.it\/magazine\/#organization"},"image":{"@id":"https:\/\/fedic.it\/magazine\/sono-certo-che-mi-manchera\/#primaryimage"},"thumbnailUrl":"https:\/\/fedic.it\/magazine\/wp-content\/uploads\/2023\/06\/5.png","keywords":["FEDIC Magazine 41"],"articleSection":["Fedic","Persone"],"inLanguage":"it-IT"},{"@type":"WebPage","@id":"https:\/\/fedic.it\/magazine\/sono-certo-che-mi-manchera\/","url":"https:\/\/fedic.it\/magazine\/sono-certo-che-mi-manchera\/","name":"\u201cSONO CERTO CHE MI MANCHER\u00c0\u201d - Fedic Magazine","isPartOf":{"@id":"https:\/\/fedic.it\/magazine\/#website"},"primaryImageOfPage":{"@id":"https:\/\/fedic.it\/magazine\/sono-certo-che-mi-manchera\/#primaryimage"},"image":{"@id":"https:\/\/fedic.it\/magazine\/sono-certo-che-mi-manchera\/#primaryimage"},"thumbnailUrl":"https:\/\/fedic.it\/magazine\/wp-content\/uploads\/2023\/06\/5.png","datePublished":"2023-06-01T10:19:35+00:00","breadcrumb":{"@id":"https:\/\/fedic.it\/magazine\/sono-certo-che-mi-manchera\/#breadcrumb"},"inLanguage":"it-IT","potentialAction":[{"@type":"ReadAction","target":["https:\/\/fedic.it\/magazine\/sono-certo-che-mi-manchera\/"]}]},{"@type":"ImageObject","inLanguage":"it-IT","@id":"https:\/\/fedic.it\/magazine\/sono-certo-che-mi-manchera\/#primaryimage","url":"https:\/\/fedic.it\/magazine\/wp-content\/uploads\/2023\/06\/5.png","contentUrl":"https:\/\/fedic.it\/magazine\/wp-content\/uploads\/2023\/06\/5.png","width":1004,"height":754},{"@type":"BreadcrumbList","@id":"https:\/\/fedic.it\/magazine\/sono-certo-che-mi-manchera\/#breadcrumb","itemListElement":[{"@type":"ListItem","position":1,"name":"Home","item":"https:\/\/fedic.it\/magazine\/"},{"@type":"ListItem","position":2,"name":"\u201cSONO CERTO CHE MI MANCHER\u00c0\u201d"}]},{"@type":"WebSite","@id":"https:\/\/fedic.it\/magazine\/#website","url":"https:\/\/fedic.it\/magazine\/","name":"Fedic Magazine","description":"Il blog della Federazione Italiana dei Cineclub","publisher":{"@id":"https:\/\/fedic.it\/magazine\/#organization"},"potentialAction":[{"@type":"SearchAction","target":{"@type":"EntryPoint","urlTemplate":"https:\/\/fedic.it\/magazine\/?s={search_term_string}"},"query-input":{"@type":"PropertyValueSpecification","valueRequired":true,"valueName":"search_term_string"}}],"inLanguage":"it-IT"},{"@type":"Organization","@id":"https:\/\/fedic.it\/magazine\/#organization","name":"Fedic Magazine","url":"https:\/\/fedic.it\/magazine\/","logo":{"@type":"ImageObject","inLanguage":"it-IT","@id":"https:\/\/fedic.it\/magazine\/#\/schema\/logo\/image\/","url":"https:\/\/fedic.it\/magazine\/wp-content\/uploads\/2021\/07\/logo-fedic-magazine-ok.jpg","contentUrl":"https:\/\/fedic.it\/magazine\/wp-content\/uploads\/2021\/07\/logo-fedic-magazine-ok.jpg","width":405,"height":110,"caption":"Fedic Magazine"},"image":{"@id":"https:\/\/fedic.it\/magazine\/#\/schema\/logo\/image\/"}},{"@type":"Person","@id":"https:\/\/fedic.it\/magazine\/#\/schema\/person\/49d2a224aa980c875e12fa73c5601332","name":"redazione","image":{"@type":"ImageObject","inLanguage":"it-IT","@id":"https:\/\/secure.gravatar.com\/avatar\/3df0bdaff167c479390d8c1d9ba8338511cc6ea40b290cd3d84683663005fd1c?s=96&d=mm&r=g","url":"https:\/\/secure.gravatar.com\/avatar\/3df0bdaff167c479390d8c1d9ba8338511cc6ea40b290cd3d84683663005fd1c?s=96&d=mm&r=g","contentUrl":"https:\/\/secure.gravatar.com\/avatar\/3df0bdaff167c479390d8c1d9ba8338511cc6ea40b290cd3d84683663005fd1c?s=96&d=mm&r=g","caption":"redazione"},"url":"https:\/\/fedic.it\/magazine\/author\/redazione\/"}]}},"jetpack_featured_media_url":"https:\/\/fedic.it\/magazine\/wp-content\/uploads\/2023\/06\/5.png","_links":{"self":[{"href":"https:\/\/fedic.it\/magazine\/wp-json\/wp\/v2\/posts\/1028","targetHints":{"allow":["GET"]}}],"collection":[{"href":"https:\/\/fedic.it\/magazine\/wp-json\/wp\/v2\/posts"}],"about":[{"href":"https:\/\/fedic.it\/magazine\/wp-json\/wp\/v2\/types\/post"}],"author":[{"embeddable":true,"href":"https:\/\/fedic.it\/magazine\/wp-json\/wp\/v2\/users\/4"}],"replies":[{"embeddable":true,"href":"https:\/\/fedic.it\/magazine\/wp-json\/wp\/v2\/comments?post=1028"}],"version-history":[{"count":1,"href":"https:\/\/fedic.it\/magazine\/wp-json\/wp\/v2\/posts\/1028\/revisions"}],"predecessor-version":[{"id":1029,"href":"https:\/\/fedic.it\/magazine\/wp-json\/wp\/v2\/posts\/1028\/revisions\/1029"}],"wp:featuredmedia":[{"embeddable":true,"href":"https:\/\/fedic.it\/magazine\/wp-json\/wp\/v2\/media\/1008"}],"wp:attachment":[{"href":"https:\/\/fedic.it\/magazine\/wp-json\/wp\/v2\/media?parent=1028"}],"wp:term":[{"taxonomy":"category","embeddable":true,"href":"https:\/\/fedic.it\/magazine\/wp-json\/wp\/v2\/categories?post=1028"},{"taxonomy":"post_tag","embeddable":true,"href":"https:\/\/fedic.it\/magazine\/wp-json\/wp\/v2\/tags?post=1028"}],"curies":[{"name":"wp","href":"https:\/\/api.w.org\/{rel}","templated":true}]}}