{"id":1016,"date":"2023-06-01T10:04:30","date_gmt":"2023-06-01T10:04:30","guid":{"rendered":"https:\/\/fedic.it\/magazine\/?p=1016"},"modified":"2023-06-01T10:04:30","modified_gmt":"2023-06-01T10:04:30","slug":"tredici-cortometraggi-di-autori-fedic-di-ieri-e-di-oggi-in-una-rassegna-del-cinevideoclub-pesaro","status":"publish","type":"post","link":"https:\/\/fedic.it\/magazine\/tredici-cortometraggi-di-autori-fedic-di-ieri-e-di-oggi-in-una-rassegna-del-cinevideoclub-pesaro\/","title":{"rendered":"TREDICI CORTOMETRAGGI DI AUTORI FEDIC DI IERI E DI OGGI IN UNA RASSEGNA DEL CINEVIDEOCLUB PESARO"},"content":{"rendered":"<p><strong>di Paolo Micalizzi<\/strong><\/p>\n<p>Un Cineclub Fedic che si sta facendo valere per la sua attivit\u00e0 \u00e8 il CineVideoClub Pesaro, di cui \u00e8 Presidente Giorgio Bertuccioli. L\u201911 marzo ha organizzato in quella citt\u00e0 marchigiana una Rassegna cinematografica di cortometraggi amatoriali Fedic che comprendeva 13 opere. Le proiezioni sono avvenute nel prestigioso Hotel Vittoria e hanno riguardato un significativo Panorama che va dagli anni Cinquanta ai giorni nostri. \u00a0Degli anni Cinquanta, cio\u00e8 da quando gli autori venivano denominati cineamatori e cos\u00ec si \u00e8 continuato a chiamarli fino al Convegno di Bergamo del 1960 quando il termine venne sostituito con quello di cinema indipendente. E che non si tratta\u00a0di un cinema d\u2019amatore, che molti intendono come hobby, lo si \u00e8 visto nelle opere presentate di ieri e di oggi. A mostrare come gi\u00e0 negli anni Cinquanta, anni in cui sono emersi molti autori che poi hanno abbracciato il cinema come professionisti, dimostrando cos\u00ec il loro valore professionale,\u00a0sono stati presentati, da chi scrive,\u00a0due cortometraggi dovuti a Renato Dall\u2019Ara e Franco Piavoli. Del primo \u00e8 stato proiettato \u201cScano Boa\u201d (1954)\u00a0un classico del cinema realizzato nel Polesine, che coglie una situazione particolare, ispirata ad un fatto di cronaca, e cio\u00e8 quella verificatasi alle foci del Delta del Po in cui sulla stessa barca viaggiavano una bara ed una donna incinta che in mezzo al fiume ha dato poi vita ad una nuova creatura. Di Franco Piavoli, che con i film successivi\u00a0\u00e8 stato giustamente definito il poeta \u2013 contadino avendoli girati nel territorio rurale di Pozzolengo dove abita, \u00e8 stato presentato \u201cEmigranti\u201d realizzato nel 1963. Un film, permeato di poesia, che coglie un\u2019umanit\u00e0 povera costretta ad emigrare dalla propria terra in cerca di lavoro. L\u2019occhio di Piavoli, attraverso una cinepresa 8 millimetri, coglie un gruppo di persone che su un treno trascorrono un\u2019intera giornata, compresa la notte, per vederli giungere alla stazione di Milano, punto di snodo per la Svizzera e la Germania. Persone con gli occhi pieni di disperazione e di speranza di un futuro migliore che nel lungo percorso vivono una infinita solitudine. Agli anni Settanta appartiene invece \u201cNena\u201d (1984), introdotto dallo stesso regista Roberto Fontanelli, che racconta la vita di Nazzarena Casini, l\u2019ultima traghettatrice del Po, nata e vissuta a Salvatonica nel ferrarese, di cui Roberto Fontanelli coglie il profondo amore per il fiume e l\u2019intensa\u00a0umanit\u00e0.<\/p>\n<figure id=\"attachment_1003\" aria-describedby=\"caption-attachment-1003\" style=\"width: 587px\" class=\"wp-caption aligncenter\"><img loading=\"lazy\" decoding=\"async\" class=\"size-full wp-image-1003\" src=\"https:\/\/fedic.it\/magazine\/wp-content\/uploads\/2023\/06\/Dal-Cortometraggio-Nena.png\" alt=\"\" width=\"587\" height=\"497\" srcset=\"https:\/\/fedic.it\/magazine\/wp-content\/uploads\/2023\/06\/Dal-Cortometraggio-Nena.png 587w, https:\/\/fedic.it\/magazine\/wp-content\/uploads\/2023\/06\/Dal-Cortometraggio-Nena-300x254.png 300w\" sizes=\"auto, (max-width: 587px) 100vw, 587px\" \/><figcaption id=\"caption-attachment-1003\" class=\"wp-caption-text\">Dal Cortometraggio \u201cNena\u201d<\/figcaption><\/figure>\n<p>All\u2019epoca nostra appartengono invece \u201cLa Porziuncola\u201d di Lauro Crociani, girato sul luogo in cui Francesco D\u2019Assisi ebbe la vocazione. Ma anche \u201cStage 2022\u201d in cui Roberto Merlino ricostruisce lo svolgimento di uno Stage Fedic che Corte Tripoli Cinematografica organizza annualmente a Calci (Pisa). E \u201cSi, lo voglio\u201d, opera del 2022, realizzato da Rocco Olivieri e Vincenzo Cirilli, su soggetto e sceneggiatura di Enzo Bruno, che\u00a0coinvolge lo spettatore fino alla fine, quando si scopre l\u2019intimo segreto che unisce due uomini. \u00a0Uno sguardo sulla realt\u00e0 del riformatorio di Pesaro \u00e8 poi nel cortometraggio di Agostino Vincenzi che posa il suo sguardo pietoso su un\u2019umanit\u00e0 emarginata dalla Societ\u00e0,\u00a0del Cineclub \u201cCessare Pandolfi\u201d di Pesaro \u00e8 anche \u201cEl prem amor\u201d di Giorgio Ricci che traduce per lo schermo una poesia dialettale del pesarese Antonio Nicoli, ma anche la poesia della torinese Maddalena Beltramo dal titolo \u201cOgnisanti\u201d. Un\u2019altra opera di Giorgio Ricci \u00e8 \u201cIl ladro di biscotti\u201d, tratto da un racconto di Valerie Cox che ambienta alla stazione di Pesaro una storia coinvolgente e divertente basata su un equivoco. In programma poi altri tre cortometraggi, presentati dagli stessi autori. Di Claudio Venanzini \u201cDiagonia\u201d incentrato sulla musica in un\u2019opera sperimentale basata su \u201cdodici note ma nessun accordo possibile\u201d. \u00a0Della giovane Sonia Bertuccioli \u201cOcchio verde\u201d imperniato su \u201cuna realt\u00e0 distopica di un probabile futuro\u201d, e di Giorgio Bertuccioli \u201cNon tutte le ciambelle riescono col buco\u201d, una seconda indagine del Commissario Panizza, personaggio da lui inventato di una serie poliziesca.<\/p>\n","protected":false},"excerpt":{"rendered":"<p>di Paolo Micalizzi Un Cineclub Fedic che si sta facendo valere per la sua attivit\u00e0 \u00e8 il CineVideoClub Pesaro, di cui \u00e8 Presidente Giorgio Bertuccioli. L\u201911 marzo ha organizzato in quella citt\u00e0 marchigiana una Rassegna cinematografica di cortometraggi amatoriali Fedic che comprendeva 13 opere. Le proiezioni sono avvenute nel prestigioso Hotel Vittoria e hanno riguardato [&hellip;]<\/p>\n","protected":false},"author":4,"featured_media":0,"comment_status":"closed","ping_status":"closed","sticky":false,"template":"","format":"standard","meta":{"footnotes":""},"categories":[11],"tags":[29],"class_list":["post-1016","post","type-post","status-publish","format-standard","hentry","category-fedic","tag-fedic-magazine-41"],"yoast_head":"<!-- This site is optimized with the Yoast SEO plugin v27.5 - https:\/\/yoast.com\/product\/yoast-seo-wordpress\/ -->\n<title>TREDICI CORTOMETRAGGI DI AUTORI FEDIC DI IERI E DI OGGI IN UNA RASSEGNA DEL CINEVIDEOCLUB PESARO - Fedic Magazine<\/title>\n<meta name=\"robots\" content=\"index, follow, max-snippet:-1, max-image-preview:large, max-video-preview:-1\" \/>\n<link rel=\"canonical\" href=\"https:\/\/fedic.it\/magazine\/tredici-cortometraggi-di-autori-fedic-di-ieri-e-di-oggi-in-una-rassegna-del-cinevideoclub-pesaro\/\" \/>\n<meta property=\"og:locale\" content=\"it_IT\" \/>\n<meta property=\"og:type\" content=\"article\" \/>\n<meta property=\"og:title\" content=\"TREDICI CORTOMETRAGGI DI AUTORI FEDIC DI IERI E DI OGGI IN UNA RASSEGNA DEL CINEVIDEOCLUB PESARO - Fedic Magazine\" \/>\n<meta property=\"og:description\" content=\"di Paolo Micalizzi Un Cineclub Fedic che si sta facendo valere per la sua attivit\u00e0 \u00e8 il CineVideoClub Pesaro, di cui \u00e8 Presidente Giorgio Bertuccioli. L\u201911 marzo ha organizzato in quella citt\u00e0 marchigiana una Rassegna cinematografica di cortometraggi amatoriali Fedic che comprendeva 13 opere. Le proiezioni sono avvenute nel prestigioso Hotel Vittoria e hanno riguardato [&hellip;]\" \/>\n<meta property=\"og:url\" content=\"https:\/\/fedic.it\/magazine\/tredici-cortometraggi-di-autori-fedic-di-ieri-e-di-oggi-in-una-rassegna-del-cinevideoclub-pesaro\/\" \/>\n<meta property=\"og:site_name\" content=\"Fedic Magazine\" \/>\n<meta property=\"article:published_time\" content=\"2023-06-01T10:04:30+00:00\" \/>\n<meta property=\"og:image\" content=\"https:\/\/fedic.it\/magazine\/wp-content\/uploads\/2023\/06\/Dal-Cortometraggio-Nena.png\" \/>\n<meta name=\"author\" content=\"redazione\" \/>\n<meta name=\"twitter:card\" content=\"summary_large_image\" \/>\n<meta name=\"twitter:label1\" content=\"Scritto da\" \/>\n\t<meta name=\"twitter:data1\" content=\"redazione\" \/>\n\t<meta name=\"twitter:label2\" content=\"Tempo di lettura stimato\" \/>\n\t<meta name=\"twitter:data2\" content=\"4 minuti\" \/>\n<script type=\"application\/ld+json\" class=\"yoast-schema-graph\">{\"@context\":\"https:\\\/\\\/schema.org\",\"@graph\":[{\"@type\":\"Article\",\"@id\":\"https:\\\/\\\/fedic.it\\\/magazine\\\/tredici-cortometraggi-di-autori-fedic-di-ieri-e-di-oggi-in-una-rassegna-del-cinevideoclub-pesaro\\\/#article\",\"isPartOf\":{\"@id\":\"https:\\\/\\\/fedic.it\\\/magazine\\\/tredici-cortometraggi-di-autori-fedic-di-ieri-e-di-oggi-in-una-rassegna-del-cinevideoclub-pesaro\\\/\"},\"author\":{\"name\":\"redazione\",\"@id\":\"https:\\\/\\\/fedic.it\\\/magazine\\\/#\\\/schema\\\/person\\\/49d2a224aa980c875e12fa73c5601332\"},\"headline\":\"TREDICI CORTOMETRAGGI DI AUTORI FEDIC DI IERI E DI OGGI IN UNA RASSEGNA DEL CINEVIDEOCLUB PESARO\",\"datePublished\":\"2023-06-01T10:04:30+00:00\",\"mainEntityOfPage\":{\"@id\":\"https:\\\/\\\/fedic.it\\\/magazine\\\/tredici-cortometraggi-di-autori-fedic-di-ieri-e-di-oggi-in-una-rassegna-del-cinevideoclub-pesaro\\\/\"},\"wordCount\":651,\"publisher\":{\"@id\":\"https:\\\/\\\/fedic.it\\\/magazine\\\/#organization\"},\"image\":{\"@id\":\"https:\\\/\\\/fedic.it\\\/magazine\\\/tredici-cortometraggi-di-autori-fedic-di-ieri-e-di-oggi-in-una-rassegna-del-cinevideoclub-pesaro\\\/#primaryimage\"},\"thumbnailUrl\":\"https:\\\/\\\/fedic.it\\\/magazine\\\/wp-content\\\/uploads\\\/2023\\\/06\\\/Dal-Cortometraggio-Nena.png\",\"keywords\":[\"FEDIC Magazine 41\"],\"articleSection\":[\"Fedic\"],\"inLanguage\":\"it-IT\"},{\"@type\":\"WebPage\",\"@id\":\"https:\\\/\\\/fedic.it\\\/magazine\\\/tredici-cortometraggi-di-autori-fedic-di-ieri-e-di-oggi-in-una-rassegna-del-cinevideoclub-pesaro\\\/\",\"url\":\"https:\\\/\\\/fedic.it\\\/magazine\\\/tredici-cortometraggi-di-autori-fedic-di-ieri-e-di-oggi-in-una-rassegna-del-cinevideoclub-pesaro\\\/\",\"name\":\"TREDICI CORTOMETRAGGI DI AUTORI FEDIC DI IERI E DI OGGI IN UNA RASSEGNA DEL CINEVIDEOCLUB PESARO - Fedic Magazine\",\"isPartOf\":{\"@id\":\"https:\\\/\\\/fedic.it\\\/magazine\\\/#website\"},\"primaryImageOfPage\":{\"@id\":\"https:\\\/\\\/fedic.it\\\/magazine\\\/tredici-cortometraggi-di-autori-fedic-di-ieri-e-di-oggi-in-una-rassegna-del-cinevideoclub-pesaro\\\/#primaryimage\"},\"image\":{\"@id\":\"https:\\\/\\\/fedic.it\\\/magazine\\\/tredici-cortometraggi-di-autori-fedic-di-ieri-e-di-oggi-in-una-rassegna-del-cinevideoclub-pesaro\\\/#primaryimage\"},\"thumbnailUrl\":\"https:\\\/\\\/fedic.it\\\/magazine\\\/wp-content\\\/uploads\\\/2023\\\/06\\\/Dal-Cortometraggio-Nena.png\",\"datePublished\":\"2023-06-01T10:04:30+00:00\",\"breadcrumb\":{\"@id\":\"https:\\\/\\\/fedic.it\\\/magazine\\\/tredici-cortometraggi-di-autori-fedic-di-ieri-e-di-oggi-in-una-rassegna-del-cinevideoclub-pesaro\\\/#breadcrumb\"},\"inLanguage\":\"it-IT\",\"potentialAction\":[{\"@type\":\"ReadAction\",\"target\":[\"https:\\\/\\\/fedic.it\\\/magazine\\\/tredici-cortometraggi-di-autori-fedic-di-ieri-e-di-oggi-in-una-rassegna-del-cinevideoclub-pesaro\\\/\"]}]},{\"@type\":\"ImageObject\",\"inLanguage\":\"it-IT\",\"@id\":\"https:\\\/\\\/fedic.it\\\/magazine\\\/tredici-cortometraggi-di-autori-fedic-di-ieri-e-di-oggi-in-una-rassegna-del-cinevideoclub-pesaro\\\/#primaryimage\",\"url\":\"https:\\\/\\\/fedic.it\\\/magazine\\\/wp-content\\\/uploads\\\/2023\\\/06\\\/Dal-Cortometraggio-Nena.png\",\"contentUrl\":\"https:\\\/\\\/fedic.it\\\/magazine\\\/wp-content\\\/uploads\\\/2023\\\/06\\\/Dal-Cortometraggio-Nena.png\",\"width\":587,\"height\":497,\"caption\":\"Dal Cortometraggio \u201cNena\u201d\"},{\"@type\":\"BreadcrumbList\",\"@id\":\"https:\\\/\\\/fedic.it\\\/magazine\\\/tredici-cortometraggi-di-autori-fedic-di-ieri-e-di-oggi-in-una-rassegna-del-cinevideoclub-pesaro\\\/#breadcrumb\",\"itemListElement\":[{\"@type\":\"ListItem\",\"position\":1,\"name\":\"Home\",\"item\":\"https:\\\/\\\/fedic.it\\\/magazine\\\/\"},{\"@type\":\"ListItem\",\"position\":2,\"name\":\"TREDICI CORTOMETRAGGI DI AUTORI FEDIC DI IERI E DI OGGI IN UNA RASSEGNA DEL CINEVIDEOCLUB PESARO\"}]},{\"@type\":\"WebSite\",\"@id\":\"https:\\\/\\\/fedic.it\\\/magazine\\\/#website\",\"url\":\"https:\\\/\\\/fedic.it\\\/magazine\\\/\",\"name\":\"Fedic Magazine\",\"description\":\"Il blog della Federazione Italiana dei Cineclub\",\"publisher\":{\"@id\":\"https:\\\/\\\/fedic.it\\\/magazine\\\/#organization\"},\"potentialAction\":[{\"@type\":\"SearchAction\",\"target\":{\"@type\":\"EntryPoint\",\"urlTemplate\":\"https:\\\/\\\/fedic.it\\\/magazine\\\/?s={search_term_string}\"},\"query-input\":{\"@type\":\"PropertyValueSpecification\",\"valueRequired\":true,\"valueName\":\"search_term_string\"}}],\"inLanguage\":\"it-IT\"},{\"@type\":\"Organization\",\"@id\":\"https:\\\/\\\/fedic.it\\\/magazine\\\/#organization\",\"name\":\"Fedic Magazine\",\"url\":\"https:\\\/\\\/fedic.it\\\/magazine\\\/\",\"logo\":{\"@type\":\"ImageObject\",\"inLanguage\":\"it-IT\",\"@id\":\"https:\\\/\\\/fedic.it\\\/magazine\\\/#\\\/schema\\\/logo\\\/image\\\/\",\"url\":\"https:\\\/\\\/fedic.it\\\/magazine\\\/wp-content\\\/uploads\\\/2021\\\/07\\\/logo-fedic-magazine-ok.jpg\",\"contentUrl\":\"https:\\\/\\\/fedic.it\\\/magazine\\\/wp-content\\\/uploads\\\/2021\\\/07\\\/logo-fedic-magazine-ok.jpg\",\"width\":405,\"height\":110,\"caption\":\"Fedic Magazine\"},\"image\":{\"@id\":\"https:\\\/\\\/fedic.it\\\/magazine\\\/#\\\/schema\\\/logo\\\/image\\\/\"}},{\"@type\":\"Person\",\"@id\":\"https:\\\/\\\/fedic.it\\\/magazine\\\/#\\\/schema\\\/person\\\/49d2a224aa980c875e12fa73c5601332\",\"name\":\"redazione\",\"image\":{\"@type\":\"ImageObject\",\"inLanguage\":\"it-IT\",\"@id\":\"https:\\\/\\\/secure.gravatar.com\\\/avatar\\\/3df0bdaff167c479390d8c1d9ba8338511cc6ea40b290cd3d84683663005fd1c?s=96&d=mm&r=g\",\"url\":\"https:\\\/\\\/secure.gravatar.com\\\/avatar\\\/3df0bdaff167c479390d8c1d9ba8338511cc6ea40b290cd3d84683663005fd1c?s=96&d=mm&r=g\",\"contentUrl\":\"https:\\\/\\\/secure.gravatar.com\\\/avatar\\\/3df0bdaff167c479390d8c1d9ba8338511cc6ea40b290cd3d84683663005fd1c?s=96&d=mm&r=g\",\"caption\":\"redazione\"},\"url\":\"https:\\\/\\\/fedic.it\\\/magazine\\\/author\\\/redazione\\\/\"}]}<\/script>\n<!-- \/ Yoast SEO plugin. -->","yoast_head_json":{"title":"TREDICI CORTOMETRAGGI DI AUTORI FEDIC DI IERI E DI OGGI IN UNA RASSEGNA DEL CINEVIDEOCLUB PESARO - Fedic Magazine","robots":{"index":"index","follow":"follow","max-snippet":"max-snippet:-1","max-image-preview":"max-image-preview:large","max-video-preview":"max-video-preview:-1"},"canonical":"https:\/\/fedic.it\/magazine\/tredici-cortometraggi-di-autori-fedic-di-ieri-e-di-oggi-in-una-rassegna-del-cinevideoclub-pesaro\/","og_locale":"it_IT","og_type":"article","og_title":"TREDICI CORTOMETRAGGI DI AUTORI FEDIC DI IERI E DI OGGI IN UNA RASSEGNA DEL CINEVIDEOCLUB PESARO - Fedic Magazine","og_description":"di Paolo Micalizzi Un Cineclub Fedic che si sta facendo valere per la sua attivit\u00e0 \u00e8 il CineVideoClub Pesaro, di cui \u00e8 Presidente Giorgio Bertuccioli. L\u201911 marzo ha organizzato in quella citt\u00e0 marchigiana una Rassegna cinematografica di cortometraggi amatoriali Fedic che comprendeva 13 opere. Le proiezioni sono avvenute nel prestigioso Hotel Vittoria e hanno riguardato [&hellip;]","og_url":"https:\/\/fedic.it\/magazine\/tredici-cortometraggi-di-autori-fedic-di-ieri-e-di-oggi-in-una-rassegna-del-cinevideoclub-pesaro\/","og_site_name":"Fedic Magazine","article_published_time":"2023-06-01T10:04:30+00:00","og_image":[{"url":"https:\/\/fedic.it\/magazine\/wp-content\/uploads\/2023\/06\/Dal-Cortometraggio-Nena.png","type":"","width":"","height":""}],"author":"redazione","twitter_card":"summary_large_image","twitter_misc":{"Scritto da":"redazione","Tempo di lettura stimato":"4 minuti"},"schema":{"@context":"https:\/\/schema.org","@graph":[{"@type":"Article","@id":"https:\/\/fedic.it\/magazine\/tredici-cortometraggi-di-autori-fedic-di-ieri-e-di-oggi-in-una-rassegna-del-cinevideoclub-pesaro\/#article","isPartOf":{"@id":"https:\/\/fedic.it\/magazine\/tredici-cortometraggi-di-autori-fedic-di-ieri-e-di-oggi-in-una-rassegna-del-cinevideoclub-pesaro\/"},"author":{"name":"redazione","@id":"https:\/\/fedic.it\/magazine\/#\/schema\/person\/49d2a224aa980c875e12fa73c5601332"},"headline":"TREDICI CORTOMETRAGGI DI AUTORI FEDIC DI IERI E DI OGGI IN UNA RASSEGNA DEL CINEVIDEOCLUB PESARO","datePublished":"2023-06-01T10:04:30+00:00","mainEntityOfPage":{"@id":"https:\/\/fedic.it\/magazine\/tredici-cortometraggi-di-autori-fedic-di-ieri-e-di-oggi-in-una-rassegna-del-cinevideoclub-pesaro\/"},"wordCount":651,"publisher":{"@id":"https:\/\/fedic.it\/magazine\/#organization"},"image":{"@id":"https:\/\/fedic.it\/magazine\/tredici-cortometraggi-di-autori-fedic-di-ieri-e-di-oggi-in-una-rassegna-del-cinevideoclub-pesaro\/#primaryimage"},"thumbnailUrl":"https:\/\/fedic.it\/magazine\/wp-content\/uploads\/2023\/06\/Dal-Cortometraggio-Nena.png","keywords":["FEDIC Magazine 41"],"articleSection":["Fedic"],"inLanguage":"it-IT"},{"@type":"WebPage","@id":"https:\/\/fedic.it\/magazine\/tredici-cortometraggi-di-autori-fedic-di-ieri-e-di-oggi-in-una-rassegna-del-cinevideoclub-pesaro\/","url":"https:\/\/fedic.it\/magazine\/tredici-cortometraggi-di-autori-fedic-di-ieri-e-di-oggi-in-una-rassegna-del-cinevideoclub-pesaro\/","name":"TREDICI CORTOMETRAGGI DI AUTORI FEDIC DI IERI E DI OGGI IN UNA RASSEGNA DEL CINEVIDEOCLUB PESARO - Fedic Magazine","isPartOf":{"@id":"https:\/\/fedic.it\/magazine\/#website"},"primaryImageOfPage":{"@id":"https:\/\/fedic.it\/magazine\/tredici-cortometraggi-di-autori-fedic-di-ieri-e-di-oggi-in-una-rassegna-del-cinevideoclub-pesaro\/#primaryimage"},"image":{"@id":"https:\/\/fedic.it\/magazine\/tredici-cortometraggi-di-autori-fedic-di-ieri-e-di-oggi-in-una-rassegna-del-cinevideoclub-pesaro\/#primaryimage"},"thumbnailUrl":"https:\/\/fedic.it\/magazine\/wp-content\/uploads\/2023\/06\/Dal-Cortometraggio-Nena.png","datePublished":"2023-06-01T10:04:30+00:00","breadcrumb":{"@id":"https:\/\/fedic.it\/magazine\/tredici-cortometraggi-di-autori-fedic-di-ieri-e-di-oggi-in-una-rassegna-del-cinevideoclub-pesaro\/#breadcrumb"},"inLanguage":"it-IT","potentialAction":[{"@type":"ReadAction","target":["https:\/\/fedic.it\/magazine\/tredici-cortometraggi-di-autori-fedic-di-ieri-e-di-oggi-in-una-rassegna-del-cinevideoclub-pesaro\/"]}]},{"@type":"ImageObject","inLanguage":"it-IT","@id":"https:\/\/fedic.it\/magazine\/tredici-cortometraggi-di-autori-fedic-di-ieri-e-di-oggi-in-una-rassegna-del-cinevideoclub-pesaro\/#primaryimage","url":"https:\/\/fedic.it\/magazine\/wp-content\/uploads\/2023\/06\/Dal-Cortometraggio-Nena.png","contentUrl":"https:\/\/fedic.it\/magazine\/wp-content\/uploads\/2023\/06\/Dal-Cortometraggio-Nena.png","width":587,"height":497,"caption":"Dal Cortometraggio \u201cNena\u201d"},{"@type":"BreadcrumbList","@id":"https:\/\/fedic.it\/magazine\/tredici-cortometraggi-di-autori-fedic-di-ieri-e-di-oggi-in-una-rassegna-del-cinevideoclub-pesaro\/#breadcrumb","itemListElement":[{"@type":"ListItem","position":1,"name":"Home","item":"https:\/\/fedic.it\/magazine\/"},{"@type":"ListItem","position":2,"name":"TREDICI CORTOMETRAGGI DI AUTORI FEDIC DI IERI E DI OGGI IN UNA RASSEGNA DEL CINEVIDEOCLUB PESARO"}]},{"@type":"WebSite","@id":"https:\/\/fedic.it\/magazine\/#website","url":"https:\/\/fedic.it\/magazine\/","name":"Fedic Magazine","description":"Il blog della Federazione Italiana dei Cineclub","publisher":{"@id":"https:\/\/fedic.it\/magazine\/#organization"},"potentialAction":[{"@type":"SearchAction","target":{"@type":"EntryPoint","urlTemplate":"https:\/\/fedic.it\/magazine\/?s={search_term_string}"},"query-input":{"@type":"PropertyValueSpecification","valueRequired":true,"valueName":"search_term_string"}}],"inLanguage":"it-IT"},{"@type":"Organization","@id":"https:\/\/fedic.it\/magazine\/#organization","name":"Fedic Magazine","url":"https:\/\/fedic.it\/magazine\/","logo":{"@type":"ImageObject","inLanguage":"it-IT","@id":"https:\/\/fedic.it\/magazine\/#\/schema\/logo\/image\/","url":"https:\/\/fedic.it\/magazine\/wp-content\/uploads\/2021\/07\/logo-fedic-magazine-ok.jpg","contentUrl":"https:\/\/fedic.it\/magazine\/wp-content\/uploads\/2021\/07\/logo-fedic-magazine-ok.jpg","width":405,"height":110,"caption":"Fedic Magazine"},"image":{"@id":"https:\/\/fedic.it\/magazine\/#\/schema\/logo\/image\/"}},{"@type":"Person","@id":"https:\/\/fedic.it\/magazine\/#\/schema\/person\/49d2a224aa980c875e12fa73c5601332","name":"redazione","image":{"@type":"ImageObject","inLanguage":"it-IT","@id":"https:\/\/secure.gravatar.com\/avatar\/3df0bdaff167c479390d8c1d9ba8338511cc6ea40b290cd3d84683663005fd1c?s=96&d=mm&r=g","url":"https:\/\/secure.gravatar.com\/avatar\/3df0bdaff167c479390d8c1d9ba8338511cc6ea40b290cd3d84683663005fd1c?s=96&d=mm&r=g","contentUrl":"https:\/\/secure.gravatar.com\/avatar\/3df0bdaff167c479390d8c1d9ba8338511cc6ea40b290cd3d84683663005fd1c?s=96&d=mm&r=g","caption":"redazione"},"url":"https:\/\/fedic.it\/magazine\/author\/redazione\/"}]}},"jetpack_featured_media_url":"","_links":{"self":[{"href":"https:\/\/fedic.it\/magazine\/wp-json\/wp\/v2\/posts\/1016","targetHints":{"allow":["GET"]}}],"collection":[{"href":"https:\/\/fedic.it\/magazine\/wp-json\/wp\/v2\/posts"}],"about":[{"href":"https:\/\/fedic.it\/magazine\/wp-json\/wp\/v2\/types\/post"}],"author":[{"embeddable":true,"href":"https:\/\/fedic.it\/magazine\/wp-json\/wp\/v2\/users\/4"}],"replies":[{"embeddable":true,"href":"https:\/\/fedic.it\/magazine\/wp-json\/wp\/v2\/comments?post=1016"}],"version-history":[{"count":1,"href":"https:\/\/fedic.it\/magazine\/wp-json\/wp\/v2\/posts\/1016\/revisions"}],"predecessor-version":[{"id":1017,"href":"https:\/\/fedic.it\/magazine\/wp-json\/wp\/v2\/posts\/1016\/revisions\/1017"}],"wp:attachment":[{"href":"https:\/\/fedic.it\/magazine\/wp-json\/wp\/v2\/media?parent=1016"}],"wp:term":[{"taxonomy":"category","embeddable":true,"href":"https:\/\/fedic.it\/magazine\/wp-json\/wp\/v2\/categories?post=1016"},{"taxonomy":"post_tag","embeddable":true,"href":"https:\/\/fedic.it\/magazine\/wp-json\/wp\/v2\/tags?post=1016"}],"curies":[{"name":"wp","href":"https:\/\/api.w.org\/{rel}","templated":true}]}}